{"id":240503,"date":"2021-12-08T16:47:17","date_gmt":"2021-12-08T16:47:17","guid":{"rendered":"https:\/\/dimensionturistica.com\/es\/?p=240503"},"modified":"2021-12-08T16:47:18","modified_gmt":"2021-12-08T16:47:18","slug":"catalina-arenas-y-juan-ospina-colombianos-a-los-que-le-pagan-por-viajar-santander-colombia","status":"publish","type":"post","link":"https:\/\/dimensionturistica.com\/es\/catalina-arenas-y-juan-ospina-colombianos-a-los-que-le-pagan-por-viajar-santander-colombia\/","title":{"rendered":"Catalina Arenas y Juan Ospina, colombianos a los que le pagan por viajar &#8211; Santander &#8211; Colombia"},"content":{"rendered":"<p> <br \/>\n<\/p>\n<div itemprop=\"articleBody\">\n<p class=\"contenido \" id=\"p637597-m488-487-489\">Juan Karim Ospina y Catalina Arenas tienen el <b>trabajo so\u00f1ado por muchos<\/b>: les pagan por viajar.<\/p>\n<p>Esta pareja de amigos son santandereanos, se conocieron en Bucaramanga cuando ten\u00edan menos de 20 a\u00f1os, pero desde all\u00ed creyeron en un sue\u00f1o juntos: hacer que los extranjeros se enamoren de Colombia y de su <b>forma de viajar.<\/b><\/p>\n<div class=\"articulo-quote \" id=\"p637597-m532-2-533\">\n<div class=\"quote-bk\">\n<p id=\"m537-536-538\" class=\"mensaje \">Comprend\u00ed que viajar es mi pasi\u00f3n; y ahora, mostrarle Colombia al mundo<\/p>\n<\/div>\n<\/div>\n<p class=\"contenido \" id=\"p637597-m556-3-557\">Catalina, o Cata, como le dicen los viajeros y sus amigos, es comunicadora social, tiene 33 a\u00f1os, y Juan es administrador de empresas y tiene 30 a\u00f1os. Sus carreras las integran a su empresa, <b>Feelin Travels.<\/b><\/p>\n<p>(Le puede interesar: <a rel=\"nofollow noopener\" target=\"_blank\" href=\"https:\/\/www.eltiempo.com\/colombia\/santander\/colombiano-ha-ganado-mas-de-45-millones-de-pesos-por-esta-foto-587241\">As\u00ed gan\u00e9 45 millones de pesos con una foto que tom\u00e9 en un paseo)<\/a><\/p>\n<p>Feelin naci\u00f3 como un sue\u00f1o de ambos; fue en el 2016, cuando Catalina trabajaba para una entidad en la que debi\u00f3 guiar la visita de unos turistas extranjeros y cuando Juan trabajaba para una aerol\u00ednea en la que comenz\u00f3 a conocer los rincones del pa\u00eds.<\/p>\n<p>\u201cPrefer\u00eda irme a cualquier lugar donde hubiera cupo en el avi\u00f3n que quedarme de rumba con mis amigos, ah\u00ed comprend\u00ed que viajar es mi pasi\u00f3n; y ahora, mostrarle Colombia al mundo\u201d, cube Juan.<\/p>\n<p>Juan quer\u00eda abrir los viajes inicialmente en Santander, pero Cata ya hab\u00eda tenido una experiencia en Bogot\u00e1 con ese grupo de extranjeros, as\u00ed que decidieron comenzar por la capital, donde ambos viv\u00edan.<\/p>\n<p>\u201cJuan quer\u00eda abrir Feelin con los amigos, pero como que nadie le sigui\u00f3 la cuerda, as\u00ed que le hicimos, al principio por negocio, pero ahora lo amamos y disfrutamos con los viajeros\u201d, cuenta Cata desde una playa donde atiende esta entrevista.<\/p>\n<p>Ambos recuerdan el primer viaje como <b>el comienzo de un sue\u00f1o<\/b> que emprendieron a las rocas de Suesca, en Cundinamarca. Eran 10 estadounidenses, a los que adentraron a las cuevas y los retaron a hacer deportes extremos; solo dur\u00f3 24 horas y, aunque no inclu\u00eda quedada, fue toda una aventura.<\/p>\n<p>(Adem\u00e1s: <a rel=\"nofollow noopener\" target=\"_blank\" href=\"https:\/\/www.eltiempo.com\/colombia\/santander\/zirus-pizza-historia-del-empresario-colombiano-rafael-mendoza-567667\">Vend\u00eda tamales y hoy tiene pizzer\u00edas que venden 10 mil millones)<\/a><\/p>\n<div class=\"fotografia vertical \" id=\"p637597-m562-4-563\">\n<div class=\"imagen-cuerpo-bk\">\n<figure itemscope=\"\" itemtype=\"https:\/\/schema.org\/ImageObject\" itemprop=\"image\" id=\"m567-566-568\" class=\"foto-galeria-articulo \"><img decoding=\"async\" alt=\"Juan y Cata\" src=\"data:image\/png;base64,iVBORw0KGgoAAAANSUhEUgAAAAIAAAABCAQAAABeK7cBAAAAC0lEQVR42mNkAAIAAAoAAv\/lxKUAAAAASUVORK5CYII=\" style=\" display: inline;\" width=\"312px\" height=\"470px\" data-original=\"\/files\/article_vertical_content_new\/uploads\/2021\/12\/07\/61affd9822559.jpeg\"\/><meta itemprop=\"width\" content=\"312\"\/><meta itemprop=\"height\" content=\"470\"\/><meta itemprop=\"url\" content=\"https:\/\/www.eltiempo.com\/files\/article_vertical_content_new\/uploads\/2021\/12\/07\/61affd9822559.jpeg\"\/><\/figure>\n<\/div>\n<div class=\"figcaption-cuerpo-bk credito-image-bk\"><figcaption class=\"foto-info\">\n<div class=\"titulo-foto-bk\">\n<p id=\"m574-1-575\" class=\"titulo \">Cata y Juan comienzan el d\u00eda haciendo ejercicio en sus viajes.<\/p>\n<\/div>\n<div class=\"credito-apertura-strong-bk credito-image-bk\">\n<strong>Foto:<\/strong><\/p>\n<p id=\"m580-2-581\" class=\"autor \">Cortes\u00eda Feelin Travels.<\/p>\n<\/div>\n<\/figcaption><\/div>\n<\/div>\n<p class=\"contenido \" id=\"p637597-m588-5-589\">Estos estadounidenses eran los mismos que Cata estaba guiando en Bogot\u00e1, y con ellos comenz\u00f3 este reto que hoy completa m\u00e1s de <b>1.000 viajeros en 120 viajes <\/b>por Colombia.<\/p>\n<p>Hay muchos viajes que recuerdan con cari\u00f1o, pero sin duda, el primero en el que incluyeron quedada fue el decisivo.<\/p>\n<p>Period una ma\u00f1ana de noviembre de 2017, Cata y Juan recibieron una solicitud de 4 viajeros que los contactaron porque hab\u00edan escuchado de ellos por otros amigos extranjeros; quer\u00edan ir a hacer kitesurf, que es una pr\u00e1ctica deportiva sobre una tabla de surf que va anclada a una cometa gigante y que se hace sobre el agua.<\/p>\n<p>(Adem\u00e1s: <a rel=\"nofollow noopener\" target=\"_blank\" href=\"https:\/\/www.eltiempo.com\/colombia\/santander\/nelson-crispin-el-bullying-lo-llevo-a-la-natacion-y-es-campeon-614016\">El &#8216;bullying&#8217; lo llev\u00f3 a la nataci\u00f3n, y se convirti\u00f3 en campe\u00f3n paral\u00edmpico)<\/a><\/p>\n<p>No ten\u00edan mucho capital para comenzar a hacer viajes lejos de Bogot\u00e1, as\u00ed que con algo menos de un mill\u00f3n de pesos, un carro Sandero modelo 2009 coloration gris que hab\u00eda acompa\u00f1ado a Juan durante toda la universidad y una peque\u00f1a maleta con algo de ropa y paquetes de comida para el camino, arrancaron hacia Chivor, ubicado en el departamento de Boyac\u00e1, donde hay un embalse en el cual se practica kitesurf.<\/p>\n<p>Recuerdan que eran 4 viajeros que <b>como pudieron se metieron en el carro <\/b>y arrancaron. El capital con el que empezaron fue destinado para pagar las reservas del lodge, tanquear el carro y pagar los peajes.<\/p>\n<p>\u201cEn los primeros 10 viajes siempre hubo cosas por mejorar; era un aprendizaje diario, nosotros \u00edbamos conociendo a la par con los viajeros las idiosincrasias de cada cultura, pero ya luego le \u00edbamos cogiendo el tiro\u201d, cuenta Juan.<\/p>\n<p>Incluso hubo un viaje que lo dej\u00f3 marcado porque nunca antes le hab\u00edan dado propina. \u201cRecuerdo un viaje al Eje Cafetero en el que todo nos sali\u00f3 perfecto y nos dieron una propina de 400.000 pesos, fue mi primera vez. Ese d\u00eda sal\u00ed graduado en organizaci\u00f3n de paseos\u201d, cube Juan entre risas.<\/p>\n<p>(Adem\u00e1s: <a rel=\"nofollow noopener\" target=\"_blank\" href=\"https:\/\/www.eltiempo.com\/colombia\/otras-ciudades\/cuanto-demora-agendar-una-cita-para-sacar-el-pasaporte-en-colombia-635477\">El drama para agendar una cita para sacar el pasaporte)<\/a><\/p>\n<p>Feelin es m\u00e1s que simplemente viajes acompa\u00f1ados de Juan y Cata, \u201cla gente quiere es la forma en la que Juan y Cata viajan, son viajes con sentido, por eso nuestro eslogan: \u2018The way we travel\u2019, que traduce: \u2018La forma en que viajamos\u201d, cuenta Cata.<\/p>\n<p>Y es que viajar con Cata y Juan es viajar con todo un cronograma de actividades distintas que alimentan el alma.<\/p>\n<p>\u201cPara nosotros es muy importante la parte emocional, los viajes se vuelven inolvidables por eso que sientes mientras viajas. Por ejemplo, sabemos que hacer ejercicio apenas comienza el d\u00eda es muy importante para alimentar el alma, y as\u00ed comenzamos los paseos y luego meditamos\u201d, dice Cata.<\/p>\n<p>Y es que en la p\u00e1gina de Feelin se puede encontrar toda una serie de actividades que incluye viajar de la forma como ellos lo hacen, entre las que se destacan: sesiones de ejercicio, experiencias locales y sesiones de meditaci\u00f3n, adem\u00e1s de explorar la gastronom\u00eda local.<\/p>\n<p>\u201cJuan es muy espiritual, es cristiano y \u00e9l ha hecho que yo reciba a Dios de una manera diferente. Nosotros nos dimos cuenta de que mucha gente busca alimentar ese esp\u00edritu, as\u00ed que comenzamos a ofrecer esta manera en la que nosotros viajamos, esta es nuestra esencia\u201d, dice Cata.<\/p>\n<p class=\"contenido \" id=\"p637597-m600-7-601\">En la pandemia no pudieron hacer viajes, as\u00ed que se concentraron en reinventar la forma de viajar y con eso lleg\u00f3 la experiencia social, dejarles un poco de \u2018Cata y Juan\u2019 a los locales.<\/p>\n<p>As\u00ed crearon Feelin Colombia, que estuvo dedicada a llevar a sus viajes a colombianos. Ambos concuerdan en que su \u2018traga maluca\u2019 es San Andr\u00e9s, que se convirti\u00f3 en un destino de los m\u00e1s pedidos por locales y extranjeros.<\/p>\n<p>Justamente el primer viaje fue a San Andr\u00e9s, luego de que habilitaron viajes nacionales, fue cuando comenzaron con toda la <b>experiencia social.<br \/><\/b><br \/>\u201cHicimos una alianza con una fundaci\u00f3n que restaura corales, y con ellos tenemos una experiencia que es ir a la guarder\u00eda de corales, careteamos y aparte de eso nos hacen un curso de apnea, es algo completamente retador y hace que la gente ame esta actividad\u201d, cuenta Cata.<\/p>\n<p>Viajar de la mano de Cata y Juan significa <b>confianza para los extranjeros<\/b>, poder desayunar en una plaza de mercado o hacer compras a vendedores ambulantes o artesanos sin sentir que pueden correr alg\u00fan peligro o ser estafados.<\/p>\n<p>En Bogot\u00e1, los extranjeros pueden comer un buen ajiaco en la plaza de La Perseverancia o caminar por las calles de La Candelaria mientras disfrutan de un buen caf\u00e9.<\/p>\n<p>Y si el destino es Santander, los espera un desayuno con caldo, arepa, carne oreada y yuca cocida en el Mercado Campesino de la <b>Mesa de Los Santos.<\/b><\/p>\n<p>Cata y Juan viajan al menos dos veces al mes, pero saben que \u201cun viaje puede cambiar la vida\u201d, por eso dejan todo de s\u00ed en cada hora que pasan junto con sus viajeros para darles una experiencia de vida que va m\u00e1s all\u00e1 de unas vacaciones o un fin de semana para salir de la ciudad.<\/p>\n<p>\u201cUn viaje te abre la mente, te relaciona, te da nuevas ideas, te puede cambiar la vida, y eso es lo que ha hecho en nosotros. A Cata le cambi\u00f3 la vida, a m\u00ed me cambi\u00f3 la vida, solo ver el mar te cambia todo\u201d, cube Juan.<\/p>\n<div class=\"fotografia vertical \" id=\"p637597-m606-8-607\">\n<div class=\"imagen-cuerpo-bk\">\n<figure itemscope=\"\" itemtype=\"https:\/\/schema.org\/ImageObject\" itemprop=\"image\" id=\"m611-610-612\" class=\"foto-galeria-articulo \"><img decoding=\"async\" alt=\"Cata y Juan\" src=\"data:image\/png;base64,iVBORw0KGgoAAAANSUhEUgAAAAIAAAABCAQAAABeK7cBAAAAC0lEQVR42mNkAAIAAAoAAv\/lxKUAAAAASUVORK5CYII=\" style=\" display: inline;\" width=\"312px\" height=\"470px\" data-original=\"\/files\/article_vertical_content_new\/uploads\/2021\/12\/07\/61b001491461a.jpeg\"\/><meta itemprop=\"width\" content=\"312\"\/><meta itemprop=\"height\" content=\"470\"\/><meta itemprop=\"url\" content=\"https:\/\/www.eltiempo.com\/files\/article_vertical_content_new\/uploads\/2021\/12\/07\/61b001491461a.jpeg\"\/><\/figure>\n<\/div>\n<div class=\"figcaption-cuerpo-bk credito-image-bk\"><figcaption class=\"foto-info\">\n<div class=\"titulo-foto-bk\">\n<p id=\"m618-1-619\" class=\"titulo \">Cata y Juan con un grupo de viajeros en el 2019 en las rocas de Suesca, Cundinamarca.<\/p>\n<\/div>\n<div class=\"credito-apertura-strong-bk credito-image-bk\">\n<strong>Foto:<\/strong><\/p>\n<p id=\"m624-2-625\" class=\"autor \">Cortes\u00eda: Feelin Travels<\/p>\n<\/div>\n<\/figcaption><\/div>\n<\/div>\n<p class=\"contenido \" id=\"p637597-m632-9-633\"><b>Abren su calendario a principio de a\u00f1o, <\/b>pero si hay un grupo de viajeros pueden contactarlos en la p\u00e1gina internet, en la cual hay un formulario con preguntas sobre las preferencias, y Cata y Juan les arman el paseo y abren fechas espec\u00edficas para esos grupos.<\/p>\n<p>Depende de la cantidad de personas y del destino, alquilan carros o unas busetas tipo van en las que movilizan a los viajeros para que la experiencia por tierra sea aut\u00f3ctona, con parada en restaurante y mirador para tomar fotos.<\/p>\n<p>Una vez acepten viajar con ellos, hacen una videollamada para explicarles y conocerse; as\u00ed, cuando se vean para viajar ya hay una conexi\u00f3n previa.<\/p>\n<p>(Lea tambi\u00e9n: <a rel=\"nofollow noopener\" target=\"_blank\" href=\"https:\/\/www.eltiempo.com\/colombia\/medellin\/pablo-escobar-fotos-ineditas-del-narcotraficante-tomadas-por-el-chino-636021\">La historia del hombre que le tom\u00f3 una foto dormido al capo Pablo Escobar)<\/a><\/p>\n<p>\u201cLos extranjeros son muy estructurados, ellos quieren un listado de lo que van a hacer y c\u00f3mo lo van a hacer, eso nos ha ayudado a ser muy estructurados, hemos aprendido de esa organizaci\u00f3n de ellos\u201d, cube Juan.<\/p>\n<p>La rentabilidad es ampl\u00eda, aunque su mayor ganancia es conocer y que les paguen por hacer lo que m\u00e1s les gusta, viajar.<\/p>\n<p>Pero no todo es coloration rosa para Cata y Juan. \u201cEn Colombia es m\u00e1s dif\u00edcil vender un plan Feelin que en el exterior, porque la gente en Colombia est\u00e1 acostumbrada a que si hay que pagar mucho, se van a otro destino fuera del pa\u00eds\u201d, cube Cata.<\/p>\n<p>Aunque el mercado de ellos es el extranjero que quiere viajar como native pero de forma segura, su esperanza es poder llevar a sus compatriotas a conocer los rincones del pa\u00eds de una forma diferente.<\/p>\n<p>\u201cUno entiende que a veces salga m\u00e1s barato ir a Miami que a San Andr\u00e9s, y tiene que ver mucho con los costos del tiquete y la tarjeta de entrada. El Gobierno debe analizar para poder bajar estos valores y fomentar m\u00e1s el turismo local, apoyarnos m\u00e1s en esa econom\u00eda entre nosotros mismos\u201d, agrega Juan.<\/p>\n<p>Cuando comenzaron debieron ahorrar mucho sus costos de viaje, tanto as\u00ed que <b>muchas veces pasaban sin comer.<\/b><\/p>\n<p>\u201cMe hac\u00eda la que estaba haciendo ayuno intermitente para ahorrar costos, o compart\u00edamos comida con Kari (Juan), pero \u00e9l terminaba comi\u00e9ndosela toda porque tiene m\u00e1s apetito que yo\u201d, cube Cata ri\u00e9ndose.<\/p>\n<div class=\"articulo-quote \" id=\"p637597-m638-10-639\">\n<div class=\"quote-bk\">\n<p id=\"m643-642-644\" class=\"mensaje \">Feelin es la forma en la que Juan y Cata viajan. Creamos escenarios que facilitan la conexi\u00f3n de la gente consigo misma y su entorno.<\/p>\n<\/div>\n<\/div>\n<p class=\"contenido \" id=\"p637597-m662-11-663\">Viajar con Juan y Cata tiene costos de entre 300 y 400 d\u00f3lares para destinos nacionales como Santa Marta y San Andr\u00e9s, para dos noches y tres d\u00edas, incluido el paquete Feelin, que es ejercicio, impacto social y meditaci\u00f3n, adem\u00e1s de todas las actividades que incluye el paseo.<\/p>\n<p>Esta pareja de amigos santandereanos quiere seguir creciendo y llevando a m\u00e1s viajeros a \u201cconocerse conociendo\u201d.<\/p>\n<p>\u201cFeelin es la forma en la que Juan y Cata viajan. Creamos escenarios que facilitan la conexi\u00f3n de la gente consigo misma y su entorno, a trav\u00e9s de ejercicio, de impacto social y de espiritualidad, relacionarse con otros que nunca has visto, eso es Feelin, eso somos nosotros, eso transmitimos a los viajeros\u201d, concluyen.<\/p>\n<p>MAR\u00cdA ALEJANDRA RODR\u00cdGUEZ\u00a0<br \/>REDACTORA NACI\u00d3N\u00a0<br \/>EL TIEMPO\u00a0<br \/>En Twitter: <a rel=\"nofollow noopener\" target=\"_blank\" href=\"https:\/\/twitter.com\/MariasRodriguez\">@mariasrodriguez<\/a><\/p>\n<\/div>\n<p><script async src=\"\/\/platform.twitter.com\/widgets.js\" charset=\"utf-8\"><\/script><br \/>\n<br \/><\/p>\n<p><em> &#8221; Fuentes www.eltiempo.com &#8221; <\/em><\/p>\n","protected":false},"excerpt":{"rendered":"<p>Juan Karim Ospina y Catalina Arenas tienen el trabajo so\u00f1ado por muchos: les pagan por viajar. Esta pareja de amigos son santandereanos, se conocieron en Bucaramanga cuando ten\u00edan menos de 20 a\u00f1os, pero desde all\u00ed creyeron en un sue\u00f1o juntos: hacer que los extranjeros se enamoren de Colombia y de su forma de viajar. Comprend\u00ed [&hellip;]<\/p>\n","protected":false},"author":4,"featured_media":240231,"comment_status":"open","ping_status":"closed","sticky":false,"template":"","format":"standard","meta":{"om_disable_all_campaigns":false,"jnews-multi-image_gallery":[],"jnews_single_post":[],"jnews_primary_category":[],"jnews_social_meta":[],"footnotes":""},"categories":[39],"tags":[37118,37119,545],"class_list":["post-240503","post","type-post","status-publish","format-standard","has-post-thumbnail","hentry","category-viajes","tag-catalina-arenas","tag-juan-karim-ospina","tag-viajes"],"_links":{"self":[{"href":"https:\/\/dimensionturistica.com\/es\/wp-json\/wp\/v2\/posts\/240503","targetHints":{"allow":["GET"]}}],"collection":[{"href":"https:\/\/dimensionturistica.com\/es\/wp-json\/wp\/v2\/posts"}],"about":[{"href":"https:\/\/dimensionturistica.com\/es\/wp-json\/wp\/v2\/types\/post"}],"author":[{"embeddable":true,"href":"https:\/\/dimensionturistica.com\/es\/wp-json\/wp\/v2\/users\/4"}],"replies":[{"embeddable":true,"href":"https:\/\/dimensionturistica.com\/es\/wp-json\/wp\/v2\/comments?post=240503"}],"version-history":[{"count":0,"href":"https:\/\/dimensionturistica.com\/es\/wp-json\/wp\/v2\/posts\/240503\/revisions"}],"wp:featuredmedia":[{"embeddable":true,"href":"https:\/\/dimensionturistica.com\/es\/wp-json\/wp\/v2\/media\/240231"}],"wp:attachment":[{"href":"https:\/\/dimensionturistica.com\/es\/wp-json\/wp\/v2\/media?parent=240503"}],"wp:term":[{"taxonomy":"category","embeddable":true,"href":"https:\/\/dimensionturistica.com\/es\/wp-json\/wp\/v2\/categories?post=240503"},{"taxonomy":"post_tag","embeddable":true,"href":"https:\/\/dimensionturistica.com\/es\/wp-json\/wp\/v2\/tags?post=240503"}],"curies":[{"name":"wp","href":"https:\/\/api.w.org\/{rel}","templated":true}]}}