{"id":240179,"date":"2021-12-07T23:13:48","date_gmt":"2021-12-07T23:13:48","guid":{"rendered":"https:\/\/dimensionturistica.com\/es\/?p=240179"},"modified":"2021-12-07T23:13:48","modified_gmt":"2021-12-07T23:13:48","slug":"el-reconocido-restaurant-el-baqueano-abrira-sus-puertas-en-salta","status":"publish","type":"post","link":"https:\/\/dimensionturistica.com\/es\/el-reconocido-restaurant-el-baqueano-abrira-sus-puertas-en-salta\/","title":{"rendered":"El reconocido restaurant El Baqueano abrir\u00e1 sus puertas en Salta"},"content":{"rendered":"<p> <br \/>\n<\/p>\n<div>\n<p style=\"margin-left:0cm; margin-right:0cm; text-align:start\"><span style=\"font-size:11pt\"><span style=\"color:#000000\"><span style=\"font-family:Calibri,sans-serif\"><span style=\"font-size:12pt\">El Baqueano, que durante este a\u00f1o obtuvo el puesto 21 en la lista de\u201d Latin America\u2019s 50 Greatest Eating places 2021: Pasado y Futuro\u201d \u00a0y en la FIT recibi\u00f3 una distinci\u00f3n por parte del Ministerio de Turismo de La Naci\u00f3n por el valor gastron\u00f3mico y su identidad que representa en sus comidas lo mejor de la producci\u00f3n argentina; anunci\u00f3 su desembarco en la ciudad de Salta.<\/span><\/span><\/span><\/span><\/p>\n<p style=\"margin-left:0cm; margin-right:0cm; text-align:start\"><span style=\"font-size:11pt\"><span style=\"color:#000000\"><span style=\"font-family:Calibri,sans-serif\"><span style=\"font-size:12pt\">El reconocido restaurante se trasladar\u00e1 de Buenos Aires a Salta el pr\u00f3ximo a\u00f1o y abrir\u00e1 su native en el nuevo espacio de la cima del Cerro San Bernardo ofreciendo a todos los turistas y salte\u00f1os lo mejor de su cocina aut\u00f3ctona contempor\u00e1nea.\u00a0<\/span><\/span><\/span><\/span><\/p>\n<p style=\"margin-left:0cm; margin-right:0cm; text-align:start\"><span style=\"font-size:11pt\"><span style=\"color:#000000\"><span style=\"font-family:Calibri,sans-serif\"><span style=\"font-size:12pt\">Al respecto el ministro de <strong>Turismo<\/strong> y <strong>Deportes<\/strong>, <strong>Mario<\/strong> <strong>Pe\u00f1a<\/strong> destac\u00f3 \u201cque un restaurante tan importante a nivel internacional elija a Salta como su nuevo local es un orgullo para nosotros, y nos impulsa a seguir trabajando para seguir potenciando y posicionando la oferta tur\u00edstica de nuestra Provincia\u201d.<\/span><\/span><\/span><\/span><\/p>\n<p style=\"margin-left:0cm; margin-right:0cm; text-align:start\"><span style=\"font-size:11pt\"><span style=\"color:#000000\"><span style=\"font-family:Calibri,sans-serif\"><span style=\"font-size:12pt\">En tanto Gabriela Lafuente, propietaria y Sommelier de El Baqueano, manifest\u00f3 \u201cel NOA es la regi\u00f3n m\u00e1s biodiversa de la Argentina, la m\u00e1s rica productivamente y Salta es el coraz\u00f3n de est\u00e1 regi\u00f3n por eso elegimos a esta Provincia para potenciarnos mutuamente trabajando en sinergia, y estando m\u00e1s cerca que nunca de los productores\u201d. \u00a0<\/span><\/span><\/span><\/span><\/p>\n<p style=\"margin-left:0cm; margin-right:0cm; text-align:start\"><span style=\"font-size:11pt\"><span style=\"color:#000000\"><span style=\"font-family:Calibri,sans-serif\"><span style=\"font-size:12pt\">Asimismo adelant\u00f3 que en el cerro San Bernardo se instalar\u00e1 \u00a0un novedoso multiespacio, dotado de sal\u00f3n de eventos, restaurante, confiter\u00eda, departamento de Investigaci\u00f3n y Desarrollo, y la primera biblioteca p\u00fablica gastron\u00f3mica nacional.<\/span><\/span><\/span><\/span><\/p>\n<div class=\"row mb-3\">\n<div class=\"row mb-3\">\n<div class=\"col-md-4 col-12 mb-4\">\n<p>                        <a target=\"_blank\" href=\"https:\/\/www.salta.gob.ar\/public\/images\/noticias\/contenidos\/1731-el-reconocido-restaurant-el-baqueano-abrira-sus-puertas-en-salta.jpeg\" title=\"El reconocido restaurant El Baqueano abrir\u00e1 sus puertas en Salta.\" rel=\"Grupo noopener\" data-fancybox=\"\" data-caption=\"El reconocido restaurant El Baqueano abrir\u00e1 sus puertas en Salta.\">&#13;<br \/>\n                            <img decoding=\"async\" class=\"w-100 lazy img-responsive\" src=\"https:\/\/www.salta.gob.ar\/public\/images\/noticias\/contenidos\/1731-el-reconocido-restaurant-el-baqueano-abrira-sus-puertas-en-salta.jpeg\" alt=\"El reconocido restaurant El Baqueano abrir\u00e1 sus puertas en Salta.\"\/>&#13;<br \/>\n                        <\/a>\n                        <\/div>\n<div class=\"col-md-8 col-12 mb-4\">\n<p style=\"margin-left:0cm; margin-right:0cm; text-align:start\"><span style=\"font-size:11pt\"><span style=\"color:#000000\"><span style=\"font-family:Calibri,sans-serif\"><strong>Sobre El Baqueano<\/strong><\/span><\/span><\/span><\/p>\n<p style=\"margin-left:0cm; margin-right:0cm; text-align:start\"><span style=\"font-size:11pt\"><span style=\"color:#000000\"><span style=\"font-family:Calibri,sans-serif\"><span style=\"font-size:12pt\">Durante 13 a\u00f1os El Baqueano estuvo ubicado en el barrio de San Telmo, desde donde trabaj\u00f3 para divulgar hacia todo el mundo los mas incre\u00edbles productos, en su mejor momento estacional y de las 18 ecorregiones de nuestro pa\u00eds.<\/span><\/span><\/span><\/span><\/p>\n<p style=\"margin-left:0cm; margin-right:0cm; text-align:start\"><span style=\"font-size:11pt\"><span style=\"color:#000000\"><span style=\"font-family:Calibri,sans-serif\"><span style=\"font-size:12pt\">Desde all\u00ed logr\u00f3 obtener los reconocimientos mas importantes para la gastronom\u00eda argentina, as\u00ed como un prestigioso lugar entre los grandes restaurantes del continente.<\/span><\/span><\/span><\/span><\/p>\n<p style=\"margin-left:0cm; margin-right:0cm; text-align:start\"><span style=\"font-size:11pt\"><span style=\"color:#000000\"><span style=\"font-family:Calibri,sans-serif\"><span style=\"font-size:12pt\">Se dedica a la cocina aut\u00f3ctona contempor\u00e1nea argentina, trabajando con peque\u00f1os productores locales, y visitando recolectores y pescadores.\u00a0<\/span><\/span><\/span><\/span><\/p>\n<\/p><\/div><\/div><\/div><\/div>\n\n<p><em> \u2018 The preceding article may include information circulated by third parties \u2019 <\/em><\/p>\n<p><em> \u2018 Some details of this article were extracted from the following source www.salta.gob.ar \u2019 <\/em><\/p>\n","protected":false},"excerpt":{"rendered":"<p>El Baqueano, que durante este a\u00f1o obtuvo el puesto 21 en la lista de\u201d Latin America\u2019s 50 Greatest Eating places 2021: Pasado y Futuro\u201d \u00a0y en la FIT recibi\u00f3 una distinci\u00f3n por parte del Ministerio de Turismo de La Naci\u00f3n por el valor gastron\u00f3mico y su identidad que representa en sus comidas lo mejor de [&hellip;]<\/p>\n","protected":false},"author":2,"featured_media":240180,"comment_status":"open","ping_status":"closed","sticky":false,"template":"","format":"standard","meta":{"om_disable_all_campaigns":false,"jnews-multi-image_gallery":[],"jnews_single_post":[],"jnews_primary_category":[],"jnews_social_meta":[],"footnotes":""},"categories":[43],"tags":[],"class_list":["post-240179","post","type-post","status-publish","format-standard","has-post-thumbnail","hentry","category-gourmet"],"_links":{"self":[{"href":"https:\/\/dimensionturistica.com\/es\/wp-json\/wp\/v2\/posts\/240179","targetHints":{"allow":["GET"]}}],"collection":[{"href":"https:\/\/dimensionturistica.com\/es\/wp-json\/wp\/v2\/posts"}],"about":[{"href":"https:\/\/dimensionturistica.com\/es\/wp-json\/wp\/v2\/types\/post"}],"author":[{"embeddable":true,"href":"https:\/\/dimensionturistica.com\/es\/wp-json\/wp\/v2\/users\/2"}],"replies":[{"embeddable":true,"href":"https:\/\/dimensionturistica.com\/es\/wp-json\/wp\/v2\/comments?post=240179"}],"version-history":[{"count":0,"href":"https:\/\/dimensionturistica.com\/es\/wp-json\/wp\/v2\/posts\/240179\/revisions"}],"wp:featuredmedia":[{"embeddable":true,"href":"https:\/\/dimensionturistica.com\/es\/wp-json\/wp\/v2\/media\/240180"}],"wp:attachment":[{"href":"https:\/\/dimensionturistica.com\/es\/wp-json\/wp\/v2\/media?parent=240179"}],"wp:term":[{"taxonomy":"category","embeddable":true,"href":"https:\/\/dimensionturistica.com\/es\/wp-json\/wp\/v2\/categories?post=240179"},{"taxonomy":"post_tag","embeddable":true,"href":"https:\/\/dimensionturistica.com\/es\/wp-json\/wp\/v2\/tags?post=240179"}],"curies":[{"name":"wp","href":"https:\/\/api.w.org\/{rel}","templated":true}]}}