{"id":240060,"date":"2021-12-07T18:18:58","date_gmt":"2021-12-07T18:18:58","guid":{"rendered":"https:\/\/dimensionturistica.com\/es\/?p=240060"},"modified":"2021-12-07T18:18:59","modified_gmt":"2021-12-07T18:18:59","slug":"siguen-los-viajes-en-yola-deportan-a-62-dominicanos-y-13-haitianos-al-llegar-ilegalmente-a-puerto-rico","status":"publish","type":"post","link":"https:\/\/dimensionturistica.com\/es\/siguen-los-viajes-en-yola-deportan-a-62-dominicanos-y-13-haitianos-al-llegar-ilegalmente-a-puerto-rico\/","title":{"rendered":"Siguen los viajes en yola: Deportan a 62 dominicanos y 13 haitianos al llegar ilegalmente a Puerto Rico"},"content":{"rendered":"<p> <br \/>\n<\/p>\n<div id=\"ArticleBody\" style=\"margin-top:10px;\">\n<p>La Guardia Costera estadounidense en San Juan inform\u00f3 este martes que entre el jueves pasado y este martes repatri\u00f3 a 62 dominicanos y 13 haitianos que trataron de llegar ilegalmente a Puerto Rico en sendos viajes.<\/p>\n<p>Seg\u00fan detall\u00f3 la agencia federal en un comunicado de prensa, <strong>la primera intervenci\u00f3n ocurri\u00f3 el pasado 28 de noviembre y la segunda el 4 de diciembre.<\/strong><\/p>\n<p>En la primera intervenci\u00f3n, una aeronave de la Oficina de Aduanas y Protecci\u00f3n Fronteriza (CBP) avist\u00f3 un presunto viaje ilegal de contrabando de personas cerca de Isla Saona, en el extremo sureste de Rep\u00fablica Dominicana.<\/p>\n<p>Tras el avistamiento, los oficiales de la CBP alertaron a la Guardia Costera, la cual entonces despach\u00f3 una embarcaci\u00f3n suya, en la cual embarc\u00f3 a 15 personas, 13 de ellos haitianos y dos dominicanos.<\/p>\n<p>De los 13 haitianos, ocho eran hombres, cuatro mujeres y una menor.<\/p>\n<p><strong>De las 15 personas, la Guardia Costera repatri\u00f3 a todos los haitianos y un dominicano el pasado jueves, mientras que el otro dominicano a\u00fan permanece en Puerto Rico, pues enfrenta cargos por intentar de reingresar ilegalmente a la isla.<\/strong><\/p>\n<p>Mientras tanto, la segunda intervenci\u00f3n ocurri\u00f3 el pasado s\u00e1bado, cuando nuevamente agentes de una aeronave de la CBP avistaron una segunda embarcaci\u00f3n al norte de Puerto Rico.<\/p>\n<p>Ante ello, la Guardia Costera despach\u00f3 otra nave para intervenir con el nuevo grupo de migrantes, constituido por 62 personas, todas presuntamente dominicanas, seg\u00fan le informaron a la agencia federal.<\/p>\n<p>El grupo de 62 personas estaba integrado por 49 hombres, 12 mujeres y un menor.<\/p>\n<p>Todos fueron repatriados a su pa\u00eds de origen ayer, lunes, y hoy, martes.<\/p>\n<p>La deportaci\u00f3n de los 62 dominicanos y 13 haitianos es una de las m\u00e1s recientes realizadas en Puerto Rico por la Guardia Costera desde que a principios de noviembre deport\u00f3 a 66 migrantes dominicanos tras interceptar en las aguas del Pasaje de la Mona dos embarcaciones que intentaban llegar de forma ilegal a la isla.<\/p>\n<p>La Guardia Costera destac\u00f3 en su nota que estas operaciones son el resultado de los esfuerzos continuos de m\u00faltiples agencias locales y federales en apoyo al Grupo Interagencial Fronterizo del Caribe (CBIG, en ingl\u00e9s).<\/p>\n<p>El CBIG fue creado para unificar los esfuerzos de la Oficina de Aduanas y Protecci\u00f3n Fronteriza de EE.UU., la Guardia Costera y las Fuerzas Conjuntas de Acci\u00f3n R\u00e1pida de la Polic\u00eda de Puerto Rico, entre otras agencias, y asegurar las fronteras de la isla contra la inmigraci\u00f3n ilegal y el tr\u00e1fico de drogas. \u00a0<\/p>\n<\/p><\/div>\n<p><script>\n        !function (f, b, e, v, n, t, s) {\n            if (f.fbq) return; n = f.fbq = function () {\n                n.callMethod ?\n                n.callMethod.apply(n, arguments) : n.queue.push(arguments)\n            }; if (!f._fbq) f._fbq = n;\n            n.push = n; n.loaded = !0; n.version = '2.0'; n.queue = []; t = b.createElement(e); t.async = !0;\n            t.src = v; s = b.getElementsByTagName(e)[0]; s.parentNode.insertBefore(t, s)\n        }(window,\n        document, 'script', 'https:\/\/connect.facebook.net\/en_US\/fbevents.js');\n        fbq('init', '336505603402465', {\n        });\n        fbq('track', 'PageView');\n    <\/script><script>\n        !function (f, b, e, v, n, t, s) {\n            if (f.fbq) return; n = f.fbq = function () {\n                n.callMethod ?\n                n.callMethod.apply(n, arguments) : n.queue.push(arguments)\n            }; if (!f._fbq) f._fbq = n;\n            n.push = n; n.loaded = !0; n.version = '2.0'; n.queue = []; t = b.createElement(e); t.async = !0;\n            t.src = v; s = b.getElementsByTagName(e)[0]; s.parentNode.insertBefore(t, s)\n        }(window,\n        document, 'script', 'https:\/\/connect.facebook.net\/en_US\/fbevents.js');\n        fbq('init', '871551932912625', {\n        });\n        fbq('track', 'PageView');\n    <\/script><script>\n    window.fbAsyncInit = function () {\n        FB.init({\n            appId: '482294438637972',\n            xfbml: true,\n            version: 'v2.7'\n        });\n    };\n    (function (d, s, id) {\n        var js, fjs = d.getElementsByTagName(s)[0];\n        if (d.getElementById(id)) { return; }\n        js = d.createElement(s); js.id = id;\n        js.src = \"https:\/\/connect.facebook.net\/en_US\/sdk.js\";\n        fjs.parentNode.insertBefore(js, fjs);\n    }(document, 'script', 'facebook-jssdk'));\n<\/script><br \/>\n<br \/><\/p>\n<p><em> &#8221; Fuentes listindiario.com &#8221; <\/em><\/p>\n","protected":false},"excerpt":{"rendered":"<p>La Guardia Costera estadounidense en San Juan inform\u00f3 este martes que entre el jueves pasado y este martes repatri\u00f3 a 62 dominicanos y 13 haitianos que trataron de llegar ilegalmente a Puerto Rico en sendos viajes. Seg\u00fan detall\u00f3 la agencia federal en un comunicado de prensa, la primera intervenci\u00f3n ocurri\u00f3 el pasado 28 de noviembre [&hellip;]<\/p>\n","protected":false},"author":4,"featured_media":240061,"comment_status":"open","ping_status":"closed","sticky":false,"template":"","format":"standard","meta":{"om_disable_all_campaigns":false,"jnews-multi-image_gallery":[],"jnews_single_post":[],"jnews_primary_category":[],"jnews_social_meta":[],"footnotes":""},"categories":[40],"tags":[547,1431,1432,1433,229,1427,705,1428,1136,1430,1429],"class_list":["post-240060","post","type-post","status-publish","format-standard","has-post-thumbnail","hentry","category-industria","tag-informacion","tag-listin","tag-listin-diario","tag-listin-digital","tag-news","tag-newspaper","tag-noticias","tag-periodicos","tag-prensa","tag-republica-dominicana","tag-santo-domingo"],"_links":{"self":[{"href":"https:\/\/dimensionturistica.com\/es\/wp-json\/wp\/v2\/posts\/240060","targetHints":{"allow":["GET"]}}],"collection":[{"href":"https:\/\/dimensionturistica.com\/es\/wp-json\/wp\/v2\/posts"}],"about":[{"href":"https:\/\/dimensionturistica.com\/es\/wp-json\/wp\/v2\/types\/post"}],"author":[{"embeddable":true,"href":"https:\/\/dimensionturistica.com\/es\/wp-json\/wp\/v2\/users\/4"}],"replies":[{"embeddable":true,"href":"https:\/\/dimensionturistica.com\/es\/wp-json\/wp\/v2\/comments?post=240060"}],"version-history":[{"count":0,"href":"https:\/\/dimensionturistica.com\/es\/wp-json\/wp\/v2\/posts\/240060\/revisions"}],"wp:featuredmedia":[{"embeddable":true,"href":"https:\/\/dimensionturistica.com\/es\/wp-json\/wp\/v2\/media\/240061"}],"wp:attachment":[{"href":"https:\/\/dimensionturistica.com\/es\/wp-json\/wp\/v2\/media?parent=240060"}],"wp:term":[{"taxonomy":"category","embeddable":true,"href":"https:\/\/dimensionturistica.com\/es\/wp-json\/wp\/v2\/categories?post=240060"},{"taxonomy":"post_tag","embeddable":true,"href":"https:\/\/dimensionturistica.com\/es\/wp-json\/wp\/v2\/tags?post=240060"}],"curies":[{"name":"wp","href":"https:\/\/api.w.org\/{rel}","templated":true}]}}