{"id":240011,"date":"2021-12-07T16:33:09","date_gmt":"2021-12-07T16:33:09","guid":{"rendered":"https:\/\/dimensionturistica.com\/es\/?p=240011"},"modified":"2021-12-07T16:33:09","modified_gmt":"2021-12-07T16:33:09","slug":"tres-expertos-de-la-unphu-reconocidos-como-investigadores-del-ano-mescyt","status":"publish","type":"post","link":"https:\/\/dimensionturistica.com\/es\/tres-expertos-de-la-unphu-reconocidos-como-investigadores-del-ano-mescyt\/","title":{"rendered":"Tres expertos de la UNPHU reconocidos como investigadores del a\u00f1o Mescyt"},"content":{"rendered":"<p> <br \/>\n<\/p>\n<div id=\"ArticleBody\" style=\"margin-top:10px;\">\n<p>El Ministerio de Educaci\u00f3n Superior, Ciencia y Tecnolog\u00eda (MESCyT), reconoci\u00f3 al physician Amado Alejandro B\u00e1ez, al arquitecto Esteban Prieto y \u00a0de forma p\u00f3stuma al physician Carles Roersch, los tres de la Universidad Pedro Henr\u00edquez Ure\u00f1a (UNPHU), como investigadores del A\u00f1o \u00a0en Ciencia, Tecnolog\u00eda e Innovaci\u00f3n 2021. En el grupo figuran otros investigadores.\u00a0\u00a0<\/p>\n<p>El physician Amado Alejandro B\u00e1ez en esta ocasi\u00f3n fue reconocido Investigador Cient\u00edfico 2021 en el \u00e1rea de Ciencias de la Salud.<\/p>\n<p>Graduado con honores de la Escuela de Medicina de la Unphu \u00a0y posteriormente, siendo el primer m\u00e9dico extranjero complet\u00f3 su residencia en Medicina de Emergencia de la Cl\u00ednica Mayo. Posee una subespecialidad en cuidados cr\u00edticos, terapia intensiva de la Universidad de Harvard y Brigham and Ladies\u2019s Hospital y de igual manera, posee otra subespecialidad en Investigaci\u00f3n Cl\u00ednica del Albert Einstein Medical Heart, entre otras especialidades.<\/p>\n<p>\u00a0Es miembro de la Carrera Nacional de Investigaci\u00f3n del Mescyt, ha publicado m\u00e1s de setenta estudios en revistas indexadas y foros cient\u00edficos internacionales sobre temas de Emergencias, Desastres y Ciencia de Decisi\u00f3n y ha sido editor de tres libros en Medicina de Desastres. Es evaluador experto de estudios de investigaci\u00f3n de m\u00e1s de ocho publicaciones internacionales.<\/p>\n<p><strong>El physician y arquitecto \u00a0Esteban Prieto<\/strong><\/p>\n<p>Al physician y arquitecto Esteban Prieto fue otorgado el reconocimiento de Investigador Cient\u00edfico 2021 en el \u00e1rea de Campos Ingenieriles, incluyendo Ingenier\u00eda Computacional, Campos Afines y Emergentes.<\/p>\n<p>Posee una trayectoria destacada respecto a las investigaciones. Fue el investigador principal del Proyecto \u201cInfluencia del medioambiente en el proceso de deterioro de los materiales constructivos en edificios hist\u00f3ricos y propuestas para su conservaci\u00f3n\u201d, financiado por el Fondo Nacional de Innovaci\u00f3n y Desarrollo Cient\u00edfico y Tecnol\u00f3gico (Fondocyt).<\/p>\n<p>Co-investigador del proyecto ECODSE \u201cEvaluaci\u00f3n del comportamiento din\u00e1mico suelo-estructura de edificaciones hist\u00f3ricas de f\u00e1brica mediante ensayos no destructivos y pseudo destructivos. Caso: Catedral Primada de Am\u00e9rica\u201d, financiado por Fondocyt 2016-2017.<\/p>\n<p>Es Investigador asociado al Proyecto \u201cLa sostenibilidad y la eficiencia energ\u00e9tica en la arquitectura tropical de madera\u201d. Ha realizado 28 informes, evaluaciones, investigaciones y proyectos relacionados con la conservaci\u00f3n del patrimonio hist\u00f3rico para diversos organismos, tanto internacionales y nacionales.\u00a0 Ha generado m\u00e1s de 40 publicaciones, tanto como autor principal como co-autor, en libros y art\u00edculos cient\u00edficos publicados en revistas indexadas de reconocido prestigio internacional.<\/p>\n<p>Es actualmente Investigador Adjunto de la Carrera Nacional de Investigadores en Ciencia, Tecnolog\u00eda e Innovaci\u00f3n. Ha restaurado m\u00faltiples inmuebles de la Ciudad Colonial de Santo Domingo entre los que se pueden mencionar las sedes de la Academia de Ciencias de la Rep\u00fablica Dominicana, la Academia Dominicana de la Historia, la C\u00e1mara de Comercio e Industria del Distrito Nacional, la Asociaci\u00f3n Dominicana de Agentes de Viajes y Turismo, Compa\u00f1\u00eda An\u00f3nima de Explotaciones Industriales (Casa Vicini).<\/p>\n<p><strong>El physician Carles Roersch <\/strong><\/p>\n<p>El physician Carles Roersch, reconocido de forma p\u00f3stuma por su trayectoria en Plantas Medicinales de uso en la Rep\u00fablica Dominicana, fue director del Herbario Dr. Henri Alain Liogier de la universidad, fue miembro de n\u00famero de la Academia de Ciencias de la Rep\u00fablica Dominicana y profesor-investigador de la Escuela de Medicina UNPHU.<\/p>\n<p>Estudi\u00f3 Farmacia en la Universidad de Amsterdam y realiz\u00f3 un doctorado en Pharmacognosia (Plantas Medicinales del Sur Andino de Per\u00fa). Realiz\u00f3 importantes aportes a la investigaci\u00f3n de la variedad de plantas medicinales existentes en el pa\u00eds, los cuales han aportado para hacer un glosario con la informaci\u00f3n de las propiedades de las mismas y tambi\u00e9n escribi\u00f3 m\u00e1s de 15 art\u00edculos relacionado con el tema.<\/p>\n<p>La Carrera Nacional del Investigaci\u00f3n en Ciencia, Tecnolog\u00eda e Innovaci\u00f3n fue creada en 2018 mediante reglamento del Consejo Nacional de Educaci\u00f3n Superior, Ciencia y Tecnolog\u00eda (Conescyt), con el prop\u00f3sito de la promoci\u00f3n del avance de las ciencias, las ingenier\u00edas, las tecnolog\u00edas y actividades innovadoras articuladas a la din\u00e1mica nacional.<\/p>\n<p>\u00a0<\/p>\n<\/p><\/div>\n<p><script>\n        !function (f, b, e, v, n, t, s) {\n            if (f.fbq) return; n = f.fbq = function () {\n                n.callMethod ?\n                n.callMethod.apply(n, arguments) : n.queue.push(arguments)\n            }; if (!f._fbq) f._fbq = n;\n            n.push = n; n.loaded = !0; n.version = '2.0'; n.queue = []; t = b.createElement(e); t.async = !0;\n            t.src = v; s = b.getElementsByTagName(e)[0]; s.parentNode.insertBefore(t, s)\n        }(window,\n        document, 'script', 'https:\/\/connect.facebook.net\/en_US\/fbevents.js');\n        fbq('init', '336505603402465', {\n        });\n        fbq('track', 'PageView');\n    <\/script><script>\n        !function (f, b, e, v, n, t, s) {\n            if (f.fbq) return; n = f.fbq = function () {\n                n.callMethod ?\n                n.callMethod.apply(n, arguments) : n.queue.push(arguments)\n            }; if (!f._fbq) f._fbq = n;\n            n.push = n; n.loaded = !0; n.version = '2.0'; n.queue = []; t = b.createElement(e); t.async = !0;\n            t.src = v; s = b.getElementsByTagName(e)[0]; s.parentNode.insertBefore(t, s)\n        }(window,\n        document, 'script', 'https:\/\/connect.facebook.net\/en_US\/fbevents.js');\n        fbq('init', '871551932912625', {\n        });\n        fbq('track', 'PageView');\n    <\/script><script>\n    window.fbAsyncInit = function () {\n        FB.init({\n            appId: '482294438637972',\n            xfbml: true,\n            version: 'v2.7'\n        });\n    };\n    (function (d, s, id) {\n        var js, fjs = d.getElementsByTagName(s)[0];\n        if (d.getElementById(id)) { return; }\n        js = d.createElement(s); js.id = id;\n        js.src = \"https:\/\/connect.facebook.net\/en_US\/sdk.js\";\n        fjs.parentNode.insertBefore(js, fjs);\n    }(document, 'script', 'facebook-jssdk'));\n<\/script><br \/>\n<br \/><\/p>\n<p><em> &#8221; Fuentes listindiario.com &#8221; <\/em><\/p>\n","protected":false},"excerpt":{"rendered":"<p>El Ministerio de Educaci\u00f3n Superior, Ciencia y Tecnolog\u00eda (MESCyT), reconoci\u00f3 al physician Amado Alejandro B\u00e1ez, al arquitecto Esteban Prieto y \u00a0de forma p\u00f3stuma al physician Carles Roersch, los tres de la Universidad Pedro Henr\u00edquez Ure\u00f1a (UNPHU), como investigadores del A\u00f1o \u00a0en Ciencia, Tecnolog\u00eda e Innovaci\u00f3n 2021. En el grupo figuran otros investigadores.\u00a0\u00a0 El physician Amado [&hellip;]<\/p>\n","protected":false},"author":4,"featured_media":240012,"comment_status":"open","ping_status":"closed","sticky":false,"template":"","format":"standard","meta":{"om_disable_all_campaigns":false,"jnews-multi-image_gallery":[],"jnews_single_post":[],"jnews_primary_category":[],"jnews_social_meta":[],"footnotes":""},"categories":[40],"tags":[547,1431,1432,1433,229,1427,705,1428,1136,1430,1429],"class_list":["post-240011","post","type-post","status-publish","format-standard","has-post-thumbnail","hentry","category-industria","tag-informacion","tag-listin","tag-listin-diario","tag-listin-digital","tag-news","tag-newspaper","tag-noticias","tag-periodicos","tag-prensa","tag-republica-dominicana","tag-santo-domingo"],"_links":{"self":[{"href":"https:\/\/dimensionturistica.com\/es\/wp-json\/wp\/v2\/posts\/240011","targetHints":{"allow":["GET"]}}],"collection":[{"href":"https:\/\/dimensionturistica.com\/es\/wp-json\/wp\/v2\/posts"}],"about":[{"href":"https:\/\/dimensionturistica.com\/es\/wp-json\/wp\/v2\/types\/post"}],"author":[{"embeddable":true,"href":"https:\/\/dimensionturistica.com\/es\/wp-json\/wp\/v2\/users\/4"}],"replies":[{"embeddable":true,"href":"https:\/\/dimensionturistica.com\/es\/wp-json\/wp\/v2\/comments?post=240011"}],"version-history":[{"count":0,"href":"https:\/\/dimensionturistica.com\/es\/wp-json\/wp\/v2\/posts\/240011\/revisions"}],"wp:featuredmedia":[{"embeddable":true,"href":"https:\/\/dimensionturistica.com\/es\/wp-json\/wp\/v2\/media\/240012"}],"wp:attachment":[{"href":"https:\/\/dimensionturistica.com\/es\/wp-json\/wp\/v2\/media?parent=240011"}],"wp:term":[{"taxonomy":"category","embeddable":true,"href":"https:\/\/dimensionturistica.com\/es\/wp-json\/wp\/v2\/categories?post=240011"},{"taxonomy":"post_tag","embeddable":true,"href":"https:\/\/dimensionturistica.com\/es\/wp-json\/wp\/v2\/tags?post=240011"}],"curies":[{"name":"wp","href":"https:\/\/api.w.org\/{rel}","templated":true}]}}