{"id":239906,"date":"2021-12-07T12:00:42","date_gmt":"2021-12-07T12:00:42","guid":{"rendered":"https:\/\/dimensionturistica.com\/es\/?p=239906"},"modified":"2021-12-07T12:00:42","modified_gmt":"2021-12-07T12:00:42","slug":"ino-crespo-nico-jamones-cabezuelo-foods-y-life-for-tyres-recibiran-de-la-junta-sendos-premios-al-merito-empresarial-lanza-digital","status":"publish","type":"post","link":"https:\/\/dimensionturistica.com\/es\/ino-crespo-nico-jamones-cabezuelo-foods-y-life-for-tyres-recibiran-de-la-junta-sendos-premios-al-merito-empresarial-lanza-digital\/","title":{"rendered":"Ino Crespo, Nico Jamones, Cabezuelo Foods y Life for Tyres recibir\u00e1n de la Junta sendos Premios al M\u00e9rito Empresarial &#8211; Lanza Digital"},"content":{"rendered":"<p> <br \/>\n<\/p>\n<div>\n<div class=\"opening\">\n<figure class=\"opening-figure\"><figcaption>\n<h2>Imagen de archivo de la entrega de premios en una edici\u00f3n anterior \/ JCCM<\/h2>\n<\/figcaption><\/figure>\n<ol class=\"social-share\">\n<li>\n\t\t\t\t<button class=\"facebook\" data-type=\"sharer\" data-subtype=\"facebook\"><span>Compartir en fb<\/span><\/button>\t<\/li>\n<li>\n\t\t\t\t<button class=\"twitter\" data-type=\"sharer\" data-subtype=\"twitter\"><span>Compartir en twitter<\/span><\/button>\t<\/li>\n<li>\n\t\t\t\t<button class=\"mail\" data-type=\"sharer\" data-subtype=\"mail\"><span>Compartir en mail<\/span><\/button>\t<\/li>\n<li class=\"whatsapp-share\">\n\t\t\t\t<button class=\"whatsapp\" data-type=\"sharer\" data-subtype=\"whatsapp\"><span>Compartir en whatsapp<\/span><\/button>\t<\/li>\n<\/ol><\/div>\n<p class=\"summary\">El acto de entrega, en el que recibir\u00e1n este reconocimiento veinte empresas de la regi\u00f3n, se celebrar\u00e1 el 10 de diciembre, a partir de las 19:00 horas, en una gala que tendr\u00e1 lugar en el Palacio de Congresos de Albacete. \u00a0<\/p>\n<p>El Gobierno de Castilla-La Mancha va a reconocer a una veintena de empresas y profesionales de la regi\u00f3n en una edici\u00f3n muy especial de sus Premios al M\u00e9rito Empresarial, que retoman su trayectoria despu\u00e9s del par\u00f3n obligado de 2020 ampliando sus categor\u00edas para reconocer el esfuerzo, el compromiso con la sociedad, la apuesta por la sostenibilidad y el trabajo conjunto del tejido empresarial de la regi\u00f3n.<\/p>\n<figure><figcaption>\n<h2>Ino Crespo, Mujer Empresaria Especial COVID \/ Clara Manzano<\/h2>\n<\/figcaption><\/figure>\n<p>Los premios ser\u00e1n entregados a raz\u00f3n de cuatro por cada provincia de la regi\u00f3n. En la provincia de Ciudad Actual ser\u00e1n galardonadas en esta edici\u00f3n Ino Crespo, como Mujer Empresaria Especial COVID; Nico Jamones, como Empresa Agroalimentaria Especial COVID; Cabezuelo Meals, con el premio Empresa Exportadora Especial COVID; y Life for Tyres, como Empresa Sostenible Especial COVID.<\/p>\n<figure><figcaption>\n<h2>Nico Jamones, Empresa Agroalimentaria Especial COVID \/ Clara Manzano<\/h2>\n<\/figcaption><\/figure>\n<p>El acto, que estar\u00e1 presidido por el jefe del Ejecutivo regional, Emiliano Garc\u00eda-Web page, se celebrar\u00e1 este viernes, a partir de las 19:00 horas, en el Palacio de Congresos de Albacete.<\/p>\n<figure><figcaption>\n<h2>Cabezuelo Meals, premio Empresa Exportadora Especial COVID \/ Lanza<\/h2>\n<\/figcaption><\/figure>\n<p>Los Premios al M\u00e9rito Empresarial de Castilla-La Mancha vuelven este a\u00f1o con una edici\u00f3n especial COVID que ampl\u00eda las categor\u00edas y los reconocimientos, y que pretende ser a la vez un homenaje al trabajo realizado por el tejido empresarial de la Comunidad Aut\u00f3noma durante la pandemia y en el impulso a la recuperaci\u00f3n econ\u00f3mica de la regi\u00f3n.<\/p>\n<figure><figcaption>\n<h2>Life For Tyres recibir\u00e1 el premio como Empresa Sostenible Especial COVID. En la imagen, el acto de presentaci\u00f3n del proyecto de construcci\u00f3n de la planta de valorizaci\u00f3n de neum\u00e1ticos de Life for Tyres en Puertollano, celebrado en julio de 2020 \/ Lanza<\/h2>\n<\/figcaption><\/figure>\n<p>La consejera de Econom\u00eda, Empresas y Empleo, Patricia Franco, ha destacado el compromiso del tejido empresarial con toda la sociedad castellanomanchega durante la disaster sanitaria, y ha reiterado el apoyo del Gobierno regional al tejido empresarial de la regi\u00f3n en la tarea conjunta de la recuperaci\u00f3n econ\u00f3mica.<\/p>\n<h3>Empresas y profesionales premiados en Albacete, Toledo, Cuenca y Guadalajara<\/h3>\n<p>En el evento se reconocer\u00e1 la labor y el empuje de 20 empresas y profesionales de todas las provincias de Castilla-La Mancha. Albacete, la provincia anfitriona del acto de este a\u00f1o despu\u00e9s de la edici\u00f3n de 2019 celebrada en Los Y\u00e9benes, cuenta con cuatro empresas premiadas: Arcos Hermanos, en la categor\u00eda Salud en el Trabajo Especial COVID; Magnanni, como Industria Especial COVID; Berria Bike, como Empresa Innovadora Especial COVID; y Comestibles San Rafael, como Comercio de Proximidad Especial COVID.<\/p>\n<p>En la provincia de Toledo, los galardonados son Cer\u00e1micas la Paloma, como Empresa Acquainted Especial COVID; Texcon y Calidad, como Empresa Reinvenci\u00f3n Especial COVID; Puy du Fou, en la categor\u00eda de Empresa Tur\u00edstica Especial COVID; y Laboratorio Reig Jofre, como Empresa Farma Especial COVID.<\/p>\n<p>En la provincia de Cuenca, las empresas y profesionales galardonados en el acto ser\u00e1n La Casa del Fisio, como Empresa Solidaria Especial COVID; Jes\u00fas Segura, como Iniciativa Emprendedora Especial COVID; Albergue de la Virgen de Sotos, como Iniciativa Social Especial COVID; y \u00c1rea 108 Estaci\u00f3n de Servicio, como Empresa Servicio Esencial Especial COVID.<\/p>\n<p>Y de la provincia de Guadalajara, las empresas que recibir\u00e1n el reconocimiento en esta edici\u00f3n especial de los Premios al M\u00e9rito Empresarial del Gobierno regional son Morchem, como Empresa Inversi\u00f3n Especial COVID; Conway, como Empresa Log\u00edstica Especial COVID; El Doncel, como Empresa Horeca Especial COVID; y Mixer, como Empresa Producto Especial COVID.<\/p>\n<p>\u00a0<\/p>\n<aside class=\"aside-bottom\">\n<h2>Temas relacionados<\/h2>\n<\/aside>\n<\/div>\n\n<p><em> \u2018 The preceding article may include information circulated by third parties \u2019 <\/em><\/p>\n<p><em> \u2018 Some details of this article were extracted from the following source www.lanzadigital.com \u2019 <\/em><\/p>\n","protected":false},"excerpt":{"rendered":"<p>Imagen de archivo de la entrega de premios en una edici\u00f3n anterior \/ JCCM Compartir en fb Compartir en twitter Compartir en mail Compartir en whatsapp El acto de entrega, en el que recibir\u00e1n este reconocimiento veinte empresas de la regi\u00f3n, se celebrar\u00e1 el 10 de diciembre, a partir de las 19:00 horas, en una [&hellip;]<\/p>\n","protected":false},"author":2,"featured_media":239907,"comment_status":"open","ping_status":"closed","sticky":false,"template":"","format":"standard","meta":{"om_disable_all_campaigns":false,"jnews-multi-image_gallery":[],"jnews_single_post":[],"jnews_primary_category":[],"jnews_social_meta":[],"footnotes":""},"categories":[43],"tags":[],"class_list":["post-239906","post","type-post","status-publish","format-standard","has-post-thumbnail","hentry","category-gourmet"],"_links":{"self":[{"href":"https:\/\/dimensionturistica.com\/es\/wp-json\/wp\/v2\/posts\/239906","targetHints":{"allow":["GET"]}}],"collection":[{"href":"https:\/\/dimensionturistica.com\/es\/wp-json\/wp\/v2\/posts"}],"about":[{"href":"https:\/\/dimensionturistica.com\/es\/wp-json\/wp\/v2\/types\/post"}],"author":[{"embeddable":true,"href":"https:\/\/dimensionturistica.com\/es\/wp-json\/wp\/v2\/users\/2"}],"replies":[{"embeddable":true,"href":"https:\/\/dimensionturistica.com\/es\/wp-json\/wp\/v2\/comments?post=239906"}],"version-history":[{"count":0,"href":"https:\/\/dimensionturistica.com\/es\/wp-json\/wp\/v2\/posts\/239906\/revisions"}],"wp:featuredmedia":[{"embeddable":true,"href":"https:\/\/dimensionturistica.com\/es\/wp-json\/wp\/v2\/media\/239907"}],"wp:attachment":[{"href":"https:\/\/dimensionturistica.com\/es\/wp-json\/wp\/v2\/media?parent=239906"}],"wp:term":[{"taxonomy":"category","embeddable":true,"href":"https:\/\/dimensionturistica.com\/es\/wp-json\/wp\/v2\/categories?post=239906"},{"taxonomy":"post_tag","embeddable":true,"href":"https:\/\/dimensionturistica.com\/es\/wp-json\/wp\/v2\/tags?post=239906"}],"curies":[{"name":"wp","href":"https:\/\/api.w.org\/{rel}","templated":true}]}}