{"id":239850,"date":"2021-12-07T09:13:38","date_gmt":"2021-12-07T09:13:38","guid":{"rendered":"https:\/\/dimensionturistica.com\/es\/?p=239850"},"modified":"2021-12-07T09:13:39","modified_gmt":"2021-12-07T09:13:39","slug":"restringen-maquilas-viajes-por-omicron","status":"publish","type":"post","link":"https:\/\/dimensionturistica.com\/es\/restringen-maquilas-viajes-por-omicron\/","title":{"rendered":"Restringen maquilas viajes por \u2018\u00f3micron\u2019"},"content":{"rendered":"<p> <br \/>\n<\/p>\n<div id=\"nota_firmas_fecha\">\n<p>Iris Gonz\u00e1lez \/ El Diario de Ju\u00e1rez<\/p>\n<p>                    <small>martes, 07 diciembre 2021 | 05:00 <\/small>\n                <\/div>\n<div id=\"cuerpo_nota\">\n<p>Ante la presencia de la nueva variante \u2018\u00f3micron\u2019, empresas maquiladoras comenzaron a limitar los viajes entre sus trabajadores.<\/p>\n<p>H\u00e9ctor Guti\u00e9rrez, presidente de Southwest Maquila, dijo que se tienen restricciones en las visitas que sus colaboradores hacen a empresas de pa\u00edses donde se tienen muchos casos detectados.<\/p>\n<p>La nueva mutaci\u00f3n ya fue registrada en 38 pa\u00edses y llev\u00f3 a numerosos gobiernos a endurecer las restricciones sanitarias y a cerrar las fronteras con la regi\u00f3n sur de \u00c1frica.<\/p>\n<p>Francia, Reino Unido, Noruega, Islandia, Pa\u00edses Bajos, Dinamarca, Irlanda, Alemania y B\u00e9lgica son algunos de los pa\u00edses europeos que tomaron precauciones ante las inc\u00f3gnitas sobre la peligrosidad y transmisibilidad de la nueva cepa.<\/p>\n<p>Mientras que en Estados Unidos, al menos 15 estados han informado casos de \u2018\u00f3micron\u2019: California, Colorado, Connecticut, Haw\u00e1i, Maryland, Massachusetts, Minnesota, Misuri, Nebraska, Nueva Jersey, Nueva York, Pensilvania, Utah, Washington y Wisconsin.<\/p>\n<p>Ante ello, el presidente de Southwest Maquila inform\u00f3 que \u201centre quienes viajan de nuestras plantas, se limitan viajes a pa\u00edses o regiones con contagios altos detectados, y se est\u00e1 monitoreando constantemente la evoluci\u00f3n de la pandemia en M\u00e9xico y en el mundo\u201d.<\/p>\n<p>En el caso de las visitas que se reciben en las empresas, expuso que se les pide contestar preguntas de s\u00edntomas que pudieran relacionarse con Covid y, si viajaron, ver que no hayan visitado pa\u00edses con nivel de contagio alto.<\/p>\n<p>El l\u00edder del organismo que agremia a parte del sector manufacturero expuso que, adem\u00e1s, al inside de las mismas se mantienen los protocolos implementados desde el a\u00f1o pasado, entre los que est\u00e1 la segmentaci\u00f3n y protecci\u00f3n en los procesos de manufactura, revisar temperatura a empleados al entrar y durante el turno, uso obligatorio de cubrebocas, as\u00ed como medidas precautorias en el transporte de private.<\/p>\n<p>\u201cY los b\u00e1sicos, que son sana distancia, limpieza constante de manos, estornudar utilizando el antebrazo para protecci\u00f3n y uso de gel sanitizante\u201d, coment\u00f3.<\/p>\n<p>igonzalez@redaccion.diario.com.mx<\/p>\n<\/p><\/div>\n\n<p><em> &#8221; Fuentes www.eldiariodechihuahua.mx &#8221; <\/em><\/p>\n","protected":false},"excerpt":{"rendered":"<p>Iris Gonz\u00e1lez \/ El Diario de Ju\u00e1rez martes, 07 diciembre 2021 | 05:00 Ante la presencia de la nueva variante \u2018\u00f3micron\u2019, empresas maquiladoras comenzaron a limitar los viajes entre sus trabajadores. H\u00e9ctor Guti\u00e9rrez, presidente de Southwest Maquila, dijo que se tienen restricciones en las visitas que sus colaboradores hacen a empresas de pa\u00edses donde se [&hellip;]<\/p>\n","protected":false},"author":4,"featured_media":239851,"comment_status":"open","ping_status":"closed","sticky":false,"template":"","format":"standard","meta":{"om_disable_all_campaigns":false,"jnews-multi-image_gallery":[],"jnews_single_post":[],"jnews_primary_category":[],"jnews_social_meta":[],"footnotes":""},"categories":[39],"tags":[715],"class_list":["post-239850","post","type-post","status-publish","format-standard","has-post-thumbnail","hentry","category-viajes","tag-economia"],"_links":{"self":[{"href":"https:\/\/dimensionturistica.com\/es\/wp-json\/wp\/v2\/posts\/239850","targetHints":{"allow":["GET"]}}],"collection":[{"href":"https:\/\/dimensionturistica.com\/es\/wp-json\/wp\/v2\/posts"}],"about":[{"href":"https:\/\/dimensionturistica.com\/es\/wp-json\/wp\/v2\/types\/post"}],"author":[{"embeddable":true,"href":"https:\/\/dimensionturistica.com\/es\/wp-json\/wp\/v2\/users\/4"}],"replies":[{"embeddable":true,"href":"https:\/\/dimensionturistica.com\/es\/wp-json\/wp\/v2\/comments?post=239850"}],"version-history":[{"count":0,"href":"https:\/\/dimensionturistica.com\/es\/wp-json\/wp\/v2\/posts\/239850\/revisions"}],"wp:featuredmedia":[{"embeddable":true,"href":"https:\/\/dimensionturistica.com\/es\/wp-json\/wp\/v2\/media\/239851"}],"wp:attachment":[{"href":"https:\/\/dimensionturistica.com\/es\/wp-json\/wp\/v2\/media?parent=239850"}],"wp:term":[{"taxonomy":"category","embeddable":true,"href":"https:\/\/dimensionturistica.com\/es\/wp-json\/wp\/v2\/categories?post=239850"},{"taxonomy":"post_tag","embeddable":true,"href":"https:\/\/dimensionturistica.com\/es\/wp-json\/wp\/v2\/tags?post=239850"}],"curies":[{"name":"wp","href":"https:\/\/api.w.org\/{rel}","templated":true}]}}