{"id":239331,"date":"2021-12-06T15:00:23","date_gmt":"2021-12-06T15:00:23","guid":{"rendered":"https:\/\/dimensionturistica.com\/es\/?p=239331"},"modified":"2021-12-06T15:00:24","modified_gmt":"2021-12-06T15:00:24","slug":"aerolinea-operara-ruta-medellin-punta-cana-a-partir-de-marzo-de-2022","status":"publish","type":"post","link":"https:\/\/dimensionturistica.com\/es\/aerolinea-operara-ruta-medellin-punta-cana-a-partir-de-marzo-de-2022\/","title":{"rendered":"Aerol\u00ednea operar\u00e1 ruta Medell\u00edn-Punta Cana a partir de marzo de 2022"},"content":{"rendered":"<p> <br \/>\n<\/p>\n<div>\n<div class=\"paragraph\" mlnid=\"idcon=17766092;order=7.0\">\n<p>La aerol\u00ednea Viva anunci\u00f3 este lunes la ruta <b>Medell\u00edn-Punta Cana<\/b>, con cuatro vuelos a la semana y facilidad en la conexi\u00f3n desde Bogot\u00e1, Cali, Cartagena y Lima. La empresa sostuvo que busca fortalecer la conectividad entre Colombia y Rep\u00fablica Dominicana.<\/p>\n<p>A\u00f1adi\u00f3 que la venta de pasajes a\u00e9reos est\u00e1 disponible desde hoy, al tiempo que indic\u00f3 que la ruta operar\u00e1 a partir del 18 de marzo de 2022; se prev\u00e9 el transporte de m\u00e1s de 51,000 pasajeros durante su primer a\u00f1o, generando el \u201cEfecto Viva\u201d con una reducci\u00f3n en las tarifas del mercado de hasta un 20% permitiendo que los pasajeros encuentren boletos desde <b>128 d\u00f3lares. <\/b><\/p>\n<p>La aerol\u00ednea indic\u00f3 que volar\u00e1 desde Medell\u00edn a Punta Cana los lunes, mi\u00e9rcoles, viernes y domingos. \u201cCon \u00e9sta ya son 10 las rutas internacionales que Viva opera desde su Hub Medell\u00edn, lo que facilita la conexi\u00f3n entre m\u00faltiples destinos en Colombia y Am\u00e9rica\u201d, se\u00f1ala la empresa en un comunicado.<\/p>\n<p>\u201cEn Viva continuamos conectando a Am\u00e9rica Latina desde el Centro de Conexiones &#8211; Hub Medell\u00edn. El anuncio de esta nueva ruta a Punta Cana ratifica nuestro plan de expansi\u00f3n internacional y fortalece nuestra participaci\u00f3n en el mercado\u201d, sostuvo F\u00e9lix Antelo, CEO del Grupo Viva.<\/p>\n<p>Agreg\u00f3: \u201cSeguimos firmes en nuestro prop\u00f3sito de dinamizar el sector a\u00e9reo en la regi\u00f3n e impulsar el turismo, hoy nuestra red de conexiones aumenta a 34 rutas dom\u00e9sticas y 10 internacionales, d\u00e1ndole la oportunidad a m\u00e1s pasajeros de volar a los mejores destinos y con la mejor puntualidad del pa\u00eds\u201d.<\/p>\n<\/p><\/div><\/div>\n\n<p><em> &#8221; Fuentes www.diariolibre.com &#8221; <\/em><\/p>\n","protected":false},"excerpt":{"rendered":"<p>La aerol\u00ednea Viva anunci\u00f3 este lunes la ruta Medell\u00edn-Punta Cana, con cuatro vuelos a la semana y facilidad en la conexi\u00f3n desde Bogot\u00e1, Cali, Cartagena y Lima. La empresa sostuvo que busca fortalecer la conectividad entre Colombia y Rep\u00fablica Dominicana. A\u00f1adi\u00f3 que la venta de pasajes a\u00e9reos est\u00e1 disponible desde hoy, al tiempo que indic\u00f3 [&hellip;]<\/p>\n","protected":false},"author":4,"featured_media":239332,"comment_status":"open","ping_status":"closed","sticky":false,"template":"","format":"standard","meta":{"om_disable_all_campaigns":false,"jnews-multi-image_gallery":[],"jnews_single_post":[],"jnews_primary_category":[],"jnews_social_meta":[],"footnotes":""},"categories":[39],"tags":[1429],"class_list":["post-239331","post","type-post","status-publish","format-standard","has-post-thumbnail","hentry","category-viajes","tag-santo-domingo"],"_links":{"self":[{"href":"https:\/\/dimensionturistica.com\/es\/wp-json\/wp\/v2\/posts\/239331","targetHints":{"allow":["GET"]}}],"collection":[{"href":"https:\/\/dimensionturistica.com\/es\/wp-json\/wp\/v2\/posts"}],"about":[{"href":"https:\/\/dimensionturistica.com\/es\/wp-json\/wp\/v2\/types\/post"}],"author":[{"embeddable":true,"href":"https:\/\/dimensionturistica.com\/es\/wp-json\/wp\/v2\/users\/4"}],"replies":[{"embeddable":true,"href":"https:\/\/dimensionturistica.com\/es\/wp-json\/wp\/v2\/comments?post=239331"}],"version-history":[{"count":0,"href":"https:\/\/dimensionturistica.com\/es\/wp-json\/wp\/v2\/posts\/239331\/revisions"}],"wp:featuredmedia":[{"embeddable":true,"href":"https:\/\/dimensionturistica.com\/es\/wp-json\/wp\/v2\/media\/239332"}],"wp:attachment":[{"href":"https:\/\/dimensionturistica.com\/es\/wp-json\/wp\/v2\/media?parent=239331"}],"wp:term":[{"taxonomy":"category","embeddable":true,"href":"https:\/\/dimensionturistica.com\/es\/wp-json\/wp\/v2\/categories?post=239331"},{"taxonomy":"post_tag","embeddable":true,"href":"https:\/\/dimensionturistica.com\/es\/wp-json\/wp\/v2\/tags?post=239331"}],"curies":[{"name":"wp","href":"https:\/\/api.w.org\/{rel}","templated":true}]}}