{"id":239148,"date":"2021-12-06T05:11:54","date_gmt":"2021-12-06T05:11:54","guid":{"rendered":"https:\/\/dimensionturistica.com\/es\/?p=239148"},"modified":"2021-12-06T05:11:54","modified_gmt":"2021-12-06T05:11:54","slug":"la-camara-de-comercio-de-espana-en-francia-premia-a-vicky-foods","status":"publish","type":"post","link":"https:\/\/dimensionturistica.com\/es\/la-camara-de-comercio-de-espana-en-francia-premia-a-vicky-foods\/","title":{"rendered":"La C\u00e1mara de Comercio de Espa\u00f1a en Francia premia a Vicky Foods"},"content":{"rendered":"<p> <br \/>\n<\/p>\n<div>\n<p>VAL\u00c8NCIA. La empresa valenciana <strong>Vicky Meals<\/strong>, casa matriz de marcas como Dulcesol, recibi\u00f3 este mi\u00e9rcoles el premio a la empresa espa\u00f1ola del a\u00f1o de la C\u00e1mara de Comercio de Espa\u00f1a en Francia (COCEF), en un acto celebrado en Par\u00eds.<\/p>\n<p>Su consejero delegado, <strong>Rafael Juan<\/strong>, dijo al recibirlo en la ceremonia anual de la COCEF que la distinci\u00f3n es &#8220;de una importancia capital&#8221; para su empresa, que tiene en Francia &#8220;un mercado estrat\u00e9gico&#8221;.<\/p>\n<p>El responsable de CaixaBank en Francia, <strong>V\u00edctor Granero<\/strong>, que se encarg\u00f3 de su presentaci\u00f3n, record\u00f3 que Vicky Meals es un grupo acquainted fundado en 1952 que distribuye sus productos en m\u00e1s de 40 pa\u00edses en todo el mundo.<\/p>\n<p>La sociedad valenciana anunci\u00f3 este a\u00f1o la construcci\u00f3n de una planta de fabricaci\u00f3n de boller\u00eda y pasteler\u00eda en la ciudad francesa de Chalon-sur-Sa\u00f4ne que representar\u00e1 una inversi\u00f3n de unos 50 millones de euros y que deber\u00eda entrar en funcionamiento en 2023.<\/p>\n<p><img decoding=\"async\" src=\"https:\/\/valenciaplaza.com\/public\/Image\/2021\/12\/rafael-juan_forCrop.jpg\" class=\"fr-fic fr-dib\" alt=\"Rafael Juan, CEO de Vicky Foods\"\/><\/p>\n<p>La COCEF atribuy\u00f3 su premio a la empresa francesa del a\u00f1o al gigante energ\u00e9tico TotalEnergies, que ha cambiado de identidad para marcar su proceso de evoluci\u00f3n del negocio, hasta ahora centrado en el petr\u00f3leo y que busca decantarse cada vez m\u00e1s por las renovables.<\/p>\n<p>TotalEnergies es actualmente la cuarta empresa de aprovisionamiento de fuel y de electricidad en Espa\u00f1a, donde va a invertir 4.000 millones de euros de aqu\u00ed a 2025.<\/p>\n<p>Su presidente de los negocios de fuel, renovables y electricidad, <strong>St\u00e9phane Michel,<\/strong> se\u00f1al\u00f3 que el gigante franc\u00e9s se ha fijado la meta de estar entre las cinco mayores compa\u00f1\u00edas mundiales en el campo de las renovables.<\/p>\n<p>La sociedad de infraestructuras de telecomunicaciones Cellnex se llev\u00f3 el premio de la inversi\u00f3n de Espa\u00f1a en Francia, donde desde su llegada en 2016 ha invertido m\u00e1s de 11.000 millones de euros.<\/p>\n<p>El de la inversi\u00f3n de Francia en Espa\u00f1a fue para la cadena de \u00f3pticas Alain Afflelou, que entr\u00f3 en el mercado espa\u00f1ol en 2003 y cuenta ahora con 340 puntos de venta.<\/p>\n<p>La COCEF distingui\u00f3 como personalidad espa\u00f1ola de este a\u00f1o al presidente de la Agencia Bancaria Europea, <strong>Jos\u00e9 Manuel Campa<\/strong>, y como personalidad en Francia al consejero delegado de Renault, <strong>Luca de Meo<\/strong>, que anteriormente hab\u00eda sido el m\u00e1ximo responsable de la marca espa\u00f1ola Seat del grupo alem\u00e1n Volkswagen.<\/p>\n<p>El premio de la inclusi\u00f3n se lo llev\u00f3 la empresa Sifu, por la integraci\u00f3n de personas con minusval\u00eda y el de la solidaridad el gigante de los cosm\u00e9ticos L&#8217;Or\u00e9al por su planta de fabricaci\u00f3n de productos de peluquer\u00eda de Burgos, presentada como ejemplar en t\u00e9rminos medioambientales y sociales.<\/p>\n<p>El galard\u00f3n de la excelencia femenina fue para la ejecutiva espa\u00f1ola <strong>Berta de Pablos Barbier<\/strong>, al frente de la prestigiosa marca de champ\u00e1n franc\u00e9s Mo\u00ebt &amp; Chandon, propiedad del grupo LVMH.<\/p>\n<p>El acto cont\u00f3, entre otros, con el presidente de la COCEF, <strong>Jos\u00e9 Miguel Garc\u00eda<\/strong>, y con el embajador de Espa\u00f1a en Francia, <strong>Victorio Redondo<\/strong>.<\/p>\n<\/div>\n\n<p><em> \u2018 The preceding article may include information circulated by third parties \u2019 <\/em><\/p>\n<p><em> \u2018 Some details of this article were extracted from the following source valenciaplaza.com \u2019 <\/em><\/p>\n","protected":false},"excerpt":{"rendered":"<p>VAL\u00c8NCIA. La empresa valenciana Vicky Meals, casa matriz de marcas como Dulcesol, recibi\u00f3 este mi\u00e9rcoles el premio a la empresa espa\u00f1ola del a\u00f1o de la C\u00e1mara de Comercio de Espa\u00f1a en Francia (COCEF), en un acto celebrado en Par\u00eds. Su consejero delegado, Rafael Juan, dijo al recibirlo en la ceremonia anual de la COCEF que [&hellip;]<\/p>\n","protected":false},"author":2,"featured_media":239149,"comment_status":"open","ping_status":"closed","sticky":false,"template":"","format":"standard","meta":{"om_disable_all_campaigns":false,"jnews-multi-image_gallery":[],"jnews_single_post":[],"jnews_primary_category":[],"jnews_social_meta":[],"footnotes":""},"categories":[43],"tags":[],"class_list":["post-239148","post","type-post","status-publish","format-standard","has-post-thumbnail","hentry","category-gourmet"],"_links":{"self":[{"href":"https:\/\/dimensionturistica.com\/es\/wp-json\/wp\/v2\/posts\/239148","targetHints":{"allow":["GET"]}}],"collection":[{"href":"https:\/\/dimensionturistica.com\/es\/wp-json\/wp\/v2\/posts"}],"about":[{"href":"https:\/\/dimensionturistica.com\/es\/wp-json\/wp\/v2\/types\/post"}],"author":[{"embeddable":true,"href":"https:\/\/dimensionturistica.com\/es\/wp-json\/wp\/v2\/users\/2"}],"replies":[{"embeddable":true,"href":"https:\/\/dimensionturistica.com\/es\/wp-json\/wp\/v2\/comments?post=239148"}],"version-history":[{"count":0,"href":"https:\/\/dimensionturistica.com\/es\/wp-json\/wp\/v2\/posts\/239148\/revisions"}],"wp:featuredmedia":[{"embeddable":true,"href":"https:\/\/dimensionturistica.com\/es\/wp-json\/wp\/v2\/media\/239149"}],"wp:attachment":[{"href":"https:\/\/dimensionturistica.com\/es\/wp-json\/wp\/v2\/media?parent=239148"}],"wp:term":[{"taxonomy":"category","embeddable":true,"href":"https:\/\/dimensionturistica.com\/es\/wp-json\/wp\/v2\/categories?post=239148"},{"taxonomy":"post_tag","embeddable":true,"href":"https:\/\/dimensionturistica.com\/es\/wp-json\/wp\/v2\/tags?post=239148"}],"curies":[{"name":"wp","href":"https:\/\/api.w.org\/{rel}","templated":true}]}}