{"id":238951,"date":"2021-12-05T19:01:32","date_gmt":"2021-12-05T19:01:32","guid":{"rendered":"https:\/\/dimensionturistica.com\/es\/?p=238951"},"modified":"2021-12-05T19:01:33","modified_gmt":"2021-12-05T19:01:33","slug":"barbara-de-regil-disfruta-de-sus-vacaciones-en-familia-a-lado-de-alejandro-fernandez-y-su-novia","status":"publish","type":"post","link":"https:\/\/dimensionturistica.com\/es\/barbara-de-regil-disfruta-de-sus-vacaciones-en-familia-a-lado-de-alejandro-fernandez-y-su-novia\/","title":{"rendered":"B\u00e1rbara de Regil disfruta de sus vacaciones en familia a lado de Alejandro Fern\u00e1ndez y su novia"},"content":{"rendered":"<p> <br \/>\n<\/p>\n<div>\n<p>La protagonista de <strong>Rosario Tijeras<\/strong> se encuentra de vacaciones en compa\u00f1\u00eda de su esposo Fernando Schoenwald y familia , por lo que las<a rel=\"nofollow noopener\" target=\"_blank\" href=\"https:\/\/www.soycarmin.com\/celebs\/Kristal-Silva-enamora-en-un-sencillo-y-encantador-vestido-azul-con-medias-de-lunares-20211204-0036.html\"> fotograf\u00edas<\/a> en ba\u00f1ador\u00a0\u00a0no han parado, tanto que el d\u00eda de hoy compartieron una serie de im\u00e1genes en donde presumen su cercana amistad con El Potrillo.<\/p>\n<p>Te puede interesar: <a rel=\"nofollow noopener\" target=\"_blank\" href=\"https:\/\/www.soycarmin.com\/celebs\/danna-paola-oxigeno-enfermedad-20211205-0004.html\">Danna Paola con ox\u00edgeno y en cama pide a sus fans que se cuiden\u00a0<\/a><\/p>\n<p>B\u00e1rbara de Regil es una de las <a rel=\"nofollow noopener\" target=\"_blank\" href=\"https:\/\/www.soycarmin.com\/celebs\/adele-vestido-look-20211204-0029.html\">artistas<\/a> m\u00e1s codiciadas del <strong>espect\u00e1culo<\/strong>, la cual recientemente ha sido blanco de muchas opiniones negativas, aunque le importa poco, ya que desde hace d\u00edas presumi\u00f3 a trav\u00e9s de su cuenta de Instagram lo bien que la pasa en Puerto Vallarta.<\/p>\n<p>Vacaciones a las que no acudi\u00f3 sola, ya que no solo se encuentra en compa\u00f1\u00eda de su hija, hermana y esposo. El d\u00eda de hoy sorprendi\u00f3 a todos sus seguidores al publicar una serie de fotograf\u00edas en compa\u00f1\u00eda de<strong> Alejandro Fern\u00e1ndez<\/strong> y su novia, en donde se les ve muy felices.<\/p>\n<p>Supongo que eran pocos los que sab\u00edan que estas dos figuras p\u00fablicas mantienen una<strong> relaci\u00f3n <\/strong>tan cercana, aunque no solo llam\u00f3 la atenci\u00f3n lo bien que la est\u00e1n pasando, sino tambi\u00e9n el cuerpazo que posee la actriz, ya que esta serie de im\u00e1genes incluyeron fotos en donde posa sola.<\/p>\n<p>Te puede interesar: <a rel=\"nofollow noopener\" target=\"_blank\" href=\"https:\/\/www.soycarmin.com\/celebs\/thalia-look-edad-20211204-0042.html\">Thal\u00eda presume su famosa cinturita en cors\u00e9 de piel y botas de lentejuelas\u00a0<\/a><\/p>\n<p>En dichas im\u00e1genes porta un ba\u00f1ador de cebra, con el cual opac\u00f3 a la novia de Alejandro Fern\u00e1ndez, ya que presumi\u00f3 su marcado <strong>stomach <\/strong>y su gran durazno, aqu\u00ed queda plasmado el sacrificio de acudir al gimnasio diario, adem\u00e1s de llevar una dieta estricta.<\/p>\n<p>\u00a0B\u00e1rbara de Regil agreg\u00f3 a esta publicaci\u00f3n un emotivo mensaje, \u201cConf\u00eda en que te mereces todo lo bueno del mundo y todo lo bueno te encontrar\u00e1\u201d, palabras inspiraciones que brotan de tardes de tranquilidad y <strong>diversi\u00f3n<\/strong> en uno de los lugares m\u00e1s relajantes.<\/p>\n<p>Sus seguidores de inmediato comentaron esta publicaci\u00f3n, envi\u00e1ndole buenos deseos y resaltando sus atributos, adem\u00e1s de <strong>Karla Laveaga<\/strong> coment\u00f3 muy efusiva, \u201cEl mejor d\u00eda, te quiero mucho mucho\u201d, por lo que parece que ya son grandes amigas.<\/p>\n<p>Por ahora no nos queda m\u00e1s que desearles que la hayan pasado s\u00faper bien en esas merecidas vacaciones, ya que al parecer se encuentran fuera de este<strong> para\u00edso<\/strong>. La verdad es que la playa es uno de los mejores destinos para salir de la rutina y el estr\u00e9s.<\/p>\n<p>Seguiremos al pendiente de m\u00e1s publicaciones en su cuenta de <strong>Instagram<\/strong>, adem\u00e1s de que estamos ansiosas por saber alguna noticia respecto a sus proyectos profesionales, ya que desde el lanzamiento de su serie no se ha sabido de m\u00e1s planes futuros.<\/p>\n<\/p><\/div>\n\n<p><em> &#8221; Fuentes www.soycarmin.com &#8221; <\/em><\/p>\n","protected":false},"excerpt":{"rendered":"<p>La protagonista de Rosario Tijeras se encuentra de vacaciones en compa\u00f1\u00eda de su esposo Fernando Schoenwald y familia , por lo que las fotograf\u00edas en ba\u00f1ador\u00a0\u00a0no han parado, tanto que el d\u00eda de hoy compartieron una serie de im\u00e1genes en donde presumen su cercana amistad con El Potrillo. Te puede interesar: Danna Paola con ox\u00edgeno [&hellip;]<\/p>\n","protected":false},"author":4,"featured_media":238952,"comment_status":"open","ping_status":"closed","sticky":false,"template":"","format":"standard","meta":{"om_disable_all_campaigns":false,"jnews-multi-image_gallery":[],"jnews_single_post":[],"jnews_primary_category":[],"jnews_social_meta":[],"footnotes":""},"categories":[39],"tags":[36998,36997],"class_list":["post-238951","post","type-post","status-publish","format-standard","has-post-thumbnail","hentry","category-viajes","tag-alejandro-fernandez","tag-barbara-de-regil"],"_links":{"self":[{"href":"https:\/\/dimensionturistica.com\/es\/wp-json\/wp\/v2\/posts\/238951","targetHints":{"allow":["GET"]}}],"collection":[{"href":"https:\/\/dimensionturistica.com\/es\/wp-json\/wp\/v2\/posts"}],"about":[{"href":"https:\/\/dimensionturistica.com\/es\/wp-json\/wp\/v2\/types\/post"}],"author":[{"embeddable":true,"href":"https:\/\/dimensionturistica.com\/es\/wp-json\/wp\/v2\/users\/4"}],"replies":[{"embeddable":true,"href":"https:\/\/dimensionturistica.com\/es\/wp-json\/wp\/v2\/comments?post=238951"}],"version-history":[{"count":0,"href":"https:\/\/dimensionturistica.com\/es\/wp-json\/wp\/v2\/posts\/238951\/revisions"}],"wp:featuredmedia":[{"embeddable":true,"href":"https:\/\/dimensionturistica.com\/es\/wp-json\/wp\/v2\/media\/238952"}],"wp:attachment":[{"href":"https:\/\/dimensionturistica.com\/es\/wp-json\/wp\/v2\/media?parent=238951"}],"wp:term":[{"taxonomy":"category","embeddable":true,"href":"https:\/\/dimensionturistica.com\/es\/wp-json\/wp\/v2\/categories?post=238951"},{"taxonomy":"post_tag","embeddable":true,"href":"https:\/\/dimensionturistica.com\/es\/wp-json\/wp\/v2\/tags?post=238951"}],"curies":[{"name":"wp","href":"https:\/\/api.w.org\/{rel}","templated":true}]}}