{"id":238436,"date":"2021-12-04T17:02:41","date_gmt":"2021-12-04T17:02:41","guid":{"rendered":"https:\/\/dimensionturistica.com\/es\/?p=238436"},"modified":"2021-12-04T17:02:42","modified_gmt":"2021-12-04T17:02:42","slug":"cuba-se-prepara-para-recibir-nuevamente-cruceros-turisticos","status":"publish","type":"post","link":"https:\/\/dimensionturistica.com\/es\/cuba-se-prepara-para-recibir-nuevamente-cruceros-turisticos\/","title":{"rendered":"Cuba se prepara para recibir nuevamente cruceros tur\u00edsticos"},"content":{"rendered":"<p> <br \/>\n<\/p>\n<div>\n<p>El Ministerio de Transporte asegur\u00f3 que la instalaci\u00f3n Sierra Maestra, con sus muelles Norte y Sur, qued\u00f3 lista para nuevas operaciones, de acuerdo con una resoluci\u00f3n con relieve en los medios este fin de semana.<\/p>\n<p>Dicha terminal se integra as\u00ed al proceso de recuperaci\u00f3n de los viajes internacionales a Cuba, bajo estrictas medidas de seguridad sanitaria para enfrentar a la Covid-19.<\/p>\n<p>Operada por la Sociedad Mercantil Cubana Aries S.A., ese sector del puerto de La Habana desarrollar\u00e1 los servicios de atraque a embarcaciones cuando tenga capacidades ociosas en la programaci\u00f3n de cruceros y transbordadores.<\/p>\n<p>Adem\u00e1s, oficiar\u00e1 manipulaci\u00f3n del equipaje no acompa\u00f1ado, pase a muelle de veh\u00edculos automotores, izaje y operaci\u00f3n de mercanc\u00edas, arrendamiento de espacios cerrados o abiertos, y alquiler de almacenes en tr\u00e1nsito aduanal.<\/p>\n<p>Por esta v\u00eda antes de la pandemia llegaron a la isla numerosos cruceristas del Reino Unido, Alemania y Estados Unidos.<\/p>\n<p>La situaci\u00f3n epidemiol\u00f3gica internacional y las disposiciones del gobierno de Estados Unidos influyeron desfavorablemente en las llegadas de estas embarcaciones a Cuba, aunque se espera un restablecimiento paulatino durante los pr\u00f3ximos meses.<\/p>\n<p>Esa instalaci\u00f3n ofrece acceso al Centro Hist\u00f3rico de la capital cubana. El edificio central, inaugurado en 1914, es uno de los inmuebles que identifican a la rada y en su momento acogi\u00f3 a la Capitan\u00eda del Puerto, la Polic\u00eda Mar\u00edtima, y los m\u00e9dicos de la instalaci\u00f3n.<\/p>\n<p>Tambi\u00e9n sirvi\u00f3 de sede del Departamento de Inmigraci\u00f3n y la Inspecci\u00f3n Normal del Puerto. Este gran complejo, con sus tres viejos espigones (San Francisco, La Machina y Santa Clara), cuenta con grado II de protecci\u00f3n, otorgado por la Comisi\u00f3n Nacional de Monumentos de Cuba.<\/p>\n<p>Precisamente anexo a la terminal, avanza la ejecuci\u00f3n del lodge Actual Aduana, que contar\u00e1 con 55 habitaciones y funcionar\u00e1 con categor\u00eda cinco estrellas bajo la gesti\u00f3n de Hoteles Habaguanex.<\/p>\n<p>rgh\/rfc<\/p>\n<\/p><\/div>\n\n<p><em> &#8221; Fuentes www.prensa-latina.cu &#8221; <\/em><\/p>\n","protected":false},"excerpt":{"rendered":"<p>El Ministerio de Transporte asegur\u00f3 que la instalaci\u00f3n Sierra Maestra, con sus muelles Norte y Sur, qued\u00f3 lista para nuevas operaciones, de acuerdo con una resoluci\u00f3n con relieve en los medios este fin de semana. Dicha terminal se integra as\u00ed al proceso de recuperaci\u00f3n de los viajes internacionales a Cuba, bajo estrictas medidas de seguridad [&hellip;]<\/p>\n","protected":false},"author":4,"featured_media":238437,"comment_status":"open","ping_status":"closed","sticky":false,"template":"","format":"standard","meta":{"om_disable_all_campaigns":false,"jnews-multi-image_gallery":[],"jnews_single_post":[],"jnews_primary_category":[],"jnews_social_meta":[],"footnotes":""},"categories":[41],"tags":[715,35201,544],"class_list":["post-238436","post","type-post","status-publish","format-standard","has-post-thumbnail","hentry","category-cruceros","tag-economia","tag-nota-informativa","tag-turismo"],"_links":{"self":[{"href":"https:\/\/dimensionturistica.com\/es\/wp-json\/wp\/v2\/posts\/238436","targetHints":{"allow":["GET"]}}],"collection":[{"href":"https:\/\/dimensionturistica.com\/es\/wp-json\/wp\/v2\/posts"}],"about":[{"href":"https:\/\/dimensionturistica.com\/es\/wp-json\/wp\/v2\/types\/post"}],"author":[{"embeddable":true,"href":"https:\/\/dimensionturistica.com\/es\/wp-json\/wp\/v2\/users\/4"}],"replies":[{"embeddable":true,"href":"https:\/\/dimensionturistica.com\/es\/wp-json\/wp\/v2\/comments?post=238436"}],"version-history":[{"count":0,"href":"https:\/\/dimensionturistica.com\/es\/wp-json\/wp\/v2\/posts\/238436\/revisions"}],"wp:featuredmedia":[{"embeddable":true,"href":"https:\/\/dimensionturistica.com\/es\/wp-json\/wp\/v2\/media\/238437"}],"wp:attachment":[{"href":"https:\/\/dimensionturistica.com\/es\/wp-json\/wp\/v2\/media?parent=238436"}],"wp:term":[{"taxonomy":"category","embeddable":true,"href":"https:\/\/dimensionturistica.com\/es\/wp-json\/wp\/v2\/categories?post=238436"},{"taxonomy":"post_tag","embeddable":true,"href":"https:\/\/dimensionturistica.com\/es\/wp-json\/wp\/v2\/tags?post=238436"}],"curies":[{"name":"wp","href":"https:\/\/api.w.org\/{rel}","templated":true}]}}