{"id":237374,"date":"2021-12-02T22:26:13","date_gmt":"2021-12-02T22:26:13","guid":{"rendered":"https:\/\/dimensionturistica.com\/es\/?p=237374"},"modified":"2021-12-02T22:26:13","modified_gmt":"2021-12-02T22:26:13","slug":"buscan-la-proteccion-de-ninos-ninas-y-adolescentes-en-el-sector-de-viajes-y-turismo-diario-de-queretaro","status":"publish","type":"post","link":"https:\/\/dimensionturistica.com\/es\/buscan-la-proteccion-de-ninos-ninas-y-adolescentes-en-el-sector-de-viajes-y-turismo-diario-de-queretaro\/","title":{"rendered":"Buscan la protecci\u00f3n de Ni\u00f1os, Ni\u00f1as y Adolescentes en el sector de viajes y turismo &#8211; Diario de Quer\u00e9taro"},"content":{"rendered":"<p> <br \/>\n<\/p>\n<div id=\"content-body-5851641-7555728\">\n<p>Quer\u00e9taro fue sede de la sesi\u00f3n de la Estrategia Integral de Prevenci\u00f3n a la Trata de Personas y el Trabajo Infantil en el sector de viajes y turismo, as\u00ed como de la presentaci\u00f3n del C\u00f3digo de Conducta Nacional para la Protecci\u00f3n de Ni\u00f1os, Ni\u00f1as y Adolescentes en el sector de viajes y turismo.<\/p>\n<p>Participaron representantes de empresas tur\u00edsticas de la entidad, corporaciones de seguridad y protecci\u00f3n civil; as\u00ed como diversas instancias gubernamentales, con el objetivo de sensibilizarse y alinear acciones frente a este fen\u00f3meno social y contribuir a la prevenci\u00f3n de la trata de personas, con prioridad en ni\u00f1as, ni\u00f1os y adolescentes en toda la industria tur\u00edstica.<\/p>\n<p>La titular de la Secretar\u00eda de Turismo de Quer\u00e9taro, Mariela Mor\u00e1n Ocampo, sostuvo que el m\u00e1s alto compromiso que tiene este sector, es con la igualdad, la inclusi\u00f3n y el m\u00e1ximo respeto a los derechos humanos. Agreg\u00f3 que por instrucciones del gobernador, Mauricio Kuri Gonz\u00e1lez, Quer\u00e9taro debe ser un destino tur\u00edstico incluyente y respetuoso del marco authorized que ampara a cada ciudadano y visitante.<\/p>\n<p>&#8220;Estamos convencidos de la alta responsabilidad que tenemos, y por ello, hemos comenzado acciones concretas para convertir a Quer\u00e9taro en un destino m\u00e1s seguro, incluyente e igualitario, prueba de ello es que tenemos al Centro de Atenci\u00f3n y Protecci\u00f3n al Turista (CAPTA), \u00fanico en su tipo en el centro del pa\u00eds, un organismo que cuenta con una estrecha vinculaci\u00f3n con los cuerpos se seguridad, atenci\u00f3n m\u00e9dica, protecci\u00f3n civil y apoyo consular, que nos permita atender cualquier incidencia que puedan tener nuestros visitantes, durante su estancia&#8221;, subray\u00f3.<\/p>\n<\/div>\n<p><script>(function(d, s, id) {\nvar js, fjs = d.getElementsByTagName(s)[0];\nif (d.getElementById(id)) return;\njs = d.createElement(s); js.id = id;\njs.src=\"https:\/\/connect.facebook.net\/es_LA\/sdk.js#xfbml=1&version=v3.2&appId=193330489502691&autoLogAppEvents=1\";\nfjs.parentNode.insertBefore(js, fjs);\n}(document, 'script', 'facebook-jssdk'));\n<\/script><br \/>\n<br \/><\/p>\n<p><em> &#8221; Fuentes www.diariodequeretaro.com.mx &#8221; <\/em><\/p>\n","protected":false},"excerpt":{"rendered":"<p>Quer\u00e9taro fue sede de la sesi\u00f3n de la Estrategia Integral de Prevenci\u00f3n a la Trata de Personas y el Trabajo Infantil en el sector de viajes y turismo, as\u00ed como de la presentaci\u00f3n del C\u00f3digo de Conducta Nacional para la Protecci\u00f3n de Ni\u00f1os, Ni\u00f1as y Adolescentes en el sector de viajes y turismo. Participaron representantes [&hellip;]<\/p>\n","protected":false},"author":4,"featured_media":0,"comment_status":"open","ping_status":"closed","sticky":false,"template":"","format":"standard","meta":{"om_disable_all_campaigns":false,"jnews-multi-image_gallery":[],"jnews_single_post":[],"jnews_primary_category":[],"jnews_social_meta":[],"footnotes":""},"categories":[39],"tags":[544],"class_list":["post-237374","post","type-post","status-publish","format-standard","hentry","category-viajes","tag-turismo"],"_links":{"self":[{"href":"https:\/\/dimensionturistica.com\/es\/wp-json\/wp\/v2\/posts\/237374","targetHints":{"allow":["GET"]}}],"collection":[{"href":"https:\/\/dimensionturistica.com\/es\/wp-json\/wp\/v2\/posts"}],"about":[{"href":"https:\/\/dimensionturistica.com\/es\/wp-json\/wp\/v2\/types\/post"}],"author":[{"embeddable":true,"href":"https:\/\/dimensionturistica.com\/es\/wp-json\/wp\/v2\/users\/4"}],"replies":[{"embeddable":true,"href":"https:\/\/dimensionturistica.com\/es\/wp-json\/wp\/v2\/comments?post=237374"}],"version-history":[{"count":0,"href":"https:\/\/dimensionturistica.com\/es\/wp-json\/wp\/v2\/posts\/237374\/revisions"}],"wp:attachment":[{"href":"https:\/\/dimensionturistica.com\/es\/wp-json\/wp\/v2\/media?parent=237374"}],"wp:term":[{"taxonomy":"category","embeddable":true,"href":"https:\/\/dimensionturistica.com\/es\/wp-json\/wp\/v2\/categories?post=237374"},{"taxonomy":"post_tag","embeddable":true,"href":"https:\/\/dimensionturistica.com\/es\/wp-json\/wp\/v2\/tags?post=237374"}],"curies":[{"name":"wp","href":"https:\/\/api.w.org\/{rel}","templated":true}]}}