{"id":237047,"date":"2021-12-02T13:46:18","date_gmt":"2021-12-02T13:46:18","guid":{"rendered":"https:\/\/dimensionturistica.com\/es\/?p=237047"},"modified":"2021-12-02T13:46:19","modified_gmt":"2021-12-02T13:46:19","slug":"mendoza-expone-sus-atractivos-en-la-feria-internacional-de-turismo","status":"publish","type":"post","link":"https:\/\/dimensionturistica.com\/es\/mendoza-expone-sus-atractivos-en-la-feria-internacional-de-turismo\/","title":{"rendered":"Mendoza expone sus atractivos en la Feria Internacional de\u00a0Turismo"},"content":{"rendered":"<p> <br \/>\n<\/p>\n<div id=\"cuerpo-nota\">\n<p>Este a\u00f1o,\u00a0la <strong>Feria Internacional de\u00a0Turismo regresa a La Rural <\/strong>de Buenos Aires y <strong>Mendoza volver\u00e1 a estar presente<\/strong>. Esta edici\u00f3n genera mucha expectativa en el sector,\u00a0porque vuelve a ser presencial. La provincia desplegar\u00e1 todos sus atractivos en un stand de 520 metros.<\/p>\n<p>Nuestra provincia se viene posicionando como uno de los <strong>destinos m\u00e1s elegidos del pa\u00eds <\/strong>y medios internacionales como la revista Time y Forbes la destacan como uno de los mejores destinos del mundo.<\/p>\n<p>Recientemente, en el marco de las <strong>Jornadas Nacionales de Turismo del Vino <\/strong>y seg\u00fan datos del Observatorio Econ\u00f3mico de Turismo del Vino, a cargo de INPROTUR\/UBA, <strong>3 de cada 10 encuestados eligen nuestra provincia<\/strong>, lo que la convierte en el principal destino enotur\u00edstico del pa\u00eds.<\/p>\n<p><img decoding=\"async\" alt=\"\" src=\"https:\/\/www.mendovoz.com\/u\/fotografias\/m\/2021\/12\/2\/f768x1-159630_159757_15.jpg\"\/><\/p>\n<p>Del 4 al 7 de diciembre,\u00a0el <strong>turismo de Am\u00e9rica Latina se reencontrar\u00e1 en la feria <\/strong>m\u00e1s convocante de Argentina. El Gobierno de Mendoza, para este\u00a0importante\u00a0evento, se ha preparado un\u00a0 gran stand\u00a0 que contar\u00e1 con la presencia de representantes de todos los municipios y <strong>30 espacios\u00a0especialmente destinados a operadores<\/strong>.<\/p>\n<p>Tambi\u00e9n acompa\u00f1ar\u00e1n a la comitiva mendocina la <strong>Reina\u00a0Nacional de la Vendimia, Mayra Tous\u00a0<\/strong>y\u00a0la\u00a0<strong>Virreina, Mar\u00eda Eugenia Serrani<\/strong>,\u00a0como principales embajadoras del destino.<\/p>\n<p><img decoding=\"async\" alt=\"\" height=\"488\" src=\"https:\/\/www.mendovoz.com\/u\/fotografias\/m\/2021\/12\/2\/f768x1-159629_159756_9.jpg\" width=\"768\"\/><\/p>\n<p>\u00a0\n<\/p>\n<p>\u00a0\n<\/p>\n<p>\u00a0\n<\/p>\n<\/div>\n\n<p><em> &#8221; Fuentes www.mendovoz.com &#8221; <\/em><\/p>\n","protected":false},"excerpt":{"rendered":"<p>Este a\u00f1o,\u00a0la Feria Internacional de\u00a0Turismo regresa a La Rural de Buenos Aires y Mendoza volver\u00e1 a estar presente. Esta edici\u00f3n genera mucha expectativa en el sector,\u00a0porque vuelve a ser presencial. La provincia desplegar\u00e1 todos sus atractivos en un stand de 520 metros. Nuestra provincia se viene posicionando como uno de los destinos m\u00e1s elegidos del [&hellip;]<\/p>\n","protected":false},"author":4,"featured_media":237048,"comment_status":"open","ping_status":"closed","sticky":false,"template":"","format":"standard","meta":{"om_disable_all_campaigns":false,"jnews-multi-image_gallery":[],"jnews_single_post":[],"jnews_primary_category":[],"jnews_social_meta":[],"footnotes":""},"categories":[39],"tags":[544],"class_list":["post-237047","post","type-post","status-publish","format-standard","has-post-thumbnail","hentry","category-viajes","tag-turismo"],"_links":{"self":[{"href":"https:\/\/dimensionturistica.com\/es\/wp-json\/wp\/v2\/posts\/237047","targetHints":{"allow":["GET"]}}],"collection":[{"href":"https:\/\/dimensionturistica.com\/es\/wp-json\/wp\/v2\/posts"}],"about":[{"href":"https:\/\/dimensionturistica.com\/es\/wp-json\/wp\/v2\/types\/post"}],"author":[{"embeddable":true,"href":"https:\/\/dimensionturistica.com\/es\/wp-json\/wp\/v2\/users\/4"}],"replies":[{"embeddable":true,"href":"https:\/\/dimensionturistica.com\/es\/wp-json\/wp\/v2\/comments?post=237047"}],"version-history":[{"count":0,"href":"https:\/\/dimensionturistica.com\/es\/wp-json\/wp\/v2\/posts\/237047\/revisions"}],"wp:featuredmedia":[{"embeddable":true,"href":"https:\/\/dimensionturistica.com\/es\/wp-json\/wp\/v2\/media\/237048"}],"wp:attachment":[{"href":"https:\/\/dimensionturistica.com\/es\/wp-json\/wp\/v2\/media?parent=237047"}],"wp:term":[{"taxonomy":"category","embeddable":true,"href":"https:\/\/dimensionturistica.com\/es\/wp-json\/wp\/v2\/categories?post=237047"},{"taxonomy":"post_tag","embeddable":true,"href":"https:\/\/dimensionturistica.com\/es\/wp-json\/wp\/v2\/tags?post=237047"}],"curies":[{"name":"wp","href":"https:\/\/api.w.org\/{rel}","templated":true}]}}