{"id":236928,"date":"2021-12-02T09:31:46","date_gmt":"2021-12-02T09:31:46","guid":{"rendered":"https:\/\/dimensionturistica.com\/es\/?p=236928"},"modified":"2021-12-02T09:31:46","modified_gmt":"2021-12-02T09:31:46","slug":"ebro-foods-compra-37-000-acciones-autocartera-a-1709-euros-para-retribucion","status":"publish","type":"post","link":"https:\/\/dimensionturistica.com\/es\/ebro-foods-compra-37-000-acciones-autocartera-a-1709-euros-para-retribucion\/","title":{"rendered":"Ebro Foods compra 37.000 acciones autocartera a 17,09 euros para retribuci\u00f3n"},"content":{"rendered":"<p> <br \/>\n<\/p>\n<div>\n<p>Hyperlink Securities | Con el fin de atender las solicitudes de adhesi\u00f3n voluntaria al <strong>Plan retributivo de entrega de acciones<\/strong> para el ejercicio 2021, con fecha 24 y 25 de noviembre de 2021 <strong>Ebro Meals (EBRO) compr\u00f3 en autocartera 37.000 acciones al precio medio de 17,09 euros por acci\u00f3n<\/strong>, de las cuales est\u00e1 previsto entregar las acciones solicitadas por los empleados adheridos mediante su dep\u00f3sito en las cuentas de valores designadas por los mismos.\u00a0<\/p>\n<p>En specific, est\u00e1 previsto<strong> entregar 36.172 acciones de la autocartera a 70 empleados de Ebro Meals,<\/strong> tanto de la sociedad matriz como de sus filiales espa\u00f1olas, con cargo a su<strong> retribuci\u00f3n variable 2021 <\/strong>y, en su caso, <strong>su retribuci\u00f3n fija correspondiente a 2022.\u00a0<\/strong><\/p>\n<p>De conformidad con el Plan, las acciones a entregar han sido valoradas a <strong>17 euros por acci\u00f3n<\/strong>, por ser el precio de cotizaci\u00f3n de cierre de las mismas del martes. Ebro Meals ordenado la venta de las 828 acciones restantes de la autocartera adquirida por la Sociedad en el marco del R\u00e9gimen, al precio del valor de cotizaci\u00f3n de la acci\u00f3n en el momento de la venta. Esta orden est\u00e1 pendiente de ejecuci\u00f3n.\u00a0<\/p>\n<p><!-- Simple Share Buttons Adder (8.1.2) simplesharebuttons.com -->\t\t\t\t\t<\/div>\n\n<p><em> \u2018 The preceding article may include information circulated by third parties \u2019 <\/em><\/p>\n<p><em> \u2018 Some details of this article were extracted from the following source consensodelmercado.com \u2019 <\/em><\/p>\n","protected":false},"excerpt":{"rendered":"<p>Hyperlink Securities | Con el fin de atender las solicitudes de adhesi\u00f3n voluntaria al Plan retributivo de entrega de acciones para el ejercicio 2021, con fecha 24 y 25 de noviembre de 2021 Ebro Meals (EBRO) compr\u00f3 en autocartera 37.000 acciones al precio medio de 17,09 euros por acci\u00f3n, de las cuales est\u00e1 previsto entregar [&hellip;]<\/p>\n","protected":false},"author":2,"featured_media":236929,"comment_status":"open","ping_status":"closed","sticky":false,"template":"","format":"standard","meta":{"om_disable_all_campaigns":false,"jnews-multi-image_gallery":[],"jnews_single_post":[],"jnews_primary_category":[],"jnews_social_meta":[],"footnotes":""},"categories":[43],"tags":[],"class_list":["post-236928","post","type-post","status-publish","format-standard","has-post-thumbnail","hentry","category-gourmet"],"_links":{"self":[{"href":"https:\/\/dimensionturistica.com\/es\/wp-json\/wp\/v2\/posts\/236928","targetHints":{"allow":["GET"]}}],"collection":[{"href":"https:\/\/dimensionturistica.com\/es\/wp-json\/wp\/v2\/posts"}],"about":[{"href":"https:\/\/dimensionturistica.com\/es\/wp-json\/wp\/v2\/types\/post"}],"author":[{"embeddable":true,"href":"https:\/\/dimensionturistica.com\/es\/wp-json\/wp\/v2\/users\/2"}],"replies":[{"embeddable":true,"href":"https:\/\/dimensionturistica.com\/es\/wp-json\/wp\/v2\/comments?post=236928"}],"version-history":[{"count":0,"href":"https:\/\/dimensionturistica.com\/es\/wp-json\/wp\/v2\/posts\/236928\/revisions"}],"wp:featuredmedia":[{"embeddable":true,"href":"https:\/\/dimensionturistica.com\/es\/wp-json\/wp\/v2\/media\/236929"}],"wp:attachment":[{"href":"https:\/\/dimensionturistica.com\/es\/wp-json\/wp\/v2\/media?parent=236928"}],"wp:term":[{"taxonomy":"category","embeddable":true,"href":"https:\/\/dimensionturistica.com\/es\/wp-json\/wp\/v2\/categories?post=236928"},{"taxonomy":"post_tag","embeddable":true,"href":"https:\/\/dimensionturistica.com\/es\/wp-json\/wp\/v2\/tags?post=236928"}],"curies":[{"name":"wp","href":"https:\/\/api.w.org\/{rel}","templated":true}]}}