{"id":236720,"date":"2021-12-01T22:14:36","date_gmt":"2021-12-01T22:14:36","guid":{"rendered":"https:\/\/dimensionturistica.com\/es\/?p=236720"},"modified":"2021-12-01T22:14:36","modified_gmt":"2021-12-01T22:14:36","slug":"trabajadores-denuncian-el-despido-de-2-300-empleados-de-la-empresa-salva-foods-ligada-a-alex-saab","status":"publish","type":"post","link":"https:\/\/dimensionturistica.com\/es\/trabajadores-denuncian-el-despido-de-2-300-empleados-de-la-empresa-salva-foods-ligada-a-alex-saab\/","title":{"rendered":"Trabajadores denuncian el despido de 2.300 empleados de la empresa Salva Foods ligada a \u00c1lex Saab"},"content":{"rendered":"<p> <br \/>\n<\/p>\n<div>\n<p>El dirigente gremial, defensor de derechos humanos y coordinador de la Coalici\u00f3n Sindical Nacional Sector Justicia, denunci\u00f3 junto a un grupo de empleados este mi\u00e9rcoles 1 de diciembre en la Fiscal\u00eda Normal el despido de 2.300 empleados de la compa\u00f1\u00eda Salva Meals.<\/p>\n<p><span id=\"more-141121\"\/>El vocero asegura que los due\u00f1os de Salva Meals son los mismos que manejan el Comit\u00e9 de Log\u00edstica, Abastecimiento y Producci\u00f3n (Clap) y que el d\u00eda de hoy entregaron dos denuncias por violaci\u00f3n a los art\u00edculos 43 y 49 de la Constituci\u00f3n. La primera de las denuncias es por el despido injustificado, quienes se\u00f1alan que \u201cno tienen nada que ver con las diatribas pol\u00edticas que suceden en el pa\u00eds\u201d y que actualmente estas personas est\u00e1n pasando por dificultades de salud \u201cproducto de este corte que los representantes de Salva Foods han hecho\u201d, expres\u00f3.<\/p>\n<p>La segunda denuncia es porque la semana pasada intentaron mediar con la empresa en el estado Vargas y fueron reprimidos por funcionarios de Polivargas. El vocero asegura que los efectivos usaron armas de fuego \u201csiendo esto prohibido para la acci\u00f3n p\u00fablica\u201d y que adem\u00e1s violentaron a las personas de la tercera edad que estaban en el sitio reclamando sus derechos.<\/p>\n<\/div>\n\n<p><em> \u2018 The preceding article may include information circulated by third parties \u2019 <\/em><\/p>\n<p><em> \u2018 Some details of this article were extracted from the following source noticierodigital.com \u2019 <\/em><\/p>\n","protected":false},"excerpt":{"rendered":"<p>El dirigente gremial, defensor de derechos humanos y coordinador de la Coalici\u00f3n Sindical Nacional Sector Justicia, denunci\u00f3 junto a un grupo de empleados este mi\u00e9rcoles 1 de diciembre en la Fiscal\u00eda Normal el despido de 2.300 empleados de la compa\u00f1\u00eda Salva Meals. El vocero asegura que los due\u00f1os de Salva Meals son los mismos que [&hellip;]<\/p>\n","protected":false},"author":2,"featured_media":236721,"comment_status":"open","ping_status":"closed","sticky":false,"template":"","format":"standard","meta":{"om_disable_all_campaigns":false,"jnews-multi-image_gallery":[],"jnews_single_post":[],"jnews_primary_category":[],"jnews_social_meta":[],"footnotes":""},"categories":[43],"tags":[],"class_list":["post-236720","post","type-post","status-publish","format-standard","has-post-thumbnail","hentry","category-gourmet"],"_links":{"self":[{"href":"https:\/\/dimensionturistica.com\/es\/wp-json\/wp\/v2\/posts\/236720","targetHints":{"allow":["GET"]}}],"collection":[{"href":"https:\/\/dimensionturistica.com\/es\/wp-json\/wp\/v2\/posts"}],"about":[{"href":"https:\/\/dimensionturistica.com\/es\/wp-json\/wp\/v2\/types\/post"}],"author":[{"embeddable":true,"href":"https:\/\/dimensionturistica.com\/es\/wp-json\/wp\/v2\/users\/2"}],"replies":[{"embeddable":true,"href":"https:\/\/dimensionturistica.com\/es\/wp-json\/wp\/v2\/comments?post=236720"}],"version-history":[{"count":0,"href":"https:\/\/dimensionturistica.com\/es\/wp-json\/wp\/v2\/posts\/236720\/revisions"}],"wp:featuredmedia":[{"embeddable":true,"href":"https:\/\/dimensionturistica.com\/es\/wp-json\/wp\/v2\/media\/236721"}],"wp:attachment":[{"href":"https:\/\/dimensionturistica.com\/es\/wp-json\/wp\/v2\/media?parent=236720"}],"wp:term":[{"taxonomy":"category","embeddable":true,"href":"https:\/\/dimensionturistica.com\/es\/wp-json\/wp\/v2\/categories?post=236720"},{"taxonomy":"post_tag","embeddable":true,"href":"https:\/\/dimensionturistica.com\/es\/wp-json\/wp\/v2\/tags?post=236720"}],"curies":[{"name":"wp","href":"https:\/\/api.w.org\/{rel}","templated":true}]}}