{"id":236093,"date":"2021-11-30T21:57:23","date_gmt":"2021-11-30T21:57:23","guid":{"rendered":"https:\/\/dimensionturistica.com\/es\/?p=236093"},"modified":"2021-11-30T21:57:24","modified_gmt":"2021-11-30T21:57:24","slug":"viajes-y-turismo-piden-evitar-medidas-divergentes-anticovid","status":"publish","type":"post","link":"https:\/\/dimensionturistica.com\/es\/viajes-y-turismo-piden-evitar-medidas-divergentes-anticovid\/","title":{"rendered":"Viajes y turismo piden evitar medidas divergentes anticovid"},"content":{"rendered":"<p> <br \/>\n<\/p>\n<div>\n<p>Bruselas.- Setenta organizaciones de <strong>viajes <\/strong>y <strong>turismo <\/strong>expresaron este martes su apoyo a cualquier esfuerzo basado en pruebas cient\u00edficas para seguir protegiendo y garantizando la libertad de circulaci\u00f3n y evitar un mosaico de medidas nacionales divergentes dentro de la Uni\u00f3n <a rel=\"nofollow noopener\" target=\"_blank\" href=\"https:\/\/www.debate.com.mx\/seccion\/mundo\/\">Europea <\/a>(UE), as\u00ed como a nivel internacional.<\/p>\n<p>En base a la evoluci\u00f3n de la situaci\u00f3n epidemiol\u00f3gica y de la continua aparici\u00f3n de nuevas variantes de <strong>COVID-19<\/strong>, como la \u00f3micron, la alianza del Manifiesto del Turismo<strong> <\/strong>Europeo, un grupo de 70 organizaciones p\u00fablicas y privadas de <strong>viajes <\/strong>y <strong>turismo<\/strong>, valor\u00f3 y acogi\u00f3 con &#8220;satisfacci\u00f3n&#8221; los esfuerzos de la Comisi\u00f3n Europea para garantizar un enfoque coordinado de las medidas de viajes.<\/p>\n<p>En un comunicado, la citada alianza apoy\u00f3 el cambio propuesto la semana pasada por el Ejecutivo comunitario hacia un enfoque basado en el viajero particular person y en la recomendaci\u00f3n de que el Certificado Digital <strong>COVID <\/strong>v\u00e1lido de la UE (DCC) es suficiente para <strong>viajar <\/strong>sin requisitos adicionales, sin m\u00e1s pruebas o cuarentena.<\/p>\n<p><strong>Leer m\u00e1s:<\/strong>\u00a0<a rel=\"nofollow noopener\" target=\"_blank\" href=\"https:\/\/www.debate.com.mx\/estiloyvida\/Como-hacer-un-serum-facil-y-casero-de-acuerdo-con-tu-tipo-de-piel-20211130-0123.html\">C\u00f3mo hacer un serum f\u00e1cil y casero de acuerdo con tu tipo de piel<\/a><\/p>\n<p>Esto, subray\u00f3, est\u00e1 en consonancia con el an\u00e1lisis m\u00e1s reciente del Centro Europeo para la Prevenci\u00f3n y el Management de las Enfermedades (ECDC) &#8220;que confirma que las restricciones a los <strong>viajes <\/strong>no tienen, en general, ning\u00fan impacto efectivo en la propagaci\u00f3n del virus en Europa&#8221;.<\/p>\n<p>De cara a la pr\u00f3xima temporada navide\u00f1a, el sector insisti\u00f3 en que es de &#8220;suma importancia&#8221; que los Veintisiete se pongan de acuerdo sobre una duraci\u00f3n est\u00e1ndar del certificado de vacunaci\u00f3n, para evitar la fragmentaci\u00f3n de la legislaci\u00f3n nacional y las discrepancias entre los Estados miembros.<\/p>\n<p>Sin embargo, la recomendaci\u00f3n de acortar la validez del certificado de vacunaci\u00f3n a nueve meses y exigir una dosis adicional &#8220;de refuerzo&#8221; para mantener este estatus crear\u00e1 una &#8220;asimetr\u00eda&#8221; entre los pa\u00edses de la UE, advirti\u00f3.<\/p>\n<p>La alianza inst\u00f3 a los Estados miembros a que acuerden las recomendaciones del Consejo actualizadas teniendo en cuenta sus sugerencias &#8220;lo antes posible&#8221; para garantizar su aplicaci\u00f3n uniforme antes del periodo festivo.<\/p>\n<p>En este sentido, consider\u00f3 que la fecha de aplicaci\u00f3n del 10 de enero de 2022 propuesta por la Comisi\u00f3n Europea ser\u00eda demasiado tarde para influir positivamente en las vacaciones de Navidad, ya que tanto los ciudadanos como la industria necesitan &#8220;seguridad y normas coherentes&#8221; para preparar los <strong>viajes <\/strong>de fin de a\u00f1o.<\/p>\n<p>Adem\u00e1s, la alianza pidi\u00f3 a los Estados que adopten r\u00e1pidamente el formulario digital de localizaci\u00f3n de pasajeros de la UE (dPLF) para lograr una mayor armonizaci\u00f3n de las medidas de viaje y facilitar la localizaci\u00f3n de contactos a trav\u00e9s de las fronteras de la UE.<\/p>\n<p>Sobre los viajes desde fuera de la UE basados en vacunas aprobadas por la Organizaci\u00f3n Mundial de la Salud (OMS) o en la recuperaci\u00f3n, la alianza celebr\u00f3 la propuesta de que todos los Estados miembros reconozcan las vacunas aprobadas por la OMS.<\/p>\n<p>Sin embargo, dijo que el requisito adicional de proporcionar una prueba PCR negativa para los viajeros vacunados con una vacuna aprobada por la OMS, pero no por la EMA, podr\u00eda crear un sistema de dos niveles que ser\u00eda &#8220;muy engorroso&#8221; de poner en pr\u00e1ctica.<\/p>\n<p>Por lo tanto, el sector pidi\u00f3 a los Estados miembros que reconozcan toda la lista de vacunas aprobadas por la OMS sin requisitos adicionales para los viajeros.<\/p>\n<p><strong>Leer m\u00e1s:<\/strong>\u00a0<a rel=\"nofollow noopener\" target=\"_blank\" href=\"https:\/\/www.debate.com.mx\/estiloyvida\/Que-alimentos-comer-despues-de-los-40-para-prevenir-el-antienvejecimiento-20211130-0077.html\">Qu\u00e9 alimentos comer despu\u00e9s de los 40 para prevenir el antienvejecimiento<\/a><\/p>\n<p>Igualmente, consider\u00f3 que &#8220;no hay ninguna raz\u00f3n&#8221; que justifique que se exija una prueba de PCR adicional a los viajeros recuperados de fuera de la UE mientras que no se exige a los <strong>viajeros <\/strong>de la UE.\u00a0<\/p>\n<div class=\"ck-video-player\"> <amp-iframe width=\"640\" height=\"360\" sandbox=\"allow-scripts allow-same-origin allow-presentation\" allowfullscreen=\"\" frameborder=\"0\" layout=\"responsive\" src=\"https:\/\/iframe.debate.com.mx\/ajax\/get_share_video.html?id=\/videos\/video-flash\/2021\/11\/18\/callejxn_del_beso_de_guanajuato.mp4\" class=\"i-amphtml-layout-responsive i-amphtml-layout-size-defined\" i-amphtml-layout=\"responsive\"><i-amphtml-sizer style=\"display:block;padding-top:56.25%\"\/> <amp-img src=\"https:\/\/www.debate.com.mx\/img\/2021\/11\/18\/como_llegar_al_callexn_del_beso.jpg\" layout=\"fill\" placeholder=\"\" class=\"i-amphtml-layout-fill i-amphtml-layout-size-defined\" i-amphtml-layout=\"fill\"\/> <\/amp-iframe><figcaption> As\u00ed se llega al Callej\u00f3n del Beso de Guanajuato y esto cobran por subir a los balcones <\/figcaption><\/div>\n<\/div>\n\n<p><em> &#8221; Fuentes www.debate.com.mx &#8221; <\/em><\/p>\n","protected":false},"excerpt":{"rendered":"<p>Bruselas.- Setenta organizaciones de viajes y turismo expresaron este martes su apoyo a cualquier esfuerzo basado en pruebas cient\u00edficas para seguir protegiendo y garantizando la libertad de circulaci\u00f3n y evitar un mosaico de medidas nacionales divergentes dentro de la Uni\u00f3n Europea (UE), as\u00ed como a nivel internacional. En base a la evoluci\u00f3n de la situaci\u00f3n [&hellip;]<\/p>\n","protected":false},"author":4,"featured_media":236094,"comment_status":"open","ping_status":"closed","sticky":false,"template":"","format":"standard","meta":{"om_disable_all_campaigns":false,"jnews-multi-image_gallery":[],"jnews_single_post":[],"jnews_primary_category":[],"jnews_social_meta":[],"footnotes":""},"categories":[39],"tags":[545],"class_list":["post-236093","post","type-post","status-publish","format-standard","has-post-thumbnail","hentry","category-viajes","tag-viajes"],"_links":{"self":[{"href":"https:\/\/dimensionturistica.com\/es\/wp-json\/wp\/v2\/posts\/236093","targetHints":{"allow":["GET"]}}],"collection":[{"href":"https:\/\/dimensionturistica.com\/es\/wp-json\/wp\/v2\/posts"}],"about":[{"href":"https:\/\/dimensionturistica.com\/es\/wp-json\/wp\/v2\/types\/post"}],"author":[{"embeddable":true,"href":"https:\/\/dimensionturistica.com\/es\/wp-json\/wp\/v2\/users\/4"}],"replies":[{"embeddable":true,"href":"https:\/\/dimensionturistica.com\/es\/wp-json\/wp\/v2\/comments?post=236093"}],"version-history":[{"count":0,"href":"https:\/\/dimensionturistica.com\/es\/wp-json\/wp\/v2\/posts\/236093\/revisions"}],"wp:featuredmedia":[{"embeddable":true,"href":"https:\/\/dimensionturistica.com\/es\/wp-json\/wp\/v2\/media\/236094"}],"wp:attachment":[{"href":"https:\/\/dimensionturistica.com\/es\/wp-json\/wp\/v2\/media?parent=236093"}],"wp:term":[{"taxonomy":"category","embeddable":true,"href":"https:\/\/dimensionturistica.com\/es\/wp-json\/wp\/v2\/categories?post=236093"},{"taxonomy":"post_tag","embeddable":true,"href":"https:\/\/dimensionturistica.com\/es\/wp-json\/wp\/v2\/tags?post=236093"}],"curies":[{"name":"wp","href":"https:\/\/api.w.org\/{rel}","templated":true}]}}