{"id":235774,"date":"2021-11-30T13:07:29","date_gmt":"2021-11-30T13:07:29","guid":{"rendered":"https:\/\/dimensionturistica.com\/es\/?p=235774"},"modified":"2021-11-30T13:07:30","modified_gmt":"2021-11-30T13:07:30","slug":"archdaily-elige-las-mejores-nuevas-practicas-de-arquitectura-del-2021","status":"publish","type":"post","link":"https:\/\/dimensionturistica.com\/es\/archdaily-elige-las-mejores-nuevas-practicas-de-arquitectura-del-2021\/","title":{"rendered":"ArchDaily elige las mejores nuevas pr\u00e1cticas de arquitectura del 2021"},"content":{"rendered":"<p> <br \/>\n<\/p>\n<div id=\"single-content\">\n<figure aria-labelledby=\"figcaption_newsroom-picture-att-id-61a535d8f91c81f1df000004\" class=\"featured-image js-image-size media-picture\" data-height=\"335\" data-width=\"640\" id=\"newsroom-picture-att-id-61a535d8f91c81f1df000004\" style=\"width: 640px; height: 335px;\"><svg width=\"20px\" height=\"16px\" viewbox=\"0 0 20 16\" class=\"gallery-icon\">\n  <g id=\"Page-1\" stroke=\"none\" stroke-width=\"1\" fill=\"none\" fill-rule=\"evenodd\">\n    <g id=\"Mobile-Single-Project-(gallery-icon-V2)\" transform=\"translate(-284.000000, -178.000000)\" fill=\"#FFFFFF\">\n      <g id=\"icon-\/-gallery-\/-white-copy\" transform=\"translate(284.000000, 178.000000)\">\n        <path d=\"M17,4 L19.5,4 C19.7761424,4 20,4.22385763 20,4.5 L20,15.5 C20,15.7761424 19.7761424,16 19.5,16 L4.5,16 C4.22385763,16 4,15.7761424 4,15.5 L4,13 L16.5,13 C16.7761424,13 17,12.7761424 17,12.5 L17,4 Z\" id=\"Combined-Shape\"\/>\n        <rect id=\"Rectangle\" stroke-opacity=\"0\" stroke=\"#979797\" x=\"0\" y=\"0\" width=\"16\" height=\"12\" rx=\"0.5\"\/>\n      <\/g>\n    <\/g>\n  <\/g>\n<\/svg><a rel=\"nofollow noopener\" target=\"_blank\" class=\"js-image-size__link \" href=\"https:\/\/www.archdaily.mx\/mx\/972686\/archdaily-elige-las-mejores-nuevas-practicas-de-arquitectura-del-2021\/61a535d8f91c81f1df000004-archdaily-selects-the-best-new-practices-of-2021-image\" style=\"width: 640px; height: 335px;\"><picture><source media=\"(max-width: 528px)\" srcset=\"https:\/\/images.adsttc.com\/media\/images\/61a5\/35d8\/f91c\/81f1\/df00\/0004\/medium_jpg\/Young_Practices_Results.jpg?1638217157\"><img decoding=\"async\" alt=\"ArchDaily elige las mejores nuevas pr\u00e1cticas de arquitectura del 2021\" data-nr-picture-id=\"61a535d8f91c81f1df000004\" itemprop=\"image\" longdesc=\"https:\/\/www.archdaily.mx\/mx\/972686\/archdaily-elige-las-mejores-nuevas-practicas-de-arquitectura-del-2021\/61a535d8f91c81f1df000004-archdaily-selects-the-best-new-practices-of-2021-image\" src=\"https:\/\/images.adsttc.com\/media\/images\/61a5\/35d8\/f91c\/81f1\/df00\/0004\/newsletter\/Young_Practices_Results.jpg?1638217157\"\/><\/source><\/picture><\/a><figcaption class=\"figcaption afd-desktop-e\" id=\"figcaption_newsroom-picture-att-id-61a535d8f91c81f1df000004\"\/><i class=\"figcaption-icon afd-desktop-e\"\/><\/figure>\n<div class=\"article-meta\">\n<div class=\"afd-mobile-e article-meta--after_featured_image\">\n<div class=\"afd-post-actions\">\n<div class=\"social-btns\">\n<div class=\"js-single-share-after_featured_image single-share\">\n<div class=\"afd-actions-btns afd-share__toggle afd-mobile-e js-share-folder\"><span class=\"share-icon\"><?xml version=\"1.0\" encoding=\"UTF-8\"?????><br \/>\n<svg width=\"15px\" height=\"12px\" viewbox=\"0 0 20 15\" version=\"1.1\" xmlns=\"http:\/\/www.w3.org\/2000\/svg\" xmlns:xlink=\"http:\/\/www.w3.org\/1999\/xlink\">\n    <title>Compartir<\/title>\n    <g id=\"Symbols\" stroke=\"none\" stroke-width=\"1\" fill=\"none\" fill-rule=\"evenodd\">\n        <g id=\"icon-\/-share\" transform=\"translate(0.000000, -3.000000)\" fill=\"#303030\">\n            <path d=\"M12.0001575,3 L20.0022791,10.2269044 L12.0001575,17.4538088 L12.0000262,13.4748583 C3.27162686,13.6275526 0,17.6000004 0,17.6000004 C0,17.6000004 3.05888346,6.45148605 12.0004524,6.1054692 L12.0001575,3 Z\" id=\"Combined-Shape\"\/>\n        <\/g>\n    <\/g>\n<\/svg><\/span><span class=\"btn-txt\">Compartir<\/span><\/p>\n<div class=\"afd-share__options js-share-folder-box afd-hide afd-share__options--right\">\n<ul class=\"afd-share__networks clearfix\">\n<li class=\"afd-share__social\"><a rel=\"nofollow noopener\" target=\"_blank\" aria-label=\"Facebook\" class=\"afd-share__button\" data-social=\"facebook\" href=\"https:\/\/www.facebook.com\/sharer\/sharer.php?u=https:\/\/www.archdaily.mx\/mx\/972686\/archdaily-elige-las-mejores-nuevas-practicas-de-arquitectura-del-2021\"><i class=\"afd-social-icon afd-social-icon--facebook\"\/><\/a>\n<p>Fb<\/p>\n<\/li>\n<li class=\"afd-share__social\"><a rel=\"nofollow noopener\" target=\"_blank\" aria-label=\"Twitter\" class=\"afd-share__button\" data-social=\"twitter\" href=\"https:\/\/twitter.com\/intent\/tweet?text=ArchDaily%20elige%20las%20mejores%20nuevas%20pr%C3%A1cticas%20de%20arquitectura%20del%202021&amp;url=https:\/\/www.archdaily.mx\/mx\/972686\/archdaily-elige-las-mejores-nuevas-practicas-de-arquitectura-del-2021&amp;via=archdailymx\"><i class=\"afd-social-icon afd-social-icon--twitter\"\/><\/a>\n<p>Twitter<\/p>\n<\/li>\n<li class=\"afd-share__social\"><a rel=\"nofollow noopener\" target=\"_blank\" aria-label=\"Pinterest\" class=\"afd-share__button\" data-social=\"pinterest\" href=\"https:\/\/pinterest.com\/pin\/create\/button\/?url=https%3A%2F%2Fwww.archdaily.mx%2Fmx%2F972686%2Farchdaily-elige-las-mejores-nuevas-practicas-de-arquitectura-del-2021&amp;media=https%3A%2F%2Fimages.adsttc.com%2Fmedia%2Fimages%2F61a5%2F35d8%2Ff91c%2F81f1%2Fdf00%2F0004%2Flarge_jpg%2FYoung_Practices_Results.jpg%3F1638217157&amp;description=ArchDaily%20elige%20las%20mejores%20nuevas%20pr%C3%A1cticas%20de%20arquitectura%20del%202021\"><i class=\"afd-social-icon afd-social-icon--pinterest\"\/><\/a>\n<p>Pinterest<\/p>\n<\/li>\n<li class=\"afd-share__social\"><a rel=\"nofollow noopener\" target=\"_blank\" aria-label=\"Whatsapp\" class=\"afd-share__button\" data-action=\"share\/whatsapp\/share\" data-social=\"whatsapp\" href=\"\/\/send?text=ArchDaily+elige+las+mejores+nuevas+pr%C3%A1cticas+de+arquitectura+del+2021+%7C+https%3A%2F%2Fwww.archdaily.mx%2Fmx%2F972686%2Farchdaily-elige-las-mejores-nuevas-practicas-de-arquitectura-del-2021%3Futm_source%3DWhatsapp%26utm_medium%3DIM%26utm_campaign%3Dshare-button\"><i class=\"afd-social-icon afd-social-icon--whatsapp\"\/><\/a>\n<p>Whatsapp<\/p>\n<\/li>\n<li class=\"afd-share__social\"><a rel=\"nofollow noopener\" target=\"_blank\" class=\"afd-share__button\" data-social=\"email\" href=\"mailto:?subject=ArchDaily elige las mejores nuevas pr\u00e1cticas de arquitectura del 2021&amp;body=https:\/\/www.archdaily.mx\/mx\/972686\/archdaily-elige-las-mejores-nuevas-practicas-de-arquitectura-del-2021\"><i class=\"afd-social-icon afd-social-icon--mail\"\/><\/a>\n<p>Mail<\/p>\n<\/li>\n<\/ul>\n<p><span class=\"afd-share__separation--line\"\/><span class=\"afd-share__separation--or\">O<\/span><span class=\"afd-share__separation--line\"\/><\/p>\n<div class=\"afd-copy-clipboard\"><textarea class=\"afd-share__url js-copy-text\">https:\/\/www.archdaily.mx\/mx\/972686\/archdaily-elige-las-mejores-nuevas-practicas-de-arquitectura-del-2021<\/textarea><\/p>\n<div class=\"afd-btn afd-btn--full afd-btn--big js-copy-btn\" style=\"margin-left: 0\">\n<div class=\"afd-btn-fit-content\"><span class=\"afd-copy-clipboard-in-btn\"><?xml version=\"1.0\" encoding=\"UTF-8\"?????><br \/>\n<svg width=\"18px\" height=\"21px\" viewbox=\"0 0 18 21\" version=\"1.1\" xmlns=\"http:\/\/www.w3.org\/2000\/svg\" xmlns:xlink=\"http:\/\/www.w3.org\/1999\/xlink\">\n  <title>Portapapeles<\/title>\n  <g id=\"Page-1\" stroke=\"none\" stroke-width=\"1\" fill=\"none\" fill-rule=\"evenodd\">\n    <g id=\"Mobile-Single-Article-(SPONSORED)-Copy-4\" transform=\"translate(-100.000000, -435.000000)\">\n      <rect fill=\"#FFFFFF\" x=\"0\" y=\"0\" width=\"320\" height=\"568\"\/>\n      <g id=\"Group-14\" transform=\"translate(16.000000, 202.000000)\">\n        <path d=\"M246.5,0 L254.1,8 L286,8 C287.104569,8 288,8.8954305 288,10 L288,304 C288,305.104569 287.104569,306 286,306 L2,306 C0.8954305,306 1.3527075e-16,305.104569 0,304 L0,10 C-1.3527075e-16,8.8954305 0.8954305,8 2,8 L238.9,8 L246.5,0 Z\" id=\"Combined-Shape\" stroke=\"#BBBBBB\" fill=\"#FFFFFF\"\/>\n        <g id=\"Group-12\" transform=\"translate(24.000000, 224.000000)\">\n          <g id=\"btn-\/-actions-\/-active\">\n            <rect id=\"background\" fill=\"#026CB6\" fill-rule=\"evenodd\" x=\"1.13686838e-13\" y=\"0\" width=\"240\" height=\"40\" rx=\"2\"\/>\n            <text id=\"text\" font-family=\"SourceSansPro-Semibold, Source Sans Pro\" font-size=\"16\" font-weight=\"500\" line-spacing=\"40\" fill=\"#FFFFFF\">\n              <tspan x=\"86.088\" y=\"16\">&#8220;COPY&#8221;<\/tspan>\n            <\/text>\n          <\/g>\n          <g id=\"social-\/-share-link-\/-white\" transform=\"translate(59.000000, 9.500000)\" fill=\"#FFFFFF\">\n            <path d=\"M18.5,0 C18.7761424,-5.07265313e-17 19,0.223857625 19,0.5 L19,15.5 C19,15.7761424 18.7761424,16 18.5,16 L16,16 L16,3.5 C16,3.25454011 15.8231248,3.05039163 15.5898756,3.00805567 L15.5,3 L5,3 L5,0.5 C5,0.223857625 5.22385763,5.07265313e-17 5.5,0 L18.5,0 Z\" id=\"Combined-Shape\"\/>\n            <rect id=\"Rectangle\" x=\"1\" y=\"4\" width=\"14\" height=\"16\" rx=\"0.5\"\/>\n          <\/g>\n        <\/g>\n      <\/g>\n    <\/g>\n  <\/g>\n<\/svg><\/span><span class=\"afd-copy-text\">Copiar<\/span><\/div>\n<\/div>\n<\/div>\n<\/div>\n<\/div>\n<\/div>\n<\/div>\n<\/div>\n<\/div>\n<\/div>\n<p dir=\"ltr\">A medida que nuestro mundo evoluciona a un ritmo sin precedentes, los desaf\u00edos que conlleva se vuelven cada vez m\u00e1s complejos. Las preguntas a las que se enfrentan las ciudades y redes de nuestro mundo international, los entornos f\u00edsicos y virtuales donde se desarrolla nuestra evoluci\u00f3n, hacen que la arquitectura sea m\u00e1s relevante que nunca.<\/p>\n<p>Los temas del entorno construido ya no son exclusivos de\u00a0quienes lo construyen y dise\u00f1an y se han convertido en cuestiones transversales en nuestra sociedad. Desde los ciudadanos que cuestionan la calidad de sus espacios p\u00fablicos hasta el constructor autodidacta que erige una peque\u00f1a casa en el bosque, sumando a todos\u00a0los propietarios que usaron una aplicaci\u00f3n on-line para codificar y redise\u00f1ar los interiores de sus viviendas durante las cuarentenas, queremos\u00a0que est\u00e9n involucrados y queremos actuar. \u00bfPor qu\u00e9 la arquitectura tiene que ser tan incierta y tan distante?<\/p>\n<p>La necesidad de cambio, combinada con la r\u00e1pida digitalizaci\u00f3n de nuestra industria, ha puesto la arquitectura al borde de una gran revoluci\u00f3n, y creemos que los diversos tipos de pr\u00e1cticas seleccionadas como parte de\u00a0esta generaci\u00f3n de Nuevas Pr\u00e1cticas ArchDaily 2021 son catalizadores de este cambio.<\/p>\n<p>Encontrar\u00e1s su trabajo inspirador y reflexivo (QU\u00c9 hacen), y sus modelos de asociaci\u00f3n y compromiso innovadores (C\u00d3MO lo hacen), pero lo que los distingue es su compromiso de ser un actor activo en la evoluci\u00f3n de la arquitectura: POR QU\u00c9 lo hacen.<\/p>\n<p>Tambi\u00e9n nos complace anunciar a tres empresas en el sector de buildtech, startups que est\u00e1n abordando la cuesti\u00f3n de la escalabilidad en la arquitectura. Gracias a la tecnolog\u00eda, hacen que la arquitectura sea accesible, abierta y m\u00e1s cercana a las comunidades e individuos que quieren involucrarse con ella.<\/p>\n<p>Mostraremos su trabajo y abriremos una ventana a su PORQU\u00c9, a trav\u00e9s de una serie de art\u00edculos en profundidad que se publicar\u00e1n en los pr\u00f3ximos meses.<\/p>\n<p dir=\"ltr\">Estas son las nuevas pr\u00e1cticas de ArchDaily 2021 en orden alfab\u00e9tico:<\/p>\n<h3> <a rel=\"nofollow noopener\" target=\"_blank\" href=\"https:\/\/www.plataformaarquitectura.cl\/cl\/office\/a-for-architecture\">a for architecture<\/a> | India<\/h3>\n<figure aria-labelledby=\"619d33edf91c81b4d8000005\" class=\"js-image-size media-picture\" data-height=\"480\" data-width=\"640\" style=\"width: 640px; height: 480px;\"><a rel=\"nofollow noopener\" target=\"_blank\" class=\"js-image-size__link lazy-anchor\" href=\"https:\/\/www.archdaily.mx\/mx\/972686\/archdaily-elige-las-mejores-nuevas-practicas-de-arquitectura-del-2021\/619d33edf91c81b4d8000005-archdaily-selects-the-best-new-practices-of-2021-image\" style=\"width: 640px; height: 480px;\"><img decoding=\"async\" alt=\"Cortes\u00eda de a for architecture\" class=\"b-lazy\" src-small=\"https:\/\/images.adsttc.com\/media\/images\/619d\/33ed\/f91c\/81b4\/d800\/0005\/medium_jpg\/05.jpg?1637692383\" src=\"https:\/\/images.adsttc.com\/media\/images\/619d\/33ed\/f91c\/81b4\/d800\/0005\/newsletter\/05.jpg?1637692383\" itemprop=\"image\" longdesc=\"https:\/\/www.archdaily.mx\/mx\/972686\/archdaily-elige-las-mejores-nuevas-practicas-de-arquitectura-del-2021\/619d33edf91c81b4d8000005-archdaily-selects-the-best-new-practices-of-2021-image\" bad-src=\"data:image\/gif;base64,R0lGODlhAQABAIAAAAUEBAAAACwAAAAAAQABAAACAkQBADs=\"\/><\/a><figcaption class=\"figcaption afd-desktop-e\" id=\"619d33edf91c81b4d8000005\">Cortes\u00eda de a for structure<\/figcaption><i class=\"figcaption-icon afd-desktop-e\"\/><\/figure>\n<p><strong>Equipo:\u00a0<\/strong>Ajay Sonar, Monali Patil, Yogendra Nikam, Vipin Gurnani, Tanmay Patil, Aniruddha Thorat, Akshay Singavi, Yashada Potnis, Yash Sethi, Heena Khabiya, Smita Patil<\/p>\n<p>Como pr\u00e1ctica arquitect\u00f3nica situada en medio de un proceso de urbanizaci\u00f3n en transformaci\u00f3n en Nasik, <a rel=\"nofollow noopener\" target=\"_blank\" href=\"https:\/\/www.archdaily.mx\/mx\/tag\/india\">India<\/a>, <a rel=\"nofollow noopener\" target=\"_blank\" href=\"https:\/\/www.plataformaarquitectura.cl\/cl\/office\/a-for-architecture\">a for architecture<\/a> es consciente de c\u00f3mo est\u00e1n contribuyendo al cambio de escenario urbano. Es en este tipo de paisaje cambiante donde ven el papel de la arquitectura contempor\u00e1nea y, en explicit, su contribuci\u00f3n a trav\u00e9s de imaginaciones arquitect\u00f3nicas y espaciales relevantes. Imaginaciones que mitigan la velocidad de la transformaci\u00f3n, mitigan las exclusiones de la transformaci\u00f3n. Para ellos, la espacialidad es tan essential como el pensamiento tipol\u00f3gico. Adem\u00e1s de su compromiso con el entorno construido, <a rel=\"nofollow noopener\" target=\"_blank\" href=\"https:\/\/www.plataformaarquitectura.cl\/cl\/office\/a-for-architecture\">a for architecture<\/a>, como pr\u00e1ctica, tambi\u00e9n participa en varios compromisos profesionales y culturales que tambi\u00e9n aspiran a actuar como intervenciones indirectas en la pr\u00e1ctica y la disciplina de la arquitectura.<\/p>\n<h3> <a rel=\"nofollow noopener\" target=\"_blank\" href=\"https:\/\/www.plataformaarquitectura.cl\/cl\/office\/albor-arquitectos\">Albor Arquitectos<\/a> | Cuba<\/h3>\n<figure aria-labelledby=\"619d33b5f91c81f464000004\" class=\"js-image-size media-picture\" data-height=\"580\" data-width=\"360\" style=\"width: 360px; height: 580px;\"><a rel=\"nofollow noopener\" target=\"_blank\" class=\"js-image-size__link lazy-anchor\" href=\"https:\/\/www.archdaily.mx\/mx\/972686\/archdaily-elige-las-mejores-nuevas-practicas-de-arquitectura-del-2021\/619d33b5f91c81f464000004-archdaily-selects-the-best-new-practices-of-2021-image\" style=\"width: 360px; height: 580px;\"><img decoding=\"async\" alt=\"Cortes\u00eda de Albor Arquitectos\" class=\"b-lazy\" src-small=\"https:\/\/images.adsttc.com\/media\/images\/619d\/33b5\/f91c\/81f4\/6400\/0004\/medium_jpg\/Albor_Arquitectos_Casa_Torre_2021_(2).jpg?1637692295\" src=\"https:\/\/images.adsttc.com\/media\/images\/619d\/33b5\/f91c\/81f4\/6400\/0004\/medium_jpg\/Albor_Arquitectos_Casa_Torre_2021_(2).jpg?1637692295\" itemprop=\"image\" longdesc=\"https:\/\/www.archdaily.mx\/mx\/972686\/archdaily-elige-las-mejores-nuevas-practicas-de-arquitectura-del-2021\/619d33b5f91c81f464000004-archdaily-selects-the-best-new-practices-of-2021-image\" bad-src=\"data:image\/gif;base64,R0lGODlhAQABAIAAAAUEBAAAACwAAAAAAQABAAACAkQBADs=\"\/><\/a><figcaption class=\"figcaption afd-desktop-e\" id=\"619d33b5f91c81f464000004\">Cortes\u00eda de Albor Arquitectos<\/figcaption><i class=\"figcaption-icon afd-desktop-e\"\/><\/figure>\n<p><strong><strong>Equipo:<\/strong>\u00a0<\/strong>Carlos Manuel Gonz\u00e1lez Baute, Alain Rodr\u00edguez Sosa, Camilo Jos\u00e9 Cabrera P\u00e9rez, Merlyn Gonz\u00e1lez Garc\u00eda<\/p>\n<p>Construir en <a rel=\"nofollow noopener\" target=\"_blank\" href=\"https:\/\/www.archdaily.mx\/mx\/tag\/cuba\">Cuba<\/a> es una tarea compleja. Para un arquitecto, es un desaf\u00edo cada vez mayor debido a la perenne ausencia de materiales, los costos elevados o la renuencia del comisario a trabajar en propuestas contempor\u00e1neas. Un arquitecto cubano es un personaje ut\u00f3pico, cuyo trabajo no es una necesidad, ni est\u00e9tica ni conceptual. Casi naturalmente engendrado por su contexto explicit, <a rel=\"nofollow noopener\" target=\"_blank\" href=\"https:\/\/www.archdaily.mx\/mx\/tag\/albor-arquitectos\">Albor Arquitectos<\/a> ve su trabajo como un acto de interpretaci\u00f3n y respuesta a su realidad. Su pr\u00e1ctica en a\u00f1os posteriores se ha centrado principalmente en abordar los l\u00edmites econ\u00f3micos, el reconocimiento y cr\u00edtica de su profesi\u00f3n, la realidad social, la cultura common, la migraci\u00f3n y las distintas din\u00e1micas de la sociedad cubana contempor\u00e1nea. <a rel=\"nofollow noopener\" target=\"_blank\" href=\"https:\/\/www.archdaily.mx\/mx\/tag\/albor-arquitectos\">Albor Arquitectos<\/a> enfatiza las relaciones entre el centro y la periferia, la cultura formal y common, y las nociones de identidad desde y hacia su condici\u00f3n de insularidad.<\/p>\n<h3> <a rel=\"nofollow noopener\" target=\"_blank\" href=\"https:\/\/www.plataformaarquitectura.cl\/cl\/office\/atelier-lai\">Atelier Lai<\/a> | China<\/h3>\n<figure aria-labelledby=\"619e4885f91c818c6e00001d\" class=\"js-image-size media-picture\" data-height=\"580\" data-width=\"534\" style=\"width: 534px; height: 580px;\"><a rel=\"nofollow noopener\" target=\"_blank\" class=\"js-image-size__link lazy-anchor\" href=\"https:\/\/www.archdaily.mx\/mx\/972686\/archdaily-elige-las-mejores-nuevas-practicas-de-arquitectura-del-2021\/619e4885f91c818c6e00001d-archdaily-selects-the-best-new-practices-of-2021-photo\" style=\"width: 534px; height: 580px;\"><img decoding=\"async\" alt=\"\u00a9 Xuguo Tang\" class=\"b-lazy\" src-small=\"https:\/\/images.adsttc.com\/media\/images\/619e\/4885\/f91c\/818c\/6e00\/001d\/medium_jpg\/Atelier_Lai_%C2%A9_Xuguo_Tang.jpg?1637763181\" src=\"https:\/\/images.adsttc.com\/media\/images\/619e\/4885\/f91c\/818c\/6e00\/001d\/newsletter\/Atelier_Lai_%C2%A9_Xuguo_Tang.jpg?1637763181\" itemprop=\"image\" longdesc=\"https:\/\/www.archdaily.mx\/mx\/972686\/archdaily-elige-las-mejores-nuevas-practicas-de-arquitectura-del-2021\/619e4885f91c818c6e00001d-archdaily-selects-the-best-new-practices-of-2021-photo\" bad-src=\"data:image\/gif;base64,R0lGODlhAQABAIAAAAUEBAAAACwAAAAAAQABAAACAkQBADs=\"\/><\/a><figcaption class=\"figcaption afd-desktop-e\" id=\"619e4885f91c818c6e00001d\">\u00a9 Xuguo Tang<\/figcaption><i class=\"figcaption-cc-icon afd-desktop-e\"\/><\/figure>\n<p><strong><strong>Equipo:<\/strong>\u00a0<\/strong>Ming Tang, Felix Xie, Yun Chen, Yu Fan, Junyi Yang, Xiaohong Guo, Eric Wang<\/p>\n<p>Si no sabes de d\u00f3nde provienes, no sabe a d\u00f3nde vas. La palabra &#8220;Lai&#8221; tiene dos significados, uno es &#8220;ser&#8221; y el otro es &#8220;futuro&#8221;. La pr\u00e1ctica arquitect\u00f3nica de Atelier Lai toma los significados originales de &#8220;Lai&#8221;, mirando hacia el pasado y explorando el arte arquitect\u00f3nico native contempor\u00e1neo.<\/p>\n<h3> <a rel=\"nofollow noopener\" target=\"_blank\" href=\"https:\/\/www.baupal.de\/?utm_medium=website&amp;utm_source=archdaily.mx\">baupal<\/a> | Alemania<\/h3>\n<figure aria-labelledby=\"619e80f9f91c818c6e00004e\" class=\"js-image-size media-picture\" data-height=\"480\" data-width=\"640\" style=\"width: 640px; height: 480px;\"><a rel=\"nofollow noopener\" target=\"_blank\" class=\"js-image-size__link lazy-anchor\" href=\"https:\/\/www.archdaily.mx\/mx\/972686\/archdaily-elige-las-mejores-nuevas-practicas-de-arquitectura-del-2021\/619e80f9f91c818c6e00004e-archdaily-selects-the-best-new-practices-of-2021-photo\" style=\"width: 640px; height: 480px;\"><img decoding=\"async\" alt=\"\u00a9 Baupal\" class=\"b-lazy\" src-small=\"https:\/\/images.adsttc.com\/media\/images\/619e\/80f9\/f91c\/818c\/6e00\/004e\/medium_jpg\/Baupal._Courtesy_of_Baupal.jpg?1637777636\" src=\"https:\/\/images.adsttc.com\/media\/images\/619e\/80f9\/f91c\/818c\/6e00\/004e\/newsletter\/Baupal._Courtesy_of_Baupal.jpg?1637777636\" itemprop=\"image\" longdesc=\"https:\/\/www.archdaily.mx\/mx\/972686\/archdaily-elige-las-mejores-nuevas-practicas-de-arquitectura-del-2021\/619e80f9f91c818c6e00004e-archdaily-selects-the-best-new-practices-of-2021-photo\" bad-src=\"data:image\/gif;base64,R0lGODlhAQABAIAAAAUEBAAAACwAAAAAAQABAAACAkQBADs=\"\/><\/a><figcaption class=\"figcaption afd-desktop-e\" id=\"619e80f9f91c818c6e00004e\">\u00a9 Baupal<\/figcaption><i class=\"figcaption-cc-icon afd-desktop-e\"\/><\/figure>\n<p><strong><strong>Equipo:<\/strong>\u00a0<\/strong>Alex M\u00fcller, Max Schroeren, Justus Menten, Nadine Eberhardt, Bastian M\u00fcller, George Liang, Mai Vu, Lea Conde-Wolter, Sina Tille, Axel Schimpf, Ioana Floroiu, Michel Dehn, Valentin Meyer-Marc, Maria Nesterowa<\/p>\n<p>El objetivo de <a rel=\"nofollow noopener\" target=\"_blank\" href=\"https:\/\/www.baupal.de\/?utm_medium=website&amp;utm_source=archdaily.mx\">baupal<\/a> es brindar a todos los constructores acceso a una planificaci\u00f3n arquitect\u00f3nica personalizada y sostenible. Quieren acabar con procesos costosos y confusos. Por eso est\u00e1n digitalizando los servicios de arquitectura, para todos. Con baupal, los constructores privados con proyectos de construcci\u00f3n m\u00e1s peque\u00f1os tambi\u00e9n pueden beneficiarse de los avances tecnol\u00f3gicos en la industria de la planificaci\u00f3n. A trav\u00e9s de comunicaciones actualizadas, procesos digitales y flujos de trabajo transparentes, nuestros clientes tienen costos m\u00e1s bajos, management whole y, en \u00faltima instancia, m\u00e1s tiempo para sus proyectos.<\/p>\n<h3> <a rel=\"nofollow noopener\" target=\"_blank\" href=\"https:\/\/www.plataformaarquitectura.cl\/cl\/office\/ben-avid\">Ben-Avid<\/a> | Argentina<\/h3>\n<figure aria-labelledby=\"619e48e8f91c818c6e00001e\" class=\"js-image-size media-picture\" data-height=\"426\" data-width=\"640\" style=\"width: 640px; height: 426px;\"><a rel=\"nofollow noopener\" target=\"_blank\" class=\"js-image-size__link lazy-anchor\" href=\"https:\/\/www.archdaily.mx\/mx\/972686\/archdaily-elige-las-mejores-nuevas-practicas-de-arquitectura-del-2021\/619e48e8f91c818c6e00001e-archdaily-selects-the-best-new-practices-of-2021-photo\" style=\"width: 640px; height: 426px;\"><img decoding=\"async\" alt=\"\u00a9 Jon Wallis\" class=\"b-lazy\" src-small=\"https:\/\/images.adsttc.com\/media\/images\/619e\/48e8\/f91c\/818c\/6e00\/001e\/medium_jpg\/Ben-Avid._%C2%A9_Jon_Wallis.jpg?1637763277\" src=\"https:\/\/images.adsttc.com\/media\/images\/619e\/48e8\/f91c\/818c\/6e00\/001e\/newsletter\/Ben-Avid._%C2%A9_Jon_Wallis.jpg?1637763277\" itemprop=\"image\" longdesc=\"https:\/\/www.archdaily.mx\/mx\/972686\/archdaily-elige-las-mejores-nuevas-practicas-de-arquitectura-del-2021\/619e48e8f91c818c6e00001e-archdaily-selects-the-best-new-practices-of-2021-photo\" bad-src=\"data:image\/gif;base64,R0lGODlhAQABAIAAAAUEBAAAACwAAAAAAQABAAACAkQBADs=\"\/><\/a><figcaption class=\"figcaption afd-desktop-e\" id=\"619e48e8f91c818c6e00001e\">\u00a9 Jon Wallis<\/figcaption><i class=\"figcaption-cc-icon afd-desktop-e\"\/><\/figure>\n<p><strong>Equipo:<\/strong>\u00a0Mart\u00edn Benavidez<br \/><strong>Colaboradores:<\/strong> Stefan\u00eda Casarin, Emanuel Polito, Lucas Merlo, Facundo Rasch, Alen Gomez<\/p>\n<p><a rel=\"nofollow noopener\" target=\"_blank\" href=\"https:\/\/www.archdaily.com\/office\/ben-avid\">Ben-Avid<\/a> no inventa nada. Apenas pretenden seguir un di\u00e1logo, unas veces con palabras y otras con un papel, con quienes afrontaron el abismo de la p\u00e1gina en blanco que tienen ante s\u00ed. Quiz\u00e1s de eso se trata la arquitectura: volver a hacer, pero de manera inusual, lo que ya se ha hecho mil veces antes. Quiz\u00e1s de eso se trata la ciudad: ocupar con nuestro cuerpo el espacio que otros arquitectos concibieron como un sue\u00f1o y la historia ejecut\u00f3 como una pesadilla. La pr\u00e1ctica del proyecto para ellos toma la forma de un di\u00e1logo entre algo que ya no existe y lo que todav\u00eda no existe. Y para ello, Ben-Avid prefiere no creer en la brillantez del invento e insistir en la opacidad del oficio aprendido de sus profesores, con los que en ocasiones todav\u00eda tienen la alegr\u00eda de trabajar. Escriben, compiten y dibujan todo el d\u00eda, con rigor, en AutoCad.<\/p>\n<h3> <a rel=\"nofollow noopener\" target=\"_blank\" href=\"https:\/\/www.canoa.supply\/?utm_medium=website&amp;utm_source=archdaily.mx\">Canoa<\/a> | Estados Unidos<\/h3>\n<figure aria-labelledby=\"619e4922f91c818c6e00001f\" class=\"js-image-size media-picture\" data-height=\"580\" data-width=\"580\" style=\"width: 580px; height: 580px;\"><a rel=\"nofollow noopener\" target=\"_blank\" class=\"js-image-size__link lazy-anchor\" href=\"https:\/\/www.archdaily.mx\/mx\/972686\/archdaily-elige-las-mejores-nuevas-practicas-de-arquitectura-del-2021\/619e4922f91c818c6e00001f-archdaily-selects-the-best-new-practices-of-2021-image\" style=\"width: 580px; height: 580px;\"><img decoding=\"async\" alt=\"Courtesy of Canoa\" class=\"b-lazy\" src-small=\"https:\/\/images.adsttc.com\/media\/images\/619e\/4922\/f91c\/818c\/6e00\/001f\/medium_jpg\/Canoa._Courtesy_of_Canoa.jpg?1637763345\" src=\"https:\/\/images.adsttc.com\/media\/images\/619e\/4922\/f91c\/818c\/6e00\/001f\/newsletter\/Canoa._Courtesy_of_Canoa.jpg?1637763345\" itemprop=\"image\" longdesc=\"https:\/\/www.archdaily.mx\/mx\/972686\/archdaily-elige-las-mejores-nuevas-practicas-de-arquitectura-del-2021\/619e4922f91c818c6e00001f-archdaily-selects-the-best-new-practices-of-2021-image\" bad-src=\"data:image\/gif;base64,R0lGODlhAQABAIAAAAUEBAAAACwAAAAAAQABAAACAkQBADs=\"\/><\/a><figcaption class=\"figcaption afd-desktop-e\" id=\"619e4922f91c818c6e00001f\">Courtesy of Canoa<\/figcaption><i class=\"figcaption-icon afd-desktop-e\"\/><\/figure>\n<p><strong><strong>Equipo:<\/strong>\u00a0<\/strong>Ellie Cunningham, Nicolas Chaulet, Josh Emig, Margaret Marsh, Josefina Sartori, Preston Smith, Mateo Lalich<\/p>\n<p><a rel=\"nofollow noopener\" target=\"_blank\" href=\"https:\/\/www.canoa.supply\/?utm_medium=website&amp;utm_source=archdaily.mx\">Canoa<\/a> es un mercado b2b de productos respetuosos con el planeta para el lugar de trabajo. Su tecnolog\u00eda permite a los equipos del lugar de trabajo dise\u00f1ar, adquirir y rastrear sus muebles, unidades prefabricadas, iluminaci\u00f3n y accesorios, todo en un solo movimiento. Su misi\u00f3n es reducir dr\u00e1sticamente el desperdicio en el negocio de los interiores comerciales al evitar costosas construcciones que probablemente ser\u00e1n demolidas mucho antes del remaining de su vida \u00fatil y, en su lugar, instalar muebles y productos prefabricados hermosos, bien hechos y duraderos que se puedan instalar f\u00e1cilmente, ser movidos y reutilizados cuando sea el momento de hacerlo.<\/p>\n<h3> <a rel=\"nofollow noopener\" target=\"_blank\" href=\"https:\/\/www.plataformaarquitectura.cl\/cl\/office\/equipo-de-arquitectura\">Equipo de Arquitectura<\/a> | Paraguay<\/h3>\n<figure aria-labelledby=\"619e49dbf91c8165ad00006c\" class=\"js-image-size media-picture\" data-height=\"426\" data-width=\"640\" style=\"width: 640px; height: 426px;\"><a rel=\"nofollow noopener\" target=\"_blank\" class=\"js-image-size__link lazy-anchor\" href=\"https:\/\/www.archdaily.mx\/mx\/972686\/archdaily-elige-las-mejores-nuevas-practicas-de-arquitectura-del-2021\/619e49dbf91c8165ad00006c-archdaily-selects-the-best-new-practices-of-2021-photo\" style=\"width: 640px; height: 426px;\"><img decoding=\"async\" alt=\"\u00a9 Leonardo Mendez\" class=\"b-lazy\" src-small=\"https:\/\/images.adsttc.com\/media\/images\/619e\/49db\/f91c\/8165\/ad00\/006c\/medium_jpg\/Equipo_de_Arquitectura._%C2%A9_Leonardo_Mendez.jpg?1637763521\" src=\"https:\/\/images.adsttc.com\/media\/images\/619e\/49db\/f91c\/8165\/ad00\/006c\/newsletter\/Equipo_de_Arquitectura._%C2%A9_Leonardo_Mendez.jpg?1637763521\" itemprop=\"image\" longdesc=\"https:\/\/www.archdaily.mx\/mx\/972686\/archdaily-elige-las-mejores-nuevas-practicas-de-arquitectura-del-2021\/619e49dbf91c8165ad00006c-archdaily-selects-the-best-new-practices-of-2021-photo\" bad-src=\"data:image\/gif;base64,R0lGODlhAQABAIAAAAUEBAAAACwAAAAAAQABAAACAkQBADs=\"\/><\/a><figcaption class=\"figcaption afd-desktop-e\" id=\"619e49dbf91c8165ad00006c\">\u00a9 Leonardo Mendez<\/figcaption><i class=\"figcaption-cc-icon afd-desktop-e\"\/><\/figure>\n<p><strong><strong>Equipo:<\/strong><\/strong>\u00a0Horacio Cherniavsky, Viviana Pozzoli, Gabriela Ocampos<\/p>\n<p>El planteamiento del <a rel=\"nofollow noopener\" target=\"_blank\" href=\"https:\/\/www.plataformaarquitectura.cl\/cl\/office\/equipo-de-arquitectura\">Equipo de Arquitectura<\/a> aborda lo esencial: lo primitivo por su relaci\u00f3n conceptual con el origen de la arquitectura y esencial para evadir relaciones con lo innecesario. Trabajan con la materia, transform\u00e1ndola y orden\u00e1ndola de diferentes formas para crear espacios. Tratan la luz como el elemento que intensifica y da forma al espacio y los materiales que lo crean. Entienden el orden como generador, comenzando por la organizaci\u00f3n de los proyectos como inicio de un proceso. Transforman ese entorno, potenciando el contexto preexistente que lo caracteriza, respetando el entorno pure que todos habitamos. Inmerso en la paradoja de nuestro estar-en-el-mundo, resumido como \u201cdestruir para construir\u201d, Equipo de Arquitectura entiende que la materia con la que construimos proviene de destrucciones anteriores. Es por ello que reconsideran el uso y reutilizaci\u00f3n de determinados materiales y optan por trabajar con aquellos que recogen informaci\u00f3n relevante para cada situaci\u00f3n concreta. Se sienten atra\u00eddos por la \u00e9tica detr\u00e1s de la sinceridad materials. Trabajar con materiales naturales, artesan\u00eda native y experimentar con t\u00e9cnicas de construcci\u00f3n alternativas ofrece a Equipo de Arquitectura la oportunidad de buscar una arquitectura adecuada a nuestro clima y nuestra realidad socioecon\u00f3mica.<\/p>\n<h3> <a rel=\"nofollow noopener\" target=\"_blank\" href=\"https:\/\/www.plataformaarquitectura.cl\/cl\/office\/espacio-colectivo-arquitectos\">ESEColectivo Arquitectos<\/a> | Ecuador<\/h3>\n<figure aria-labelledby=\"619e4a1cf91c818c6e000020\" class=\"js-image-size media-picture\" data-height=\"426\" data-width=\"640\" style=\"width: 640px; height: 426px;\"><a rel=\"nofollow noopener\" target=\"_blank\" class=\"js-image-size__link lazy-anchor\" href=\"https:\/\/www.archdaily.mx\/mx\/972686\/archdaily-elige-las-mejores-nuevas-practicas-de-arquitectura-del-2021\/619e4a1cf91c818c6e000020-archdaily-selects-the-best-new-practices-of-2021-photo\" style=\"width: 640px; height: 426px;\"><img decoding=\"async\" alt=\"\u00a9 Lorena Darquea\" class=\"b-lazy\" src-small=\"https:\/\/images.adsttc.com\/media\/images\/619e\/4a1c\/f91c\/818c\/6e00\/0020\/medium_jpg\/ESEColectivo_Arquitectos._%C2%A9_Lorena_Darquea.jpg?1637763584\" src=\"https:\/\/images.adsttc.com\/media\/images\/619e\/4a1c\/f91c\/818c\/6e00\/0020\/newsletter\/ESEColectivo_Arquitectos._%C2%A9_Lorena_Darquea.jpg?1637763584\" itemprop=\"image\" longdesc=\"https:\/\/www.archdaily.mx\/mx\/972686\/archdaily-elige-las-mejores-nuevas-practicas-de-arquitectura-del-2021\/619e4a1cf91c818c6e000020-archdaily-selects-the-best-new-practices-of-2021-photo\" bad-src=\"data:image\/gif;base64,R0lGODlhAQABAIAAAAUEBAAAACwAAAAAAQABAAACAkQBADs=\"\/><\/a><figcaption class=\"figcaption afd-desktop-e\" id=\"619e4a1cf91c818c6e000020\">\u00a9 Lorena Darquea<\/figcaption><i class=\"figcaption-cc-icon afd-desktop-e\"\/><\/figure>\n<p><strong><strong>Equipo:<\/strong>\u00a0<\/strong>Mar\u00eda Bel\u00e9n Argudo, Pablo Silva, Jos\u00e9 de la Torre, Santiago Granda<\/p>\n<p><a rel=\"nofollow noopener\" target=\"_blank\" href=\"https:\/\/www.plataformaarquitectura.cl\/cl\/office\/espacio-colectivo-arquitectos\">ESEColectivo Arquitectos<\/a> es un estudio de arquitectura centrado en la experimentaci\u00f3n con materiales de construcci\u00f3n alternativos, tecnolog\u00edas y l\u00f3gica. En su proceso de dise\u00f1o, buscan conciliar estrategias sostenibles de bajo impacto con las necesidades y limitaciones espec\u00edficas de cada proyecto, de manera que sus resultados sean heterog\u00e9neos y difieran en el tipo de enfoque metodol\u00f3gico y t\u00e9cnico. La experiencia de ESEColectivo Arquitectos se ha construido a trav\u00e9s de pr\u00e1cticas colaborativas con estudios de arquitectura, gestores culturales y proyectos afines a nivel native e internacional, llevando a desarrollar iniciativas m\u00e1s cercanas a la documentaci\u00f3n, investigaci\u00f3n y difusi\u00f3n arquitect\u00f3nica. En consecuencia, EseColectivo cre\u00f3 en 2019 &#8220;<a rel=\"nofollow noopener\" target=\"_blank\" href=\"https:\/\/esecolectivo.com\/la-parleta?utm_medium=website&amp;utm_source=archdaily.mx\">La Parleta<\/a>&#8221; \u2014el primer podcast de arquitectura en Ecuador\u2014 un espect\u00e1culo comprometido con temas informales, c\u00f3micos y casi cotidianos en torno a la disciplina.<\/p>\n<h3> <a rel=\"nofollow noopener\" target=\"_blank\" href=\"https:\/\/www.plataformaarquitectura.cl\/cl\/office\/hannah\">HANNAH Office<\/a> | Estados Unidos<\/h3>\n<figure aria-labelledby=\"619e4a69f91c818c6e000021\" class=\"js-image-size media-picture\" data-height=\"360\" data-width=\"640\" style=\"width: 640px; height: 360px;\"><a rel=\"nofollow noopener\" target=\"_blank\" class=\"js-image-size__link lazy-anchor\" href=\"https:\/\/www.archdaily.mx\/mx\/972686\/archdaily-elige-las-mejores-nuevas-practicas-de-arquitectura-del-2021\/619e4a69f91c818c6e000021-archdaily-selects-the-best-new-practices-of-2021-image\" style=\"width: 640px; height: 360px;\"><img decoding=\"async\" alt=\"Cortes\u00eda de HANNAH\" class=\"b-lazy\" src-small=\"https:\/\/images.adsttc.com\/media\/images\/619e\/4a69\/f91c\/818c\/6e00\/0021\/medium_jpg\/HANNAH._Courtesy_of_HANNAH.jpg?1637763659\" src=\"https:\/\/images.adsttc.com\/media\/images\/619e\/4a69\/f91c\/818c\/6e00\/0021\/newsletter\/HANNAH._Courtesy_of_HANNAH.jpg?1637763659\" itemprop=\"image\" longdesc=\"https:\/\/www.archdaily.mx\/mx\/972686\/archdaily-elige-las-mejores-nuevas-practicas-de-arquitectura-del-2021\/619e4a69f91c818c6e000021-archdaily-selects-the-best-new-practices-of-2021-image\" bad-src=\"data:image\/gif;base64,R0lGODlhAQABAIAAAAUEBAAAACwAAAAAAQABAAACAkQBADs=\"\/><\/a><figcaption class=\"figcaption afd-desktop-e\" id=\"619e4a69f91c818c6e000021\">Cortes\u00eda de HANNAH<\/figcaption><i class=\"figcaption-icon afd-desktop-e\"\/><\/figure>\n<p><strong><strong>Equipo:<\/strong><\/strong>\u00a0Leslie Lok, Sasa Zivkovic<\/p>\n<p>Desde la base, las tecnolog\u00edas de dise\u00f1o y fabricaci\u00f3n digital son intr\u00ednsecas a la realizaci\u00f3n de nuestro trabajo, facilitando nuevos m\u00e9todos de materiales, articulaciones tect\u00f3nicas, pr\u00e1cticas ambientales, posibilidades tecnol\u00f3gicas y formas de construcci\u00f3n sostenibles. La oficina de HANNAH reclama la autor\u00eda sobre los procesos de creaci\u00f3n que influyen en la forma en que podemos construir en el futuro. En Ashen Cabin, el escaneo 3D y la fabricaci\u00f3n rob\u00f3tica transforman la \u201cmadera de desecho\u201d de forma irregular e infestada de insectos en un materials de construcci\u00f3n m\u00f3rbidamente sostenible y disponible en abundancia. En Additive Architectural Parts, la impresi\u00f3n 3D de hormig\u00f3n permite la eliminaci\u00f3n de encofrados derrochadores. En RRRolling Stones, la impresi\u00f3n 3D de forma econ\u00f3mica personaliza en masa las geometr\u00edas para crear una gama de asientos a medida para una variedad de tipos de cuerpo. En varias escalas, el rendimiento y la expresi\u00f3n arquitect\u00f3nica de su trabajo se derivan inherentemente de la materialidad, los protocolos de construcci\u00f3n digital, las rutinas rob\u00f3ticas y la l\u00f3gica de dise\u00f1o de abajo hacia arriba. Al mismo tiempo, en una combinaci\u00f3n de medios, se inspiran en precedentes, programas, consideraciones ecol\u00f3gicas, trabajo colectivo, obsesiones personales y el mal uso creativo de la tecnolog\u00eda.<\/p>\n<h3> <a rel=\"nofollow noopener\" target=\"_blank\" href=\"https:\/\/www.plataformaarquitectura.cl\/cl\/tag\/icon\">ICON<\/a> | Estados Unidos<\/h3>\n<figure aria-labelledby=\"619e4a91f91c818c6e000022\" class=\"js-image-size media-picture\" data-height=\"415\" data-width=\"640\" style=\"width: 640px; height: 415px;\"><a rel=\"nofollow noopener\" target=\"_blank\" class=\"js-image-size__link lazy-anchor\" href=\"https:\/\/www.archdaily.mx\/mx\/972686\/archdaily-elige-las-mejores-nuevas-practicas-de-arquitectura-del-2021\/619e4a91f91c818c6e000022-archdaily-selects-the-best-new-practices-of-2021-image\" style=\"width: 640px; height: 415px;\"><img decoding=\"async\" alt=\"Cortes\u00eda de ICON\" class=\"b-lazy\" src-small=\"https:\/\/images.adsttc.com\/media\/images\/619e\/4a91\/f91c\/818c\/6e00\/0022\/medium_jpg\/ICON._Courtesy_of_ICON.jpg?1637763717\" src=\"https:\/\/images.adsttc.com\/media\/images\/619e\/4a91\/f91c\/818c\/6e00\/0022\/newsletter\/ICON._Courtesy_of_ICON.jpg?1637763717\" itemprop=\"image\" longdesc=\"https:\/\/www.archdaily.mx\/mx\/972686\/archdaily-elige-las-mejores-nuevas-practicas-de-arquitectura-del-2021\/619e4a91f91c818c6e000022-archdaily-selects-the-best-new-practices-of-2021-image\" bad-src=\"data:image\/gif;base64,R0lGODlhAQABAIAAAAUEBAAAACwAAAAAAQABAAACAkQBADs=\"\/><\/a><figcaption class=\"figcaption afd-desktop-e\" id=\"619e4a91f91c818c6e000022\">Cortes\u00eda de ICON<\/figcaption><i class=\"figcaption-icon afd-desktop-e\"\/><\/figure>\n<p><strong>Fundadores:<\/strong> Jason Ballard\u00a0(CEO), Evan Loomis, Alex Le Roux (CTO)<\/p>\n<p>ICON existe como una respuesta a la disaster mundial de la vivienda: la impresi\u00f3n 3D a escala de construcci\u00f3n no solo ofrece hogares de mayor calidad de manera m\u00e1s r\u00e1pida y asequible, sino que las flotas de impresoras pueden cambiar la forma en que comunidades enteras se construyen para mejor. <a rel=\"nofollow noopener\" target=\"_blank\" href=\"https:\/\/www.archdaily.mx\/mx\/tag\/estados-unidos\">Estados Unidos<\/a> enfrenta un d\u00e9ficit de 5 millones de hogares nuevos y en todo el mundo hay 1.200 millones de seres humanos que carecen de un refugio adecuado. Existe una profunda necesidad de aumentar r\u00e1pidamente el suministro sin comprometer la calidad, la belleza o la sostenibilidad y esa es exactamente la fuerza de la tecnolog\u00eda de <a rel=\"nofollow noopener\" target=\"_blank\" href=\"https:\/\/www.archdaily.mx\/mx\/tag\/icon\">ICON<\/a>. ICON ha entregado casas impresas en 3D para personas sin hogar, entregado las primeras casas impresas en 3D vendidas en los <a rel=\"nofollow noopener\" target=\"_blank\" href=\"https:\/\/www.archdaily.mx\/mx\/tag\/estados-unidos\">Estados Unidos<\/a>, un h\u00e1bitat marciano impreso en 3D para la NASA y cuarteles para aquellos que sirven a su pa\u00eds con el Departamento Militar de Texas, adem\u00e1s de asociarse con la reconocida firma de arquitectura mundial BIG.<\/p>\n<h3> <a rel=\"nofollow noopener\" target=\"_blank\" href=\"https:\/\/www.plataformaarquitectura.cl\/cl\/office\/lllab\">llLab.<\/a> | <a rel=\"nofollow noopener\" target=\"_blank\" href=\"https:\/\/www.archdaily.mx\/mx\/tag\/china\">China<\/a>, <a rel=\"nofollow noopener\" target=\"_blank\" href=\"https:\/\/www.archdaily.mx\/mx\/tag\/alemania\">Alemania<\/a>, Portugal<\/h3>\n<figure aria-labelledby=\"619e4aeaf91c818c6e000023\" class=\"js-image-size media-picture\" data-height=\"426\" data-width=\"640\" style=\"width: 640px; height: 426px;\"><a rel=\"nofollow noopener\" target=\"_blank\" class=\"js-image-size__link lazy-anchor\" href=\"https:\/\/www.archdaily.mx\/mx\/972686\/archdaily-elige-las-mejores-nuevas-practicas-de-arquitectura-del-2021\/619e4aeaf91c818c6e000023-archdaily-selects-the-best-new-practices-of-2021-photo\" style=\"width: 640px; height: 426px;\"><img decoding=\"async\" alt=\"\u00a9 Arch-Exist\" class=\"b-lazy\" src-small=\"https:\/\/images.adsttc.com\/media\/images\/619e\/4aea\/f91c\/818c\/6e00\/0023\/medium_jpg\/IILab._%C2%A9_Arch-Exist.jpg?1637763755\" src=\"https:\/\/images.adsttc.com\/media\/images\/619e\/4aea\/f91c\/818c\/6e00\/0023\/newsletter\/IILab._%C2%A9_Arch-Exist.jpg?1637763755\" itemprop=\"image\" longdesc=\"https:\/\/www.archdaily.mx\/mx\/972686\/archdaily-elige-las-mejores-nuevas-practicas-de-arquitectura-del-2021\/619e4aeaf91c818c6e000023-archdaily-selects-the-best-new-practices-of-2021-photo\" bad-src=\"data:image\/gif;base64,R0lGODlhAQABAIAAAAUEBAAAACwAAAAAAQABAAACAkQBADs=\"\/><\/a><figcaption class=\"figcaption afd-desktop-e\" id=\"619e4aeaf91c818c6e000023\">\u00a9 Arch-Exist<\/figcaption><i class=\"figcaption-cc-icon afd-desktop-e\"\/><\/figure>\n<p><strong>Fundadores:<\/strong>\u00a0Hanxiao Liu, Lu\u00eds Ricardo, David Correa, Taichi Kuma<br \/><strong>Equipo:<\/strong>\u00a0Fei Chen, Yihui Zhao, Lingling Liu, Yujun Yan, Lingkong Yin, Lexian Hu, Ziyu Wei, Matt Eshleman, Han Xue, Chao Zuo, Wiebke Beyer, Finn Crawford<\/p>\n<p><a rel=\"nofollow noopener\" target=\"_blank\" href=\"https:\/\/www.plataformaarquitectura.cl\/cl\/office\/lllab\">llLab.<\/a> opera en los campos de la arquitectura, el dise\u00f1o, el arte, el urbanismo, la investigaci\u00f3n y el desarrollo. Su trabajo se centra en utilizar el dise\u00f1o como herramienta para mejorar la vida social y cultural a trav\u00e9s de diversas escalas, desde proyectos urbanos hasta microarquitectura o instalaciones. Los directores est\u00e1n impulsados por un enfoque experimental y l\u00fadico que conduce a proyectos de dise\u00f1o conceptualmente rigurosos y bien ejecutados. Creando soluciones distintivas adaptadas a un contexto y sus usuarios, <a rel=\"nofollow noopener\" target=\"_blank\" href=\"https:\/\/www.plataformaarquitectura.cl\/cl\/office\/lllab\">llLab.<\/a> establece plataformas conceptuales para que los enfoques de dise\u00f1o crezcan en el tiempo, dentro de sus contextos particulares, produciendo instalaciones de dise\u00f1o espec\u00edficas para el sitio y proyectos de construcci\u00f3n que provocan e inspiran.<\/p>\n<h3> <a rel=\"nofollow noopener\" target=\"_blank\" href=\"https:\/\/www.plataformaarquitectura.cl\/cl\/tag\/matri-archi\">Matri-Archi(tecture)<\/a> | Sud\u00e1frica, Suiza<\/h3>\n<figure aria-labelledby=\"619e84cff91c8165ad0000ac\" class=\"js-image-size media-picture\" data-height=\"307\" data-width=\"640\" style=\"width: 640px; height: 307px;\"><a rel=\"nofollow noopener\" target=\"_blank\" class=\"js-image-size__link lazy-anchor\" href=\"https:\/\/www.archdaily.mx\/mx\/972686\/archdaily-elige-las-mejores-nuevas-practicas-de-arquitectura-del-2021\/619e84cff91c8165ad0000ac-archdaily-selects-the-best-new-practices-of-2021-photo\" style=\"width: 640px; height: 307px;\"><img decoding=\"async\" alt=\"\u00a9 Matri-Archi\" class=\"b-lazy\" src-small=\"https:\/\/images.adsttc.com\/media\/images\/619e\/84cf\/f91c\/8165\/ad00\/00ac\/medium_jpg\/Matri-Archi._Courtesy_of_Matri-Archi.jpg?1637778478\" src=\"https:\/\/images.adsttc.com\/media\/images\/619e\/84cf\/f91c\/8165\/ad00\/00ac\/newsletter\/Matri-Archi._Courtesy_of_Matri-Archi.jpg?1637778478\" itemprop=\"image\" longdesc=\"https:\/\/www.archdaily.mx\/mx\/972686\/archdaily-elige-las-mejores-nuevas-practicas-de-arquitectura-del-2021\/619e84cff91c8165ad0000ac-archdaily-selects-the-best-new-practices-of-2021-photo\" bad-src=\"data:image\/gif;base64,R0lGODlhAQABAIAAAAUEBAAAACwAAAAAAQABAAACAkQBADs=\"\/><\/a><figcaption class=\"figcaption afd-desktop-e\" id=\"619e84cff91c8165ad0000ac\">\u00a9 Matri-Archi<\/figcaption><i class=\"figcaption-cc-icon afd-desktop-e\"\/><\/figure>\n<p><strong><strong>Equipo:<\/strong><\/strong>\u00a0Khensani de Klerk, Solange Mbanefo, Tapiwa Manase, Tshego Mako, Aude Tollo<\/p>\n<p><a rel=\"nofollow noopener\" target=\"_blank\" href=\"https:\/\/www.plataformaarquitectura.cl\/cl\/tag\/matri-archi\">Matri-Archi(tecture)<\/a> es un colectivo interseccional que empodera a las mujeres africanas con una purple dedicada al desarrollo construido por \u00c1frica y la educaci\u00f3n espacial. Se centran en la investigaci\u00f3n y el dise\u00f1o en la industria espacial como un colectivo pluridisciplinario de artistas y profesionales del espacio. Act\u00faa a trav\u00e9s de una unidad de investigaci\u00f3n y un pr\u00f3ximo programa de educaci\u00f3n espacial, centr\u00e1ndose en la transformaci\u00f3n en asociaci\u00f3n con los profesionales del espacio. Sus proyectos hasta ahora se han manifestado y contin\u00faan manifest\u00e1ndose en varias escalas aplicables a la comunicaci\u00f3n de pr\u00e1cticas espaciales y discursos ignorados por la educaci\u00f3n y la pr\u00e1ctica arquitect\u00f3nica convencional, particularmente mirando hacia el Sur International y difuminando la frontera entre el Norte y el Sur tanto formal como casual. Matri-Archi (textura) ve valor en los elementos materiales e inmateriales del entorno construido y cree que, con un enfoque en el descubrimiento de historias africanas y pr\u00e1cticas espaciales contempor\u00e1neas, podr\u00edan imaginar pr\u00e1cticas \u00e9ticamente sociales y ecol\u00f3gicas para un futuro sostenible.<\/p>\n<h3> <a rel=\"nofollow noopener\" target=\"_blank\" href=\"https:\/\/www.plataformaarquitectura.cl\/cl\/office\/messina-rivas\">messina | rivas<\/a> | Brasil<\/h3>\n<figure aria-labelledby=\"619e4b7ff91c818c6e000024\" class=\"js-image-size media-picture\" data-height=\"580\" data-width=\"386\" style=\"width: 386px; height: 580px;\"><a rel=\"nofollow noopener\" target=\"_blank\" class=\"js-image-size__link lazy-anchor\" href=\"https:\/\/www.archdaily.mx\/mx\/972686\/archdaily-elige-las-mejores-nuevas-practicas-de-arquitectura-del-2021\/619e4b7ff91c818c6e000024-archdaily-selects-the-best-new-practices-of-2021-photo\" style=\"width: 386px; height: 580px;\"><img decoding=\"async\" alt=\"\u00a9 Federico Cairoli\" class=\"b-lazy\" src-small=\"https:\/\/images.adsttc.com\/media\/images\/619e\/4b7f\/f91c\/818c\/6e00\/0024\/medium_jpg\/messina_rivas._%C2%A9_Federico_Cairoli.jpg?1637763946\" src=\"https:\/\/images.adsttc.com\/media\/images\/619e\/4b7f\/f91c\/818c\/6e00\/0024\/medium_jpg\/messina_rivas._%C2%A9_Federico_Cairoli.jpg?1637763946\" itemprop=\"image\" longdesc=\"https:\/\/www.archdaily.mx\/mx\/972686\/archdaily-elige-las-mejores-nuevas-practicas-de-arquitectura-del-2021\/619e4b7ff91c818c6e000024-archdaily-selects-the-best-new-practices-of-2021-photo\" bad-src=\"data:image\/gif;base64,R0lGODlhAQABAIAAAAUEBAAAACwAAAAAAQABAAACAkQBADs=\"\/><\/a><figcaption class=\"figcaption afd-desktop-e\" id=\"619e4b7ff91c818c6e000024\">\u00a9 Federico Cairoli<\/figcaption><i class=\"figcaption-cc-icon afd-desktop-e\"\/><\/figure>\n<p><strong><strong>Equipo:<\/strong><\/strong>\u00a0Francisco Rivas, Rodrigo Messina<\/p>\n<p>La pr\u00e1ctica <a rel=\"nofollow noopener\" target=\"_blank\" href=\"https:\/\/www.plataformaarquitectura.cl\/cl\/office\/messina-rivas\">messina | rivas<\/a> busca esclarecer distintos saberes a trav\u00e9s de acciones y relaciones que, a trav\u00e9s de proyectos y di\u00e1logos, constituyen as\u00ed nuestra comunicaci\u00f3n. A partir de acciones a diferentes escalas, programas, contextos y procedimientos de dise\u00f1o, la actividad de la arquitectura act\u00faa como una herramienta de acci\u00f3n reflexiva, con potencial para transformar las condiciones socioambientales de habitabilidad. Por lo tanto, una pr\u00e1ctica que requiere una adecuada atenci\u00f3n a los recursos disponibles, las preexistencias arquitect\u00f3nicas \/ paisaj\u00edsticas, los diversos conocimientos involucrados en la t\u00e9cnica constructiva y la viabilidad econ\u00f3mica. <a rel=\"nofollow noopener\" target=\"_blank\" href=\"https:\/\/www.plataformaarquitectura.cl\/cl\/office\/messina-rivas\">messina | rivas<\/a> tambi\u00e9n trabaja con varias alianzas nacionales e internacionales para el ejercicio de la pr\u00e1ctica colectiva, no solo a trav\u00e9s de proyectos arquitect\u00f3nicos sino tambi\u00e9n a trav\u00e9s de publicaciones, conferencias, exposiciones y talleres.<\/p>\n<h3> <a rel=\"nofollow noopener\" target=\"_blank\" href=\"https:\/\/www.plataformaarquitectura.cl\/cl\/office\/palma\">PALMA<\/a> | M\u00e9xico<\/h3>\n<figure aria-labelledby=\"619e4bf8f91c818c6e000025\" class=\"js-image-size media-picture\" data-height=\"426\" data-width=\"640\" style=\"width: 640px; height: 426px;\"><a rel=\"nofollow noopener\" target=\"_blank\" class=\"js-image-size__link lazy-anchor\" href=\"https:\/\/www.archdaily.mx\/mx\/972686\/archdaily-elige-las-mejores-nuevas-practicas-de-arquitectura-del-2021\/619e4bf8f91c818c6e000025-archdaily-selects-the-best-new-practices-of-2021-photo\" style=\"width: 640px; height: 426px;\"><img decoding=\"async\" alt=\"\u00a9 Luis Young\" class=\"b-lazy\" src-small=\"https:\/\/images.adsttc.com\/media\/images\/619e\/4bf8\/f91c\/818c\/6e00\/0025\/medium_jpg\/PALMA._%C2%A9_Luis_Young.jpg?1637764064\" src=\"https:\/\/images.adsttc.com\/media\/images\/619e\/4bf8\/f91c\/818c\/6e00\/0025\/newsletter\/PALMA._%C2%A9_Luis_Young.jpg?1637764064\" itemprop=\"image\" longdesc=\"https:\/\/www.archdaily.mx\/mx\/972686\/archdaily-elige-las-mejores-nuevas-practicas-de-arquitectura-del-2021\/619e4bf8f91c818c6e000025-archdaily-selects-the-best-new-practices-of-2021-photo\" bad-src=\"data:image\/gif;base64,R0lGODlhAQABAIAAAAUEBAAAACwAAAAAAQABAAACAkQBADs=\"\/><\/a><figcaption class=\"figcaption afd-desktop-e\" id=\"619e4bf8f91c818c6e000025\">\u00a9 Luis Younger<\/figcaption><i class=\"figcaption-cc-icon afd-desktop-e\"\/><\/figure>\n<p><strong>Socios:<\/strong> Ilse C\u00e1rdenas, Regina de Hoyos, Diego Escamilla, Juan Luis Rivera<br \/><strong>Actuales Colaboradores:<\/strong> Carmen Bentabol, Josu\u00e9 Granados, Nia Jorquera, Jorge Ma\u00f1as \u00c1lvarez, Jos\u00e9 M\u00e9ndez, Constanza Ponce de Le\u00f3n, Adri\u00e1n R\u00e1mirez<\/p>\n<p><a rel=\"nofollow noopener\" target=\"_blank\" href=\"https:\/\/www.plataformaarquitectura.cl\/cl\/office\/palma\">PALMA<\/a> ha dise\u00f1ado, dibujado, pensado y repensado la arquitectura, entregando tambi\u00e9n proyectos a tiempo, dentro del presupuesto y en \u2014la mayor\u00eda de las veces\u2014 coherencia con un grupo de creencias y valores con los que han crecido emp\u00edricamente. Han aceptado con entusiasmo demasiados trabajos mal pagados, por lo que tuvieron la oportunidad de trabajar en ellos durante tantas horas, con la esperanza de construir algo. Alquilaron oficinas, decidieron las horas de trabajo y contrataron a tantas personas como pod\u00edan pagar con justicia. En 2020, en una sincronicidad mundial \u00fanica en la vida, afortunadamente se vieron obligados a repensar su pr\u00e1ctica. PALMA entiende su papel como humildes articuladores de actores, deseos y experiencias. Navegar entre tipolog\u00edas contrastantes, tanto en contextos urbanos como rurales, participando en iniciativas que tengan como objetivo mejorar sus comunidades a trav\u00e9s del trabajo creativo e inventivo.<\/p>\n<h3> <a rel=\"nofollow noopener\" target=\"_blank\" href=\"https:\/\/www.plataformaarquitectura.cl\/cl\/office\/sher-maker\">Sher Maker<\/a> | Tailandia<\/h3>\n<figure aria-labelledby=\"619e4c39f91c818c6e000026\" class=\"js-image-size media-picture\" data-height=\"394\" data-width=\"640\" style=\"width: 640px; height: 394px;\"><a rel=\"nofollow noopener\" target=\"_blank\" class=\"js-image-size__link lazy-anchor\" href=\"https:\/\/www.archdaily.mx\/mx\/972686\/archdaily-elige-las-mejores-nuevas-practicas-de-arquitectura-del-2021\/619e4c39f91c818c6e000026-archdaily-selects-the-best-new-practices-of-2021-photo\" style=\"width: 640px; height: 394px;\"><img decoding=\"async\" alt=\"\u00a9 Rungkit Charoenwat\" class=\"b-lazy\" src-small=\"https:\/\/images.adsttc.com\/media\/images\/619e\/4c39\/f91c\/818c\/6e00\/0026\/medium_jpg\/Sher_Maker._%C2%A9_Rungkit_Charoenwat.jpg?1637764124\" src=\"https:\/\/images.adsttc.com\/media\/images\/619e\/4c39\/f91c\/818c\/6e00\/0026\/newsletter\/Sher_Maker._%C2%A9_Rungkit_Charoenwat.jpg?1637764124\" itemprop=\"image\" longdesc=\"https:\/\/www.archdaily.mx\/mx\/972686\/archdaily-elige-las-mejores-nuevas-practicas-de-arquitectura-del-2021\/619e4c39f91c818c6e000026-archdaily-selects-the-best-new-practices-of-2021-photo\" bad-src=\"data:image\/gif;base64,R0lGODlhAQABAIAAAAUEBAAAACwAAAAAAQABAAACAkQBADs=\"\/><\/a><figcaption class=\"figcaption afd-desktop-e\" id=\"619e4c39f91c818c6e000026\">\u00a9 Rungkit Charoenwat<\/figcaption><i class=\"figcaption-cc-icon afd-desktop-e\"\/><\/figure>\n<p><strong>Equipo:\u00a0<\/strong>Patcharada Inplang, Thongchai Chansamak, Nat Tangchonlatip, Akapan Kanyen<\/p>\n<p><a rel=\"nofollow noopener\" target=\"_blank\" href=\"https:\/\/www.plataformaarquitectura.cl\/cl\/office\/sher-maker\">Sher Maker<\/a> tiene como objetivo impulsar el potencial de la unidad constructiva native y disminuir la brecha del capitalismo que ocupa el conglomerado de dise\u00f1o. Esto se logra desarrollando proyectos desde la unidad m\u00e1s peque\u00f1a, como una especie de materials experimental e investigativo, que se relaciona con un contexto cultural y pure en cada proyecto espec\u00edfico, ampliando el \u00e1mbito del resultado al sistema constructivo y distribuyendo los ingresos adecuados a los locales. Esta es una forma de aprender m\u00e1s sobre nuestras carreras y roles como arquitectos. Tienen una fuerte intenci\u00f3n en el proceso y significado detr\u00e1s de la metodolog\u00eda de la arquitectura. Sher Maker est\u00e1 interesado en los or\u00edgenes de las formaciones arquitect\u00f3nicas que dependen del contexto de la tecnolog\u00eda native y la posibilidad materials. Realmente persiguen el dise\u00f1o de una atm\u00f3sfera que afecta a la arquitectura tanto en el espacio como en el ambiente.<\/p>\n<h3> <a rel=\"nofollow noopener\" target=\"_blank\" href=\"https:\/\/www.plataformaarquitectura.cl\/cl\/office\/stpmj\">stpmj<\/a> | <a rel=\"nofollow noopener\" target=\"_blank\" href=\"https:\/\/www.archdaily.mx\/mx\/tag\/corea-del-sur\">Corea del Sur<\/a>, Estados Unidos<\/h3>\n<figure aria-labelledby=\"619e4c75f91c818c6e000027\" class=\"js-image-size media-picture\" data-height=\"580\" data-width=\"386\" style=\"width: 386px; height: 580px;\"><a rel=\"nofollow noopener\" target=\"_blank\" class=\"js-image-size__link lazy-anchor\" href=\"https:\/\/www.archdaily.mx\/mx\/972686\/archdaily-elige-las-mejores-nuevas-practicas-de-arquitectura-del-2021\/619e4c75f91c818c6e000027-archdaily-selects-the-best-new-practices-of-2021-photo\" style=\"width: 386px; height: 580px;\"><img decoding=\"async\" alt=\"\u00a9 Bae Jihun\" class=\"b-lazy\" src-small=\"https:\/\/images.adsttc.com\/media\/images\/619e\/4c75\/f91c\/818c\/6e00\/0027\/medium_jpg\/stpmj._%C2%A9_Bae_Jihun.jpg?1637764184\" src=\"https:\/\/images.adsttc.com\/media\/images\/619e\/4c75\/f91c\/818c\/6e00\/0027\/medium_jpg\/stpmj._%C2%A9_Bae_Jihun.jpg?1637764184\" itemprop=\"image\" longdesc=\"https:\/\/www.archdaily.mx\/mx\/972686\/archdaily-elige-las-mejores-nuevas-practicas-de-arquitectura-del-2021\/619e4c75f91c818c6e000027-archdaily-selects-the-best-new-practices-of-2021-photo\" bad-src=\"data:image\/gif;base64,R0lGODlhAQABAIAAAAUEBAAAACwAAAAAAQABAAACAkQBADs=\"\/><\/a><figcaption class=\"figcaption afd-desktop-e\" id=\"619e4c75f91c818c6e000027\">\u00a9 Bae Jihun<\/figcaption><i class=\"figcaption-cc-icon afd-desktop-e\"\/><\/figure>\n<p><strong>Fundadores:<\/strong> Seung Teak Lee, Mi Jung Lim<br \/><strong><strong>Equipo<\/strong>:<\/strong>\u00a0Jeong Ho Kim, Sang Hyup Kim, Jeong Eun Kim, Seung Yeon Han, Min Younger Kim, Seul Kim<\/p>\n<p>Con una agenda llamada \u201cRealismo provocador\u201d, <a rel=\"nofollow noopener\" target=\"_blank\" href=\"https:\/\/www.archdaily.mx\/mx\/tag\/stpmj\">stpmj<\/a> trabaja en una serie de exploraciones sin\u00e9rgicas que ocurren en el l\u00edmite entre lo very best y lo actual. Se basa en la simplicidad de forma y detalle, claridad de estructura, excelencia en funci\u00f3n ambiental, uso de nuevos materiales y una gesti\u00f3n racional del presupuesto. Adem\u00e1s, <a rel=\"nofollow noopener\" target=\"_blank\" href=\"https:\/\/www.archdaily.mx\/mx\/tag\/stpmj\">stpmj<\/a> agrega concepts generadas por la curiosidad en la vida cotidiana mientras persiguen una metodolog\u00eda para explotar dram\u00e1ticamente las limitaciones de la realidad. Como resultado de nuevas perspectivas, su trabajo es matizado pero audaz y representa una reacci\u00f3n contra los clich\u00e9s arquitect\u00f3nicos.<\/p>\n<h3> <a rel=\"nofollow noopener\" target=\"_blank\" href=\"http:\/\/studionyali.com\/work\/?utm_medium=website&amp;utm_source=archdaily.mx\">Studio NYALI<\/a> | Reino Unido<\/h3>\n<figure aria-labelledby=\"619e4d50f91c818c6e000028\" class=\"js-image-size media-picture\" data-height=\"580\" data-width=\"580\" style=\"width: 580px; height: 580px;\"><a rel=\"nofollow noopener\" target=\"_blank\" class=\"js-image-size__link lazy-anchor\" href=\"https:\/\/www.archdaily.mx\/mx\/972686\/archdaily-elige-las-mejores-nuevas-practicas-de-arquitectura-del-2021\/619e4d50f91c818c6e000028-archdaily-selects-the-best-new-practices-of-2021-image\" style=\"width: 580px; height: 580px;\"><img decoding=\"async\" alt=\"Cortes\u00eda de Studio NYALI\" class=\"b-lazy\" src-small=\"https:\/\/images.adsttc.com\/media\/images\/619e\/4d50\/f91c\/818c\/6e00\/0028\/medium_jpg\/Studio_NYALI._Courtesy_of_Studio_NYALI.jpg?1637764380\" src=\"https:\/\/images.adsttc.com\/media\/images\/619e\/4d50\/f91c\/818c\/6e00\/0028\/newsletter\/Studio_NYALI._Courtesy_of_Studio_NYALI.jpg?1637764380\" itemprop=\"image\" longdesc=\"https:\/\/www.archdaily.mx\/mx\/972686\/archdaily-elige-las-mejores-nuevas-practicas-de-arquitectura-del-2021\/619e4d50f91c818c6e000028-archdaily-selects-the-best-new-practices-of-2021-image\" bad-src=\"data:image\/gif;base64,R0lGODlhAQABAIAAAAUEBAAAACwAAAAAAQABAAACAkQBADs=\"\/><\/a><figcaption class=\"figcaption afd-desktop-e\" id=\"619e4d50f91c818c6e000028\">Cortes\u00eda de Studio NYALI<\/figcaption><i class=\"figcaption-icon afd-desktop-e\"\/><\/figure>\n<p><strong><strong>Equipo<\/strong>:\u00a0<\/strong>Bushra Mohamed, Nana Biamah-Ofosu<\/p>\n<p><a rel=\"nofollow noopener\" target=\"_blank\" href=\"http:\/\/studionyali.com\/work\/?utm_medium=website&amp;utm_source=archdaily.mx\">Studio NYALI<\/a> est\u00e1 interesado en examinar, desafiar y cambiar las cr\u00edticas y narrativas arquitect\u00f3nicas hacia una comprensi\u00f3n m\u00e1s inclusiva y hol\u00edstica del entorno construido. La pr\u00e1ctica se centra en la identidad, las historias compartidas y los espacios con una fuerte creencia de que la arquitectura debe entenderse como la encarnaci\u00f3n y el artefacto de la experiencia humana. Como dise\u00f1adores, su trabajo apunta a centrar las identidades, culturas y personas perif\u00e9ricas.<\/p>\n<h3> <a rel=\"nofollow noopener\" target=\"_blank\" href=\"https:\/\/www.plataformaarquitectura.cl\/cl\/office\/summary\">SUMMARY<\/a> | Portugal<\/h3>\n<figure aria-labelledby=\"619e4e2df91c818c6e000029\" class=\"js-image-size media-picture\" data-height=\"444\" data-width=\"640\" style=\"width: 640px; height: 444px;\"><a rel=\"nofollow noopener\" target=\"_blank\" class=\"js-image-size__link lazy-anchor\" href=\"https:\/\/www.archdaily.mx\/mx\/972686\/archdaily-elige-las-mejores-nuevas-practicas-de-arquitectura-del-2021\/619e4e2df91c818c6e000029-archdaily-selects-the-best-new-practices-of-2021-photo\" style=\"width: 640px; height: 444px;\"><img decoding=\"async\" alt=\"\u00a9 Fernando Guerra FG+SG\" class=\"b-lazy\" src-small=\"https:\/\/images.adsttc.com\/media\/images\/619e\/4e2d\/f91c\/818c\/6e00\/0029\/medium_jpg\/SUMMARY._%C2%A9_Fernando_Guerra_FG_SG.jpg?1637764619\" src=\"https:\/\/images.adsttc.com\/media\/images\/619e\/4e2d\/f91c\/818c\/6e00\/0029\/newsletter\/SUMMARY._%C2%A9_Fernando_Guerra_FG_SG.jpg?1637764619\" itemprop=\"image\" longdesc=\"https:\/\/www.archdaily.mx\/mx\/972686\/archdaily-elige-las-mejores-nuevas-practicas-de-arquitectura-del-2021\/619e4e2df91c818c6e000029-archdaily-selects-the-best-new-practices-of-2021-photo\" bad-src=\"data:image\/gif;base64,R0lGODlhAQABAIAAAAUEBAAAACwAAAAAAQABAAACAkQBADs=\"\/><\/a><figcaption class=\"figcaption afd-desktop-e\" id=\"619e4e2df91c818c6e000029\">\u00a9 Fernando Guerra FG+SG<\/figcaption><i class=\"figcaption-cc-icon afd-desktop-e\"\/><\/figure>\n<p><strong><strong>Equipo:<\/strong><\/strong>\u00a0Samuel Gon\u00e7alves, Adina Staicu, Jo\u00e3o Meira<\/p>\n<p>Buscando el equilibrio entre pragmatismo y experimentalismo, <a rel=\"nofollow noopener\" target=\"_blank\" href=\"https:\/\/www.archdaily.mx\/mx\/tag\/summary\">SUMMARY<\/a> desarrolla proyectos y sistemas constructivos tomando como eje central la optimizaci\u00f3n del tiempo y los recursos f\u00edsicos. El desaf\u00edo que eligieron es hacer de la construcci\u00f3n un acto cada vez m\u00e1s sencillo, respondiendo a las exigencias que impone la arquitectura contempor\u00e1nea. Por un lado, la necesidad \/ expectativa de inmediatez de una sociedad impulsada por productos y servicios de Uber e Ikea; por otro lado, la necesidad de celeridad para responder a una demanda creciente de construcci\u00f3n, en explicit de vivienda, impulsada por el movimiento y asentamiento de poblaciones en las ciudades, en un volumen y ritmo nunca antes experimentado, a escala mundial. As\u00ed, <a rel=\"nofollow noopener\" target=\"_blank\" href=\"https:\/\/www.archdaily.mx\/mx\/tag\/summary\">SUMMARY<\/a> ha venido desarrollando soluciones arquitect\u00f3nicas y sistemas constructivos mediante tecnolog\u00eda de prefabricaci\u00f3n, permitiendo un mayor management de los proyectos en la fase de dise\u00f1o y la direcci\u00f3n de obra, reduciendo el margen de errores y desviaciones en el costo y ejecuci\u00f3n.<\/p>\n<h3> <a rel=\"nofollow noopener\" target=\"_blank\" href=\"https:\/\/urbanradicals.org\/?utm_medium=website&amp;utm_source=archdaily.mx\">Urban Radicals<\/a> | Reino Unido<\/h3>\n<figure aria-labelledby=\"619e7de2f91c818c6e000049\" class=\"js-image-size media-picture\" data-height=\"426\" data-width=\"640\" style=\"width: 640px; height: 426px;\"><a rel=\"nofollow noopener\" target=\"_blank\" class=\"js-image-size__link lazy-anchor\" href=\"https:\/\/www.archdaily.mx\/mx\/972686\/archdaily-elige-las-mejores-nuevas-practicas-de-arquitectura-del-2021\/619e7de2f91c818c6e000049-archdaily-selects-the-best-new-practices-of-2021-photo\" style=\"width: 640px; height: 426px;\"><img decoding=\"async\" alt=\"\u00a9 Luke O'Donovan\" class=\"b-lazy\" src-small=\"https:\/\/images.adsttc.com\/media\/images\/619e\/7de2\/f91c\/818c\/6e00\/0049\/medium_jpg\/Urban_Radicals._%C2%A9_Luke_O'Donovan.jpg?1637776846\" src=\"https:\/\/images.adsttc.com\/media\/images\/619e\/7de2\/f91c\/818c\/6e00\/0049\/newsletter\/Urban_Radicals._%C2%A9_Luke_O'Donovan.jpg?1637776846\" itemprop=\"image\" longdesc=\"https:\/\/www.archdaily.mx\/mx\/972686\/archdaily-elige-las-mejores-nuevas-practicas-de-arquitectura-del-2021\/619e7de2f91c818c6e000049-archdaily-selects-the-best-new-practices-of-2021-photo\" bad-src=\"data:image\/gif;base64,R0lGODlhAQABAIAAAAUEBAAAACwAAAAAAQABAAACAkQBADs=\"\/><\/a><figcaption class=\"figcaption afd-desktop-e\" id=\"619e7de2f91c818c6e000049\">\u00a9 Luke O&#8217;Donovan<\/figcaption><i class=\"figcaption-cc-icon afd-desktop-e\"\/><\/figure>\n<p><strong><strong>Equipo<\/strong>:\u00a0<\/strong>Period Savvides, Nasios Varnavas<\/p>\n<p>Desde 2019, City Radicals creci\u00f3 y se redujo org\u00e1nicamente, incorporando a cada nuevo proyecto viejos y nuevos amigos, colegas y maravillosos colaboradores. Como colectivo, <a rel=\"nofollow noopener\" target=\"_blank\" href=\"https:\/\/www.archdaily.mx\/mx\/tag\/urban-radicals\">Urban Radicals<\/a> busca examinar el espacio p\u00fablico y la noci\u00f3n de urbanismo y comunidad desde una variedad de perspectivas que incluyen cultura, pol\u00edtica, econom\u00eda, geograf\u00eda, ecolog\u00eda, activismo y arquitectura. Dedicado a la concept de la colaboraci\u00f3n con otras pr\u00e1cticas, disciplinas e individuos, <a rel=\"nofollow noopener\" target=\"_blank\" href=\"https:\/\/www.archdaily.mx\/mx\/tag\/urban-radicals\">Urban Radicals<\/a> cree que la disciplina de la arquitectura en s\u00ed est\u00e1 cambiando y, a medida que el mundo se vuelve cada vez m\u00e1s complejo e h\u00edbrido, la profesi\u00f3n y las tradiciones en las que se ha ejercido pueden ser repensadas, reelaboradas, redefinidas. Como arquitectos, pensadores y dise\u00f1adores, act\u00faan sobre sus concepts y creen en la pr\u00e1ctica, la aplicaci\u00f3n y el potencial de la arquitectura para convertirse en un acto de activismo.<\/p>\n<h3> <a rel=\"nofollow noopener\" target=\"_blank\" href=\"https:\/\/www.plataformaarquitectura.cl\/cl\/office\/various-associates\">Various Associates<\/a> | China<\/h3>\n<figure aria-labelledby=\"619e4e83f91c8165ad00006d\" class=\"js-image-size media-picture\" data-height=\"480\" data-width=\"640\" style=\"width: 640px; height: 480px;\"><a rel=\"nofollow noopener\" target=\"_blank\" class=\"js-image-size__link lazy-anchor\" href=\"https:\/\/www.archdaily.mx\/mx\/972686\/archdaily-elige-las-mejores-nuevas-practicas-de-arquitectura-del-2021\/619e4e83f91c8165ad00006d-archdaily-selects-the-best-new-practices-of-2021-photo\" style=\"width: 640px; height: 480px;\"><img decoding=\"async\" alt=\"\u00a9 Feng Shao\" class=\"b-lazy\" src-small=\"https:\/\/images.adsttc.com\/media\/images\/619e\/4e83\/f91c\/8165\/ad00\/006d\/medium_jpg\/Various_Associates._%C2%A9_Feng_Shao.jpg?1637764708\" src=\"https:\/\/images.adsttc.com\/media\/images\/619e\/4e83\/f91c\/8165\/ad00\/006d\/newsletter\/Various_Associates._%C2%A9_Feng_Shao.jpg?1637764708\" itemprop=\"image\" longdesc=\"https:\/\/www.archdaily.mx\/mx\/972686\/archdaily-elige-las-mejores-nuevas-practicas-de-arquitectura-del-2021\/619e4e83f91c8165ad00006d-archdaily-selects-the-best-new-practices-of-2021-photo\" bad-src=\"data:image\/gif;base64,R0lGODlhAQABAIAAAAUEBAAAACwAAAAAAQABAAACAkQBADs=\"\/><\/a><figcaption class=\"figcaption afd-desktop-e\" id=\"619e4e83f91c8165ad00006d\">\u00a9 Feng Shao<\/figcaption><i class=\"figcaption-cc-icon afd-desktop-e\"\/><\/figure>\n<p><strong>Cofundadores:\u00a0<\/strong>Dongzi Yang, Qianyi Lin<\/p>\n<p>Fundado en 2017 como un equipo de dise\u00f1adores de origen internacional con experiencia profesional en arquitectura, dise\u00f1o de interiores, dise\u00f1o de materiales, dise\u00f1o gr\u00e1fico y de interacci\u00f3n, <a rel=\"nofollow noopener\" target=\"_blank\" href=\"https:\/\/www.archdaily.mx\/mx\/tag\/various-associates\">Various Associates<\/a> est\u00e1 desarrollando ambiciosos proyectos de alta gama que incluyen hoteles boutique, restaurantes, espacios comerciales, espacios de trabajo y galer\u00edas. Se centran en mejorar los espacios y desarrollar detalles materiales utilizando enfoques personalizados para dar expresiones visuales \u00fanicas a cada proyecto. <a rel=\"nofollow noopener\" target=\"_blank\" href=\"https:\/\/www.archdaily.mx\/mx\/tag\/various-associates\">Various Associates<\/a> tambi\u00e9n brinda a los artistas y dise\u00f1adores una plataforma para colaborar y reimaginar nuevas formas de ser creativos y romper las barreras entre las artes.<\/p>\n<p>El jurado de las Nuevas Pr\u00e1cticas de ArchDaily 2021 estuvo compuesto por:<\/p>\n<ul>&#13;<\/p>\n<li><strong>Hana Abdel<\/strong>,\u00a0Curadora de Proyectos<\/li>\n<p>&#13;<\/p>\n<li><strong>M\u00f3nica Arellano,<\/strong>\u00a0Editora\u00a0ArchDaily\u00a0en Espa\u00f1ol<\/li>\n<p>&#13;<\/p>\n<li><strong>Romullo Baratto<\/strong>, Editor Gerente\u00a0ArchDaily Brasil\u00a0<\/li>\n<p>&#13;<\/p>\n<li><strong>David Basulto<\/strong>, Director Gerente &amp;\u00a0Fundador de ArchDaily<\/li>\n<p>&#13;<\/p>\n<li><strong>Agustina Coulleri,\u00a0<\/strong>Curadora de Proyectos<\/li>\n<p>&#13;<\/p>\n<li><strong>Fabi\u00e1n Dejtiar,<\/strong>\u00a0Editor\u00a0Gerente ArchDaily\u00a0en Espa\u00f1ol<\/li>\n<p>&#13;<\/p>\n<li><strong>Christele Harrouk,<\/strong>\u00a0Editor\u00a0Gerente ArchDaily.com<\/li>\n<p>&#13;<\/p>\n<li><strong>Diego Hern\u00e1ndez<\/strong>, Director Creativo ArchDaily\u00a0<\/li>\n<p>&#13;<\/p>\n<li><strong>Eduardo Leite Souza<\/strong>, Editor Senior Equipo Materiales<\/li>\n<p>&#13;<\/p>\n<li><strong>Susanna Moreira<\/strong>,\u00a0Curadora de Proyectos<\/li>\n<p>&#13;<\/p>\n<li><strong>Clara Ott,\u00a0<\/strong>Gerente de Equipo de Proyectos<\/li>\n<p>&#13;<\/p>\n<li><strong>Paula Pintos<\/strong>,\u00a0Curadora de Proyectos<\/li>\n<p>&#13;<\/p>\n<li><strong>Danae Santiba\u00f1ez,\u00a0<\/strong>Gesti\u00f3n de Comunidades y Redes Sociales<\/li>\n<p>&#13;<\/p>\n<li><strong>Han Shuangyu, <\/strong>Editora Gerente<strong>\u00a0<\/strong>ArchDaily China\u00a0<\/li>\n<p>&#13;<\/p>\n<li><strong>Dima Stouhi,<\/strong>\u00a0Editora en Comunidades y\u00a0Redes\u00a0Sociales<\/li>\n<p>&#13;<\/p>\n<li><strong>Nicol\u00e1s Valencia,\u00a0<\/strong>Gerente Editorial y de Datos de ArchDaily Community<\/li>\n<p>&#13;\n<\/ul>\n<p><em><strong>Este art\u00edculo es parte del Tema del mes en ArchDaily: <a rel=\"nofollow noopener\" target=\"_blank\" href=\"https:\/\/www.plataformaarquitectura.cl\/cl\/tag\/archdaily-topic-2021-nuevas-practicas?ad_source=monthly_article&amp;ad_medium=bottom_link\">Nuevas Pr\u00e1cticas<\/a>, presentado por <em><strong><a rel=\"nofollow noopener\" target=\"_blank\" href=\"https:\/\/www.peri3dconstruction.com\/?gclid=CjwKCAjwh5qLBhALEiwAioods_DiClUkLH9coeCrzYQPsOPpIW6g9R3zE9e3puAFLB4t0ush4OGC2BoCVpEQAvD_BwE&amp;utm_medium=website&amp;utm_source=archdaily.mx\">PERI<\/a>.<\/strong><\/em><\/strong> El departamento de Tecnolog\u00edas y Productos Futuros de PERI investiga tecnolog\u00edas disruptivas que tienen el potencial de cambiar fundamentalmente la industria de la construcci\u00f3n. El objetivo es reconocer los signos del futuro y ayudar a dar forma a este futuro. A trav\u00e9s de un enfoque met\u00f3dico, PERI expande sus competencias centrales y act\u00faa como un claro pionero en el mercado.<\/em><\/p>\n<p>Cada mes, ArchDaily explora un tema en profundidad a trav\u00e9s de art\u00edculos, entrevistas, noticias y obras. Conoce m\u00e1s sobre <a rel=\"nofollow noopener\" target=\"_blank\" href=\"https:\/\/www.plataformaarquitectura.cl\/cl\/monthly-topics?ad_source=monthly_article&amp;ad_medium=bottom_link\">nuestros temas<\/a>. Y como siempre, en ArchDaily valoramos las contribuciones de nuestros lectores. Si quieres postular un art\u00edculo o una obra, <a rel=\"nofollow noopener\" target=\"_blank\" href=\"https:\/\/www.plataformaarquitectura.cl\/cl\/contact?ad_source=monthly_article&amp;ad_medium=bottom_link\">cont\u00e1ctanos<\/a>.<\/p>\n<\/div>\n<p><script async src=\"\/\/platform.twitter.com\/widgets.js\" charset=\"utf-8\"><\/script><script>\n  !function(f,b,e,v,n,t,s)\n  {if(f.fbq)return;n=f.fbq=function(){n.callMethod?\n  n.callMethod.apply(n,arguments):n.queue.push(arguments)};\n  if(!f._fbq)f._fbq=n;n.push=n;n.loaded=!0;n.version='2.0';\n  n.queue=[];t=b.createElement(e);t.async=!0;\n  t.src=v;s=b.getElementsByTagName(e)[0];\n  s.parentNode.insertBefore(t,s)}(window, document,'script',\n  'https:\/\/connect.facebook.net\/en_US\/fbevents.js');\n  fbq('init', '350870482443432');\n  fbq('track', 'PageView');\n<\/script><br \/>\n<br \/><\/p>\n<p><em> &#8221; Fuentes www.archdaily.mx &#8221; <\/em><\/p>\n","protected":false},"excerpt":{"rendered":"<p>Compartir Compartir Fb Twitter Pinterest Whatsapp Mail O https:\/\/www.archdaily.mx\/mx\/972686\/archdaily-elige-las-mejores-nuevas-practicas-de-arquitectura-del-2021 Portapapeles &#8220;COPY&#8221; Copiar A medida que nuestro mundo evoluciona a un ritmo sin precedentes, los desaf\u00edos que conlleva se vuelven cada vez m\u00e1s complejos. Las preguntas a las que se enfrentan las ciudades y redes de nuestro mundo international, los entornos f\u00edsicos y virtuales donde se [&hellip;]<\/p>\n","protected":false},"author":4,"featured_media":235775,"comment_status":"open","ping_status":"closed","sticky":false,"template":"","format":"standard","meta":{"om_disable_all_campaigns":false,"jnews-multi-image_gallery":[],"jnews_single_post":[],"jnews_primary_category":[],"jnews_social_meta":[],"footnotes":""},"categories":[39],"tags":[36679,36680,1482,36678,768,7751,36681,36674,1824,36682,2405,2606,956,2143,36675,36683,1363,5173,6639,36673,36676,36677,769,36671,2407,1511,1810,36684,36669,36685,12286,6996,36670,3689,36686,36672],"class_list":["post-235774","post","type-post","status-publish","format-standard","has-post-thumbnail","hentry","category-viajes","tag-a-for-architecture","tag-albor-arquitectos","tag-alemania","tag-archdaily-topic-2021-nuevas-practicas","tag-argentina","tag-arquitectura","tag-baupal","tag-ben-avid","tag-brasil","tag-canoa-supply","tag-china","tag-corea-del-sur","tag-cuba","tag-ecuador","tag-equipo-de-arquitectura","tag-esecolectivo-arquitectos","tag-estados-unidos","tag-icon","tag-india","tag-lllab","tag-matri-archi","tag-messina-rivas","tag-mexico","tag-palma-estudio","tag-paraguay","tag-portugal","tag-reino-unido","tag-sher-maker","tag-stpmj","tag-studio-nyali","tag-sudafrica","tag-suiza","tag-summary","tag-tailandia","tag-urban-radicals","tag-various-associates"],"_links":{"self":[{"href":"https:\/\/dimensionturistica.com\/es\/wp-json\/wp\/v2\/posts\/235774","targetHints":{"allow":["GET"]}}],"collection":[{"href":"https:\/\/dimensionturistica.com\/es\/wp-json\/wp\/v2\/posts"}],"about":[{"href":"https:\/\/dimensionturistica.com\/es\/wp-json\/wp\/v2\/types\/post"}],"author":[{"embeddable":true,"href":"https:\/\/dimensionturistica.com\/es\/wp-json\/wp\/v2\/users\/4"}],"replies":[{"embeddable":true,"href":"https:\/\/dimensionturistica.com\/es\/wp-json\/wp\/v2\/comments?post=235774"}],"version-history":[{"count":0,"href":"https:\/\/dimensionturistica.com\/es\/wp-json\/wp\/v2\/posts\/235774\/revisions"}],"wp:featuredmedia":[{"embeddable":true,"href":"https:\/\/dimensionturistica.com\/es\/wp-json\/wp\/v2\/media\/235775"}],"wp:attachment":[{"href":"https:\/\/dimensionturistica.com\/es\/wp-json\/wp\/v2\/media?parent=235774"}],"wp:term":[{"taxonomy":"category","embeddable":true,"href":"https:\/\/dimensionturistica.com\/es\/wp-json\/wp\/v2\/categories?post=235774"},{"taxonomy":"post_tag","embeddable":true,"href":"https:\/\/dimensionturistica.com\/es\/wp-json\/wp\/v2\/tags?post=235774"}],"curies":[{"name":"wp","href":"https:\/\/api.w.org\/{rel}","templated":true}]}}