{"id":235742,"date":"2021-11-30T11:35:30","date_gmt":"2021-11-30T11:35:30","guid":{"rendered":"https:\/\/dimensionturistica.com\/es\/?p=235742"},"modified":"2021-11-30T11:35:31","modified_gmt":"2021-11-30T11:35:31","slug":"las-jornadas-profesionales-proponen-alianzas-para-el-turismo-activo-en-canarias","status":"publish","type":"post","link":"https:\/\/dimensionturistica.com\/es\/las-jornadas-profesionales-proponen-alianzas-para-el-turismo-activo-en-canarias\/","title":{"rendered":"Las Jornadas Profesionales proponen alianzas para el Turismo Activo en Canarias"},"content":{"rendered":"<p> <br \/>\n<\/p>\n<div>\n<div class=\"wysiwyg-photo\"><img decoding=\"async\" src=\"https:\/\/static.hosteltur.com\/app\/public\/uploads\/img\/releases\/2021\/11\/30\/L_122735_foto-familia-vi-jornadas.jpg\" alt=\"Imagen nota de prensa Hosteltur\" width=\"2000\" height=\"1333\"\/><\/div>\n<p>Las VI Jornadas Profesionales de Turismo Activo y Ecoturismo de Canarias organizadas por Activa Canarias con el patrocinio de Turismo de Gran Canaria, demostr\u00f3 la pertinencia del fortalecimiento de alianzas y el acercamiento del Turismo Activo a otros \u00e1mbitos cercanos. Con todo, agentes de la administraci\u00f3n p\u00fablica, de la universidad, de las distintas reservas de la biosfera insulares, de las patronales tur\u00edsticas, de las agencias de viajes o de productos tur\u00edsticos de cooperaci\u00f3n, plantearon un debate de acercamiento al subsector del Turismo Activo. <\/p>\n<p>Por otro lado, en las jornadas se plantearon las nuevas v\u00edas de comercializaci\u00f3n del Turismo Activo, en este caso a trav\u00e9s de v\u00edas digitales. En ese sentido, cerca de 70 empresas tienen a su disposici\u00f3n una herramienta para dise\u00f1ar sus productos tur\u00edsticos. Con esta nueva herramienta, se consigue llegar al turista potencial a trav\u00e9s de las v\u00edas digitales, que se han demostrado esenciales sobre todo durante la pandemia, y cuyo papel se plantea imprescindible en la nueva coyuntura tur\u00edstica. <\/p>\n<p>Jos\u00e9 Luis Echevarr\u00eda, presidente de Activa Canarias, abri\u00f3 la inauguraci\u00f3n subrayando \u201cla importancia de tejer alianzas para avanzar en un sector ecotur\u00edstico que supone una alternativa tur\u00edstica de primer nivel y respetuosa con el medio ambiente. Tradicionalmente el Turismo Activo ha requerido de acuerdos para llevar a cabo su actividad en zonas alejadas de los centros tur\u00edsticos tradicionales y ahora se trata de fomentarlas y consolidarlas\u201d. <\/p>\n<p>El consejero de Turismo del Cabildo de Gran Canaria, Carlos \u00c1lamo, se\u00f1al\u00f3 que \u201ccabe destacar que el turismo rural, que est\u00e1 muy vinculado al Turismo Activo, y que al mismo tiempo est\u00e1 vinculado con la naturaleza, al senderismo y al conocimiento de nuestra geograf\u00eda interior, es uno de los productos que m\u00e1s inter\u00e9s genera en nuestros clientes\u201d.<\/p>\n<p>El concejal de Movilidad, Promoci\u00f3n Econ\u00f3mica y Ciudad de Mar del Ayuntamiento de Las Palmas de Gran Canaria, Jos\u00e9 Eduardo Ram\u00edrez, asegur\u00f3 que \u201ccada vez se est\u00e1n popularizando m\u00e1s los productos tur\u00edsticos sostenibles, no solo para extranjeros sino tambi\u00e9n para locales. En ese sentido, Las Palmas de Gran Canaria tiene condiciones id\u00f3neas para ser un destino tur\u00edstico de primer nivel&#8221;.<\/p>\n<p>El presidente del Cabildo de Gran Canaria, Antonio Morales, resalt\u00f3 que &#8220;el Turismo Activo es un turismo sostenible por el que Gran Canaria va a apostar. No hay oferta tur\u00edstica mejor para la ecoisla a la que aspiramos. Vamos a impulsar y a apostar por el Turismo Activo como turismo verde y compatible con las restricciones por la pandemia&#8221;. A\u00f1adi\u00f3 que &#8220;tenemos que aprovechar el impulso del congreso nacional de 2019 y potenciar juntos el Turismo Activo en la isla\u201d.<\/p>\n<p>La consejera de Turismo, Industria y Comercio del Gobierno de Canarias, Yaiza Castilla, destac\u00f3 la oportunidad de este encuentro de trabajo para poner en com\u00fan cu\u00e1les son las demandas, necesidades, retos y oportunidades de un segmento tan importante para las islas como el del Turismo Activo. &#8220;No en vano, durante los tres primeros trimestres del presente a\u00f1o 2021, hasta un 44% de los turistas que nos visitaron realizaron alguna actividad relacionada con esta modalidad&#8221;, seg\u00fan dijo.<\/p>\n<p>Castilla reconoci\u00f3 lo duro que ha sido para este segmento la disaster causada por la pandemia y record\u00f3 que para ayudarles en su camino hacia la reactivaci\u00f3n, desde la Consejer\u00eda de Turismo se arbitr\u00f3 por primera vez, una l\u00ednea de ayudas valoradas en 250.000 euros para dinamizar y aumentar el consumo de las actividades ligadas al Turismo Activo y que tendr\u00e1n de plazo para ejecutar hasta junio del a\u00f1o que viene. &#8220;Deseamos que contribuya al objetivo y esperamos sumar otras l\u00edneas de apoyo para el 2022&#8221;, adelant\u00f3.<\/p>\n<p>Las ponencias fueron ofrecidas por los gerentes de Turismo de Islas Canarias y de Turismo de Gran Canaria. Jos\u00e9 Juan Lorenzo, director-gerente de Turismo de Islas Canarias, abord\u00f3 la hoja de ruta de las islas con respecto al Turismo Activo y a la industria en normal. &#8220;El Turismo Activo es un turismo sostenible que nos permite ser referentes en materia de sostenibilidad en las islas&#8221;, afirm\u00f3. En ese aspecto, precis\u00f3 que la estrategia \u2018Canarias Destino\u2019 integra todos esos elementos, adem\u00e1s de su car\u00e1cter unificador de la industria tur\u00edstica. Pablo Llinares, director-gerente de Turismo de Gran Canaria, centr\u00f3 la lupa concretamente en la isla de Gran Canaria. Llinares record\u00f3 que &#8220;desde Turismo de Gran Canaria llevamos a\u00f1os apostando por el Turismo Activo y creemos que es un gran valor para la isla&#8221;. Asimismo, mencion\u00f3 la apuesta por la sostenibilidad y la digitalizaci\u00f3n para mejorar la expectativa del cliente que visite nuestro destino.<\/p>\n<p>El plato central fue el Foro Turismo Activo y Territorio, donde se habl\u00f3 de promoci\u00f3n tur\u00edstica, se visibilizaron las alianzas entre sectores y sirvi\u00f3 como jornada de conclusiones del Ciclo de Conferencias \u2018Turismo Activo y Territorio\u2019 que tuvo lugar entre mayo y junio de este a\u00f1o. <\/p>\n<p>En la conversaci\u00f3n colectiva participaron Miguel \u00c1ngel P\u00e9rez Hern\u00e1ndez, viceconsejero de Lucha contra el Cambio Clim\u00e1tico y Transici\u00f3n Ecol\u00f3gica del Gobierno de Canarias, Jos\u00e9 Luis Echevarr\u00eda, presidente de Activa Canarias, Luc\u00eda Fuentes, consejera de Turismo del Cabildo de El Hierro, Luz Goretti Gorr\u00edn, concejala de Turismo y Medio Ambiente de Santiago del Teide, Yurena P\u00e9rez, responsable de la Reserva de la Biosfera de El Hierro, Noelia Su\u00e1rez, Mission m\u00e1nager de la Reserva de la Biosfera de Fuerteventura, Anabel Rivero, directora del Departamento de Turismo de la C\u00e1mara de Comercio de Gran Canaria y T\u00e9cnico CIDE de Turismo para Gran Canaria (Crimson CIDE), Laura Bethencourt, presidenta de APIT (Asociaci\u00f3n Profesional de Gu\u00edas Oficiales de Turismo) de Tenerife, \u00c1lvaro Gonz\u00e1lez, gerente de la Ruta del Vino de Gran Canaria, Tom Smulders, vicepresidente de la Federaci\u00f3n de Empresarios de Hosteler\u00eda y Turismo (FEHT), Mat\u00edas Gonz\u00e1lez, profesor de Econom\u00eda Aplicada y directivo del TIDES de la ULPGC, Aquilino Migu\u00e9lez, Coordinador del Gabinete Cient\u00edfico de la Reserva de la Biosfera de Lanzarote e Ignacio Poladura de Armas, director normal de Viajes Insular. Todo ello en un evento conducido por el gerente de Activa Canarias, Tanaus\u00fa Zumaquero-Nuez.<\/p>\n<p>Carpeta para FOTOS y V\u00cdDEOS.<\/p>\n<\/p><\/div>\n\n<p><em> &#8221; Fuentes www.hosteltur.com &#8221; <\/em><\/p>\n","protected":false},"excerpt":{"rendered":"<p>Las VI Jornadas Profesionales de Turismo Activo y Ecoturismo de Canarias organizadas por Activa Canarias con el patrocinio de Turismo de Gran Canaria, demostr\u00f3 la pertinencia del fortalecimiento de alianzas y el acercamiento del Turismo Activo a otros \u00e1mbitos cercanos. Con todo, agentes de la administraci\u00f3n p\u00fablica, de la universidad, de las distintas reservas de [&hellip;]<\/p>\n","protected":false},"author":4,"featured_media":235743,"comment_status":"open","ping_status":"closed","sticky":false,"template":"","format":"standard","meta":{"om_disable_all_campaigns":false,"jnews-multi-image_gallery":[],"jnews_single_post":[],"jnews_primary_category":[],"jnews_social_meta":[],"footnotes":""},"categories":[40],"tags":[715],"class_list":["post-235742","post","type-post","status-publish","format-standard","has-post-thumbnail","hentry","category-industria","tag-economia"],"_links":{"self":[{"href":"https:\/\/dimensionturistica.com\/es\/wp-json\/wp\/v2\/posts\/235742","targetHints":{"allow":["GET"]}}],"collection":[{"href":"https:\/\/dimensionturistica.com\/es\/wp-json\/wp\/v2\/posts"}],"about":[{"href":"https:\/\/dimensionturistica.com\/es\/wp-json\/wp\/v2\/types\/post"}],"author":[{"embeddable":true,"href":"https:\/\/dimensionturistica.com\/es\/wp-json\/wp\/v2\/users\/4"}],"replies":[{"embeddable":true,"href":"https:\/\/dimensionturistica.com\/es\/wp-json\/wp\/v2\/comments?post=235742"}],"version-history":[{"count":0,"href":"https:\/\/dimensionturistica.com\/es\/wp-json\/wp\/v2\/posts\/235742\/revisions"}],"wp:featuredmedia":[{"embeddable":true,"href":"https:\/\/dimensionturistica.com\/es\/wp-json\/wp\/v2\/media\/235743"}],"wp:attachment":[{"href":"https:\/\/dimensionturistica.com\/es\/wp-json\/wp\/v2\/media?parent=235742"}],"wp:term":[{"taxonomy":"category","embeddable":true,"href":"https:\/\/dimensionturistica.com\/es\/wp-json\/wp\/v2\/categories?post=235742"},{"taxonomy":"post_tag","embeddable":true,"href":"https:\/\/dimensionturistica.com\/es\/wp-json\/wp\/v2\/tags?post=235742"}],"curies":[{"name":"wp","href":"https:\/\/api.w.org\/{rel}","templated":true}]}}