{"id":235698,"date":"2021-11-30T09:13:48","date_gmt":"2021-11-30T09:13:48","guid":{"rendered":"https:\/\/dimensionturistica.com\/es\/?p=235698"},"modified":"2021-11-30T09:13:48","modified_gmt":"2021-11-30T09:13:48","slug":"omicron-afectara-al-turismo-mundial","status":"publish","type":"post","link":"https:\/\/dimensionturistica.com\/es\/omicron-afectara-al-turismo-mundial\/","title":{"rendered":"\u00d3micron afectar\u00e1 al turismo mundial"},"content":{"rendered":"<p> <br \/>\n<\/p>\n<div id=\"nota_firmas_fecha\">\n<p>Manuel Quezada Barr\u00f3n \/ El Diario<\/p>\n<p>                    <small>martes, 30 noviembre 2021 | 05:00 <\/small>\n                <\/div>\n<div id=\"cuerpo_nota\">\n<p>Chihuahua.- El reinicio del cierre de la frontera de diversos pa\u00edses como una medida de prevenci\u00f3n de contagios con la nueva variante del Covid-19 denominada Omicron, lamentablemente volver\u00e1 a afectar al turismo mundial, se\u00f1al\u00f3 ayer por la presidente de la Asociaci\u00f3n Mexicana de Agencias de Viaje Filial Chihuahua (AMAV), Tere Lucy Dom\u00ednguez.<\/p>\n<p>No obstante, consider\u00f3 que M\u00e9xico tambi\u00e9n deber\u00eda limitar la llegada de viajeros provenientes de las naciones africanas de donde se presume se gener\u00f3 y empez\u00f3 a diseminar la nueva variante de esta pandemia.<\/p>\n<p>Sin embargo, dijo que en realidad M\u00e9xico no ha adoptado ese tipo de medidas durante todo el tiempo que tiene este problema mundial de salud, a\u00fan y cuando otras naciones s\u00ed lo hicieron al menos temporalmente.<\/p>\n<p>Tere Lucy Dom\u00ednguez plante\u00f3 que la adopci\u00f3n de esta medida a\u00fan es incierta, aunque est\u00e1 claro que se puede esperar el que, si los casos de enfermos suben, se puede esperar que algunos pa\u00edses opten por no recibir m\u00e1s viajeros de pa\u00edses donde se presume se gener\u00f3 la nueva variante Omicron.<\/p>\n<p>Plante\u00f3 que cada pa\u00eds tomar\u00e1 medidas ligeras o fuertes, dependiendo de c\u00f3mo vaya afectando la variante.<\/p>\n<p>Como se sabe,&#13;<br \/>\nJap\u00f3n, Israel y Marruecos prohibieron los viajes del extranjero, y Australia retras\u00f3 la reapertura de sus fronteras durante dos semanas, ya que m\u00e1s pa\u00edses se sellaron en respuesta a la nueva variante del coronavirus.<\/p>\n<p>La presente de AMAV Filial Chihuahua apunt\u00f3 que algunos pa\u00edses han sellado sus fronteras solo por algunos d\u00edas, otros de forma parcial y la mayor\u00eda piden para ingresar el carnet completo de vacunas, la prueba Covid-19 de no m\u00e1s de tres d\u00edas y algunos otros hasta un tercer refuerzo.<\/p>\n<p>Apunt\u00f3 que la pauta la dar\u00e1 la rapidez con la que se vaya presentando los nuevos contagios, por lo que si los \u00edndices suben se puede empezar a cerrar m\u00e1s fronteras de diversos pa\u00edses.<\/p>\n<p>Por lo que hace al principal socio comercial de M\u00e9xico que es Estados Unidos, no ha manifestado algo al respecto, solo se sabe que ha limitado vuelos provenientes de \u00c1frica.<\/p>\n<p>Inform\u00f3 que, en el caso de Chihuahua, la pandemia ha incentivado que el turismo se interese m\u00e1s viajar al inside de la entidad y del pa\u00eds, que salir al extranjero.<\/p>\n<p>No obstante, hay otras localidades como Canc\u00fan, s\u00ed tiene un mayor porcentaje de turismo extranjero.<\/p>\n<p>Apunt\u00f3 que ir en M\u00e9xico a un cierre whole de actividades, como se hizo en un sem\u00e1foro en rojo a causa de la pandemia, no se ve viable, ya que algo as\u00ed afectar\u00eda seriamente a la econom\u00eda nacional, m\u00e1s que en el primero, dado que la situaci\u00f3n econ\u00f3mica no est\u00e1 bien.<\/p>\n<p>De hecho, en otros pa\u00edses hay manifestaciones sociales por decisiones tomadas por los gobiernos con la thought de atenuar los riesgos de m\u00e1s enfermos por el Covid-19.<\/p>\n<p>No obstante, recalc\u00f3, que s\u00ed es necesario tomar algunas medidas para proteger la vida de la poblaci\u00f3n.<\/p>\n<p>De acuerdo con informaci\u00f3n del Centro de Investigaci\u00f3n y Competitividad Tur\u00edstica An\u00e1huac, durante el periodo de enero a agosto de 2021, el flujo de pasajeros a\u00e9reos en operaciones regulareis internacionales sumaron 21.7 millones.<\/p>\n<p>El 16.2 por ciento (3, 506, 062 millones) los habr\u00eda transportado American Airways; 13.7% (2,970,951 millones) United Airways; 11.2% (2,430,198 millones) Grupo Aerom\u00e9xico; 11.1% (2,406,019) Volaris; 10.4% (2,264,500 millones) Delta y el resto de aerol\u00edneas 8,107,284 millones de pasajeros internacionales.<\/p>\n<p>El pa\u00eds de origen de los visitantes internacionales, son mayoritariamente de Estados Unidos, quienes, de enero a julio del 2021, sumaron cinco millones 753 mil 069, seguidos de Colombia con 150 mil 675; Brasil 142 mil 915, Ecuador 81 mil 023; Espa\u00f1a 69 mil 752, Venezuela 64 mil 257; Canad\u00e1 57 mil 129 y Francia con 49 mil 090, entre otros pa\u00edses.<\/p>\n<p>mquezada@diarioch.com.mx<\/p>\n<\/p><\/div>\n\n<p><em> &#8221; Fuentes www.eldiariodechihuahua.mx &#8221; <\/em><\/p>\n","protected":false},"excerpt":{"rendered":"<p>Manuel Quezada Barr\u00f3n \/ El Diario martes, 30 noviembre 2021 | 05:00 Chihuahua.- El reinicio del cierre de la frontera de diversos pa\u00edses como una medida de prevenci\u00f3n de contagios con la nueva variante del Covid-19 denominada Omicron, lamentablemente volver\u00e1 a afectar al turismo mundial, se\u00f1al\u00f3 ayer por la presidente de la Asociaci\u00f3n Mexicana de [&hellip;]<\/p>\n","protected":false},"author":4,"featured_media":235699,"comment_status":"open","ping_status":"closed","sticky":false,"template":"","format":"standard","meta":{"om_disable_all_campaigns":false,"jnews-multi-image_gallery":[],"jnews_single_post":[],"jnews_primary_category":[],"jnews_social_meta":[],"footnotes":""},"categories":[40],"tags":[715],"class_list":["post-235698","post","type-post","status-publish","format-standard","has-post-thumbnail","hentry","category-industria","tag-economia"],"_links":{"self":[{"href":"https:\/\/dimensionturistica.com\/es\/wp-json\/wp\/v2\/posts\/235698","targetHints":{"allow":["GET"]}}],"collection":[{"href":"https:\/\/dimensionturistica.com\/es\/wp-json\/wp\/v2\/posts"}],"about":[{"href":"https:\/\/dimensionturistica.com\/es\/wp-json\/wp\/v2\/types\/post"}],"author":[{"embeddable":true,"href":"https:\/\/dimensionturistica.com\/es\/wp-json\/wp\/v2\/users\/4"}],"replies":[{"embeddable":true,"href":"https:\/\/dimensionturistica.com\/es\/wp-json\/wp\/v2\/comments?post=235698"}],"version-history":[{"count":0,"href":"https:\/\/dimensionturistica.com\/es\/wp-json\/wp\/v2\/posts\/235698\/revisions"}],"wp:featuredmedia":[{"embeddable":true,"href":"https:\/\/dimensionturistica.com\/es\/wp-json\/wp\/v2\/media\/235699"}],"wp:attachment":[{"href":"https:\/\/dimensionturistica.com\/es\/wp-json\/wp\/v2\/media?parent=235698"}],"wp:term":[{"taxonomy":"category","embeddable":true,"href":"https:\/\/dimensionturistica.com\/es\/wp-json\/wp\/v2\/categories?post=235698"},{"taxonomy":"post_tag","embeddable":true,"href":"https:\/\/dimensionturistica.com\/es\/wp-json\/wp\/v2\/tags?post=235698"}],"curies":[{"name":"wp","href":"https:\/\/api.w.org\/{rel}","templated":true}]}}