{"id":234983,"date":"2021-11-29T13:20:54","date_gmt":"2021-11-29T13:20:54","guid":{"rendered":"https:\/\/dimensionturistica.com\/es\/?p=234983"},"modified":"2021-11-29T13:20:55","modified_gmt":"2021-11-29T13:20:55","slug":"oms-pide-apoyo-para-africa-y-critica-restricciones-de-viajes-por-omicron","status":"publish","type":"post","link":"https:\/\/dimensionturistica.com\/es\/oms-pide-apoyo-para-africa-y-critica-restricciones-de-viajes-por-omicron\/","title":{"rendered":"OMS pide apoyo para \u00c1frica y critica restricciones de viajes por \u00d3micron"},"content":{"rendered":"<p> <br \/>\n<\/p>\n<div id=\"\">\n<p class=\"default__StyledText-sc-1x318ic-0 gCUWbD\">La Organizaci\u00f3n Mundial de la Salud (<b>OMS<\/b>) expres\u00f3 su apoyo a los pa\u00edses de <b>\u00c1frica<\/b> que se han visto afectados por las restricciones a viajes que varios pa\u00edses instauraron por l<a rel=\"nofollow noopener\" target=\"_blank\" href=\"https:\/\/www.sdpnoticias.com\/internacional\/oms-variante-omicron-representa-un-alto-riesgo-mundial\/\"><b>a variante de \u00d3micron<\/b><\/a>.<\/p>\n<p class=\"default__StyledText-sc-1x318ic-0 gCUWbD\">Adem\u00e1s, critic\u00f3 que se enfocaran dichas restricciones en los pa\u00edses del sur de \u00c1frica y asegur\u00f3 que eso \u201cataca a la solidaridad global\u201d.<\/p>\n<blockquote cite=\" OMS\" class=\"blockquote__Blockquote-sc-15ksu3g-0 roaIJ\">\n<p>\u201cLa OMS est\u00e1 con los pa\u00edses africanos que han tenido el coraje de compartir con valent\u00eda informaci\u00f3n de salud p\u00fablica que salva vidas, ayudando a proteger al mundo contra la expansi\u00f3n de la covid-19\u2033<\/p>\n<p><span class=\"citation-text\"> OMS<\/span><\/p><\/blockquote>\n<h2 class=\"heading__StyledHeading-sc-14htiis-0 eYsLdQ\"><b>Restricciones son innecesariamente invasivas: OMS<\/b><\/h2>\n<p class=\"default__StyledText-sc-1x318ic-0 gCUWbD\">El pasado 24 de noviembre cient\u00edficos de <a rel=\"nofollow noopener\" target=\"_blank\" href=\"https:\/\/www.sdpnoticias.com\/internacional\/sudafrica-ve-como-panico-innecesario-por-la-variante-de-omicron-del-covid-19\/\">Sud\u00e1frica <\/a>informaron la detecci\u00f3n de la variante B.1.1.529 y desde entonces<u> varios pa\u00edses han restringido la entrada <\/u>de viajeros provenientes de varios pa\u00edses africanos.<\/p>\n<p class=\"default__StyledText-sc-1x318ic-0 gCUWbD\">Ante esto, la <b>OMS<\/b> calific\u00f3 las restricciones como innecesariamente invasivas y asegur\u00f3 que ese tipo de decisiones deben estar basadas en la ciencia y de acuerdo con las Regulaciones internacionales de Salud de 2005.<\/p>\n<p class=\"default__StyledText-sc-1x318ic-0 gCUWbD\">La organizaci\u00f3n record\u00f3 que existen casos de<a rel=\"nofollow noopener\" target=\"_blank\" href=\"https:\/\/www.sdpnoticias.com\/internacional\/variante-omicron-registran-primeros-casos-en-america-dos-contagiados-en-canada\/\"> <b>\u00d3micron <\/b><\/a>en varios pa\u00edses, por lo que no se deber\u00edan tomar medidas enfocadas en pa\u00edses de \u00c1frica.<\/p>\n<blockquote cite=\"OMS\" class=\"blockquote__Blockquote-sc-15ksu3g-0 roaIJ\">\n<p>\u201cCon la variante \u00f3micron ya detectada en varias regiones del mundo, poner restricciones de viaje enfocadas en \u00c1frica ataca la solidaridad global. Covid-19 explota constantemente nuestras dimisiones\u201d<\/p>\n<p><span class=\"citation-text\">OMS<\/span><\/p><\/blockquote>\n<h2 class=\"heading__StyledHeading-sc-14htiis-0 eYsLdQ\"><b>Sud\u00e1frica conf\u00eda en que vacunas sean la respuesta contra \u00d3micron<\/b><\/h2>\n<p class=\"default__StyledText-sc-1x318ic-0 gCUWbD\">Cient\u00edficos de Sud\u00e1frica conf\u00edan en que la capacidad de<u> las vacunas sean la respuesta <\/u>en el combate a la variante <b>\u00d3micron<\/b>,<\/p>\n<p class=\"default__StyledText-sc-1x318ic-0 gCUWbD\">El cient\u00edfico Salim Abdool Karim dijo que, de acuerdo con la informaci\u00f3n sobre la reacci\u00f3n de la inmunidad de las vacunas, \u00e9stas podr\u00edan ser una <u>herramienta que disminuya la hospitalizaci\u00f3n o enfermedad grave.<\/u><\/p>\n<blockquote cite=\"Salim Abdool Karim\" class=\"blockquote__Blockquote-sc-15ksu3g-0 roaIJ\">\n<p>\u201cBas\u00e1ndonos en lo que sabemos, y en c\u00f3mo otras variantes de preocupaci\u00f3n han reaccionado a la inmunidad vacunal, podemos esperar que a\u00fan veamos una alta efectividad frente a la hospitalizaci\u00f3n y la enfermedad grave\u201d <\/p>\n<p><span class=\"citation-text\">Salim Abdool Karim<\/span><\/p><\/blockquote>\n<p class=\"default__StyledText-sc-1x318ic-0 gCUWbD\">Adem\u00e1s, dijo que es possible que la protecci\u00f3n de las vacunas se mantenga fuerte ante esta nueva variante.<\/p>\n<p class=\"default__StyledText-sc-1x318ic-0 gCUWbD\">Asimismo, adelant\u00f3 que \u00c1frica del sur p<u>odr\u00e1 ofrecer m\u00e1s datos en dos o tres semanas<\/u> sobre<a rel=\"nofollow noopener\" target=\"_blank\" href=\"https:\/\/www.sdpnoticias.com\/internacional\/oms-variante-omicron-de-covid-19-no-causa-enfermedad-mas-grave\/\"> \u00d3micron<\/a> y asever\u00f3 que las actuales predicciones se basan en la experiencia con otras mutaciones.<\/p>\n<h2 class=\"heading__StyledHeading-sc-14htiis-0 eYsLdQ\"><b>Turqu\u00eda se suma a pa\u00edses que suspenden vuelos por \u00d3micron<\/b><\/h2>\n<p class=\"default__StyledText-sc-1x318ic-0 gCUWbD\">Este 29 de noviembre, Turqu\u00eda se sum\u00f3 a los pa\u00edses que suspendieron vuelos e instauraron restricciones a vuelos provenientes de \u00c1frica por<a rel=\"nofollow noopener\" target=\"_blank\" href=\"https:\/\/www.sdpnoticias.com\/internacional\/sudafrica-acusa-de-castigo-mundial-tras-restricciones-por-nueva-variante-omicron\/\"><b> \u00d3micron<\/b><\/a>.<\/p>\n<p class=\"default__StyledText-sc-1x318ic-0 gCUWbD\">Las aerol\u00edneas Turkish Airways y Pegasus, anunciaron la suspensi\u00f3n de vuelos a Marruecos durante dos semanas.<\/p>\n<p class=\"default__StyledText-sc-1x318ic-0 gCUWbD\">Del 30 de noviembre al 14 de diciembre no habr\u00e1 vuelos provenientes de Marruecos como parte de las medidas tomadas por el gobierno para prevenir el contagio de Covid-19.<\/p>\n<p class=\"default__StyledText-sc-1x318ic-0 gCUWbD\">Adem\u00e1s, como medida para evitar la importaci\u00f3n de esta variante, Turqu\u00eda suspendi\u00f3 vuelos provenientes de<\/p>\n<ul class=\"list__StyledUnorderedList-sc-1r0k0z3-2 buyWux\">\n<li class=\"list__StyledListItem-sc-1r0k0z3-0 hpDWbX\">Mozambique<\/li>\n<li class=\"list__StyledListItem-sc-1r0k0z3-0 hpDWbX\">Namibia<\/li>\n<li class=\"list__StyledListItem-sc-1r0k0z3-0 hpDWbX\">Zimbabue<\/li>\n<\/ul>\n<\/div>\n\n<p><em> &#8221; Fuentes www.sdpnoticias.com &#8221; <\/em><\/p>\n","protected":false},"excerpt":{"rendered":"<p>La Organizaci\u00f3n Mundial de la Salud (OMS) expres\u00f3 su apoyo a los pa\u00edses de \u00c1frica que se han visto afectados por las restricciones a viajes que varios pa\u00edses instauraron por la variante de \u00d3micron. Adem\u00e1s, critic\u00f3 que se enfocaran dichas restricciones en los pa\u00edses del sur de \u00c1frica y asegur\u00f3 que eso \u201cataca a la [&hellip;]<\/p>\n","protected":false},"author":4,"featured_media":234984,"comment_status":"open","ping_status":"closed","sticky":false,"template":"","format":"standard","meta":{"om_disable_all_campaigns":false,"jnews-multi-image_gallery":[],"jnews_single_post":[],"jnews_primary_category":[],"jnews_social_meta":[],"footnotes":""},"categories":[39],"tags":[55],"class_list":["post-234983","post","type-post","status-publish","format-standard","has-post-thumbnail","hentry","category-viajes","tag-coronavirus"],"_links":{"self":[{"href":"https:\/\/dimensionturistica.com\/es\/wp-json\/wp\/v2\/posts\/234983","targetHints":{"allow":["GET"]}}],"collection":[{"href":"https:\/\/dimensionturistica.com\/es\/wp-json\/wp\/v2\/posts"}],"about":[{"href":"https:\/\/dimensionturistica.com\/es\/wp-json\/wp\/v2\/types\/post"}],"author":[{"embeddable":true,"href":"https:\/\/dimensionturistica.com\/es\/wp-json\/wp\/v2\/users\/4"}],"replies":[{"embeddable":true,"href":"https:\/\/dimensionturistica.com\/es\/wp-json\/wp\/v2\/comments?post=234983"}],"version-history":[{"count":0,"href":"https:\/\/dimensionturistica.com\/es\/wp-json\/wp\/v2\/posts\/234983\/revisions"}],"wp:featuredmedia":[{"embeddable":true,"href":"https:\/\/dimensionturistica.com\/es\/wp-json\/wp\/v2\/media\/234984"}],"wp:attachment":[{"href":"https:\/\/dimensionturistica.com\/es\/wp-json\/wp\/v2\/media?parent=234983"}],"wp:term":[{"taxonomy":"category","embeddable":true,"href":"https:\/\/dimensionturistica.com\/es\/wp-json\/wp\/v2\/categories?post=234983"},{"taxonomy":"post_tag","embeddable":true,"href":"https:\/\/dimensionturistica.com\/es\/wp-json\/wp\/v2\/tags?post=234983"}],"curies":[{"name":"wp","href":"https:\/\/api.w.org\/{rel}","templated":true}]}}