{"id":234940,"date":"2021-11-29T11:48:41","date_gmt":"2021-11-29T11:48:41","guid":{"rendered":"https:\/\/dimensionturistica.com\/es\/?p=234940"},"modified":"2021-11-29T11:48:41","modified_gmt":"2021-11-29T11:48:41","slug":"las-reservas-de-viajes-aumentan-pese-al-omicron-pero-lejos-de-los-niveles-de-2019","status":"publish","type":"post","link":"https:\/\/dimensionturistica.com\/es\/las-reservas-de-viajes-aumentan-pese-al-omicron-pero-lejos-de-los-niveles-de-2019\/","title":{"rendered":"Las reservas de viajes aumentan pese al \u00f3micron pero lejos de los niveles de 2019"},"content":{"rendered":"<p> <br \/>\n<\/p>\n<div>\n<p>Las <strong>agencias de viajes<\/strong> ven la recta last del a\u00f1o con moderado optimismo pero reconocen que la actividad est\u00e1 lejos de los niveles prepandemia. La Asociaci\u00f3n Corporativa de Agencias de Viajes Especializadas (Acave), principal patronal del sector, inform\u00f3 este lunes de que la media de las reservas de las campa\u00f1as del puente de la Constituci\u00f3n, Navidad y Fin de A\u00f1o se sit\u00faa en torno a un 10% m\u00e1s que en el mismo periodo del a\u00f1o pasado. Un 57% de las agencias de la asociaci\u00f3n aseguran que est\u00e1n registrando incrementos de actividad superiores a ese umbral. El presidente de Acave, Mart\u00ed Sarrate, asegur\u00f3 que pese a que se percibe la recuperaci\u00f3n &#8220;todav\u00eda la facturaci\u00f3n de las empresas estar\u00e1 un 50% por debajo de la del 2019 y frente a antes de la pandemia han cerrado el 25% de las agencias de viaje. Si las cosas no mejoran, podr\u00edan cerrar un 15% m\u00e1s&#8221;. El cierre de unas 2.500 oficinas de gesti\u00f3n tur\u00edstica durante los dos \u00faltimos a\u00f1os, algo menor a lo que se tem\u00eda, no esconde el incremento de demanda de viajes en la recta last del a\u00f1o, especialmente en destinos de proximidad. En viajes al extranjero, las agencias han percibido una fuerte demanda de viajes a Nueva York. Los precios de vuelos y hoteles a este destino en concreto se han multiplicado desde la apertura de la frontera estadounidense a viajeros europeos. &#8220;La recuperaci\u00f3n est\u00e1 lejos de los \u00edndices de crecimiento \u00f3ptimos, por lo que no se alcanzar\u00e1n niveles prepandemia hasta el 2023 o 2024&#8221;, opin\u00f3 Sarrate. <\/p>\n<p>Las agencias de viaje no han registrado anulaciones por el aumento de las restricciones de movilidad derivadas de la pandemia o la aparici\u00f3n de la variante del virus \u00f3micron, seg\u00fan datos de Acave. Tan solo algunas reservas con destino a Austria. Para esta patronal es importante que la pol\u00edtica sanitaria tome decisiones claras y se evite la situaci\u00f3n precise, en la que cada comunidad aut\u00f3noma est\u00e1 tomando decisiones diferentes para evitar el alza de contagios de covid. <\/p>\n<p>Sobre la evoluci\u00f3n de la demanda de viajes en los pr\u00f3ximos d\u00edas, Sarrate reconoce que el mejor indicador es el de el grado de ocupaci\u00f3n de los vuelos, con claros indicadores de incremento de precios. Otro issue que invita al optimismo es el efecto Black Friday, por el que han aparecido promociones que no se hab\u00edan visto en a\u00f1os anteriores. La programaci\u00f3n de vuelos de Iberia para el 2022 tiende a normalizarse e invita al optimismo, seg\u00fan Sarrate. El presidente de Acave ha criticado la propuesta del Govern de reducir el n\u00famero de personas en visitas tur\u00edsticas guiadas a 15 personas (ahora es de 30). Esa propuesta no ha contado con el asesoramiento de los profesionales del sector y es una muestra, seg\u00fan Sarrate, de que &#8220;se toman decisiones por parte de gente que no tiene ni idea&#8221; y que no prev\u00e9 las consecuencias econ\u00f3micas que puede tener una normativa semejante. <\/p>\n<p>\t<span class=\"smallTitle center\">Noticias relacionadas<\/span><\/p>\n<p>Sobre las deudas contra\u00eddas con las aerol\u00edneas por las anulaciones de vuelos durante la pandemia, que supusieron un agujero de 400 millones, Acave calcula que quedan en torno a 80 millones por cobrar. Y eso sin contar lo adeudado a particulares que seg\u00fan la patronal lo tendr\u00e1n muy dif\u00edcil para recuperar lo pagado en vuelos anulados. <\/p>\n<p>Los destinos nacionales suponen aproximadamente un 20% del complete de reservas para esta campa\u00f1a y Canarias ha sido el destino m\u00e1s demandado para estas fechas seguido de Andaluc\u00eda y de ciudades como Madrid o Barcelona. El fr\u00edo y las nevadas hacen prever que las estaciones de esqu\u00ed incrementar\u00e1n sus reservas en los pr\u00f3ximos d\u00edas y ser\u00e1n uno de los destinos estrellas de las pr\u00f3ximas fiestas. Las agencias receptivas tambi\u00e9n auguran un incremento de los viajeros extranjeros que visitar\u00e1n Espa\u00f1a para estas fechas, que proceder\u00e1n sobre todo de pa\u00edses como Francia, Benelux, Pa\u00edses N\u00f3rdicos y Portugal, que vendr\u00e1n atra\u00eddos por la relaci\u00f3n calidad\/precio y el alto \u00edndice de vacunaci\u00f3n.<\/p>\n<\/p><\/div>\n\n<p><em> &#8221; Fuentes www.elperiodico.com &#8221; <\/em><\/p>\n","protected":false},"excerpt":{"rendered":"<p>Las agencias de viajes ven la recta last del a\u00f1o con moderado optimismo pero reconocen que la actividad est\u00e1 lejos de los niveles prepandemia. La Asociaci\u00f3n Corporativa de Agencias de Viajes Especializadas (Acave), principal patronal del sector, inform\u00f3 este lunes de que la media de las reservas de las campa\u00f1as del puente de la Constituci\u00f3n, [&hellip;]<\/p>\n","protected":false},"author":4,"featured_media":234941,"comment_status":"open","ping_status":"closed","sticky":false,"template":"","format":"standard","meta":{"om_disable_all_campaigns":false,"jnews-multi-image_gallery":[],"jnews_single_post":[],"jnews_primary_category":[],"jnews_social_meta":[],"footnotes":""},"categories":[40],"tags":[544],"class_list":["post-234940","post","type-post","status-publish","format-standard","has-post-thumbnail","hentry","category-industria","tag-turismo"],"_links":{"self":[{"href":"https:\/\/dimensionturistica.com\/es\/wp-json\/wp\/v2\/posts\/234940","targetHints":{"allow":["GET"]}}],"collection":[{"href":"https:\/\/dimensionturistica.com\/es\/wp-json\/wp\/v2\/posts"}],"about":[{"href":"https:\/\/dimensionturistica.com\/es\/wp-json\/wp\/v2\/types\/post"}],"author":[{"embeddable":true,"href":"https:\/\/dimensionturistica.com\/es\/wp-json\/wp\/v2\/users\/4"}],"replies":[{"embeddable":true,"href":"https:\/\/dimensionturistica.com\/es\/wp-json\/wp\/v2\/comments?post=234940"}],"version-history":[{"count":0,"href":"https:\/\/dimensionturistica.com\/es\/wp-json\/wp\/v2\/posts\/234940\/revisions"}],"wp:featuredmedia":[{"embeddable":true,"href":"https:\/\/dimensionturistica.com\/es\/wp-json\/wp\/v2\/media\/234941"}],"wp:attachment":[{"href":"https:\/\/dimensionturistica.com\/es\/wp-json\/wp\/v2\/media?parent=234940"}],"wp:term":[{"taxonomy":"category","embeddable":true,"href":"https:\/\/dimensionturistica.com\/es\/wp-json\/wp\/v2\/categories?post=234940"},{"taxonomy":"post_tag","embeddable":true,"href":"https:\/\/dimensionturistica.com\/es\/wp-json\/wp\/v2\/tags?post=234940"}],"curies":[{"name":"wp","href":"https:\/\/api.w.org\/{rel}","templated":true}]}}