{"id":234792,"date":"2021-11-29T02:42:51","date_gmt":"2021-11-29T02:42:51","guid":{"rendered":"https:\/\/dimensionturistica.com\/es\/?p=234792"},"modified":"2021-11-29T02:42:52","modified_gmt":"2021-11-29T02:42:52","slug":"crucero-en-aislamiento-por-casos-de-covid","status":"publish","type":"post","link":"https:\/\/dimensionturistica.com\/es\/crucero-en-aislamiento-por-casos-de-covid\/","title":{"rendered":"Crucero en aislamiento por casos de COVID"},"content":{"rendered":"<p> <br \/>\n<\/p>\n<p>\nSe trata del Ultramarine. Nueve integrantes de la tripulaci\u00f3n dieron positivo. El buque ant\u00e1rtico estar\u00e1 hasta el 2 de diciembre en la terminal portuaria capitalina. <\/p>\n<div>\n<p>\nE <\/p>\n<p>l crucero ant\u00e1rtico Ultramarine deber\u00e1 permanecer en aislamiento whole en el puerto de Ushuaia hasta el jueves de esta semana. La medida sanitaria fue dispuesta por las autoridades sanitarias el pasado viernes, luego de que los resultados de los check de PCR realizados a los 173 tripulantes arrojaron la presencia de 9 casos positivos. <br \/>Mientras dure la medida de aislamiento est\u00e1 prohibido el ascenso o descenso de personas al buque, pero la tripulaci\u00f3n recibir\u00e1, de ser necesaria, asistencia sanitaria, y se le proveer\u00e1 de v\u00edveres y agua. <br \/>Vencido el plazo de la medida de aislamiento, a toda la tripulaci\u00f3n del crucero de la compa\u00f1\u00eda &#8220;Quark Expeditions&#8221; se le realizar\u00e1 una nueva prueba diagn\u00f3stica PCR y en funci\u00f3n de los resultados se resolver\u00e1 si es necesario prolongar o no el aislamiento del barco. <br \/>El Ultramarine arrib\u00f3 a Ushuaia el lunes 22 de noviembre y permaneci\u00f3 en rada hasta el mediod\u00eda del jueves pasado, a la espera del arrib\u00f3 v\u00eda a\u00e9rea de los 199 pasajeros que se embarcar\u00edan para partir rumbo a la Ant\u00e1rtida el viernes 26. Operaci\u00f3n \u00e9sta que la empresa posterg\u00f3 hasta el mi\u00e9rcoles 1 de diciembre. <br \/>Durante su estad\u00eda en rada lleg\u00f3 a Ushuaia por avi\u00f3n parte de la tripulaci\u00f3n, el private de employees, que hab\u00eda cumplido con los protocolos sanitarios dispuestos para el ingreso al pa\u00eds. <br \/>Antes de que se habilitara que el crucero pudiera ingresar a muelle el jueves pasado, a bordo del barco se le realiz\u00f3 a todo la tripulaci\u00f3n un management con check de ant\u00edgeno que arroj\u00f3 la presencia de 4 casos positivos y 4 sospechosos. Todo ellos integraban el contingente de tripulantes que embarc\u00f3 en Ushuaia. Esta situaci\u00f3n dispar\u00f3 la implementaci\u00f3n del protocolo sanitario del puerto native, por lo que ya con el buque en puerto a toda la tripulaci\u00f3n se le realizaron check de PCR que indicaron la presencia de 9 casos positivos. 8 de ellos correspondieron a los 4 positivos y 4 sospechosos detectados inicialmente, en tanto que el noveno a un tripulante que no integraba el grupo de employees. Ante la posibilidad de que este contagio fuera producto de circulaci\u00f3n viral en el barco se dispuso la medida de aislamiento. <br \/>El resultado que arroje los PCR que se le realizar\u00e1n nuevamente este jueves a los tripulantes del Ultramarine definir\u00e1 el criterio a adoptar. Si todos fueran negativos, se proceder\u00e1 a la desinfecci\u00f3n del barco y se lo liberar\u00e1. Si alguno o la totalidad de los 9 positivos siguen dando positivo se podr\u00eda disponer su desembarco y traslado a un resort para que siga en aislamiento, se desinfectara el barco y se lo liberar\u00e1. Si los PCR indican la aparici\u00f3n de nuevos de casos se dar\u00eda continuidad a la medida de aislamiento del crucero.<\/p>\n<\/p><\/div>\n<p><script>(function(d, s, id) {\n      var js, fjs = d.getElementsByTagName(s)[0];\n      if (d.getElementById(id)) return;\n      js = d.createElement(s); js.id = id;\n      js.src = \"\/\/connect.facebook.net\/es_LA\/sdk.js#xfbml=1&appId=&version=v2.0\";\n      fjs.parentNode.insertBefore(js, fjs);\n    }(document, 'script', 'facebook-jssdk'));\n    <\/script><br \/>\n<br \/><\/p>\n<p><em> &#8221; Fuentes www.eldiariodelfindelmundo.com &#8221; <\/em><\/p>\n","protected":false},"excerpt":{"rendered":"<p>Se trata del Ultramarine. Nueve integrantes de la tripulaci\u00f3n dieron positivo. El buque ant\u00e1rtico estar\u00e1 hasta el 2 de diciembre en la terminal portuaria capitalina. E l crucero ant\u00e1rtico Ultramarine deber\u00e1 permanecer en aislamiento whole en el puerto de Ushuaia hasta el jueves de esta semana. La medida sanitaria fue dispuesta por las autoridades sanitarias [&hellip;]<\/p>\n","protected":false},"author":4,"featured_media":234793,"comment_status":"open","ping_status":"closed","sticky":false,"template":"","format":"standard","meta":{"om_disable_all_campaigns":false,"jnews-multi-image_gallery":[],"jnews_single_post":[],"jnews_primary_category":[],"jnews_social_meta":[],"footnotes":""},"categories":[41],"tags":[510,1280,1411],"class_list":["post-234792","post","type-post","status-publish","format-standard","has-post-thumbnail","hentry","category-cruceros","tag-covid-19","tag-crucero","tag-puerto"],"_links":{"self":[{"href":"https:\/\/dimensionturistica.com\/es\/wp-json\/wp\/v2\/posts\/234792","targetHints":{"allow":["GET"]}}],"collection":[{"href":"https:\/\/dimensionturistica.com\/es\/wp-json\/wp\/v2\/posts"}],"about":[{"href":"https:\/\/dimensionturistica.com\/es\/wp-json\/wp\/v2\/types\/post"}],"author":[{"embeddable":true,"href":"https:\/\/dimensionturistica.com\/es\/wp-json\/wp\/v2\/users\/4"}],"replies":[{"embeddable":true,"href":"https:\/\/dimensionturistica.com\/es\/wp-json\/wp\/v2\/comments?post=234792"}],"version-history":[{"count":0,"href":"https:\/\/dimensionturistica.com\/es\/wp-json\/wp\/v2\/posts\/234792\/revisions"}],"wp:featuredmedia":[{"embeddable":true,"href":"https:\/\/dimensionturistica.com\/es\/wp-json\/wp\/v2\/media\/234793"}],"wp:attachment":[{"href":"https:\/\/dimensionturistica.com\/es\/wp-json\/wp\/v2\/media?parent=234792"}],"wp:term":[{"taxonomy":"category","embeddable":true,"href":"https:\/\/dimensionturistica.com\/es\/wp-json\/wp\/v2\/categories?post=234792"},{"taxonomy":"post_tag","embeddable":true,"href":"https:\/\/dimensionturistica.com\/es\/wp-json\/wp\/v2\/tags?post=234792"}],"curies":[{"name":"wp","href":"https:\/\/api.w.org\/{rel}","templated":true}]}}