{"id":234734,"date":"2021-11-29T00:41:15","date_gmt":"2021-11-29T00:41:15","guid":{"rendered":"https:\/\/dimensionturistica.com\/es\/?p=234734"},"modified":"2021-11-29T00:41:16","modified_gmt":"2021-11-29T00:41:16","slug":"por-ser-punto-turistico-mazatlan-corre-mas-riesgo-de-que-llegue-variante-omicron-de-covid-19-advierte-salud-estatal","status":"publish","type":"post","link":"https:\/\/dimensionturistica.com\/es\/por-ser-punto-turistico-mazatlan-corre-mas-riesgo-de-que-llegue-variante-omicron-de-covid-19-advierte-salud-estatal\/","title":{"rendered":"Por ser punto tur\u00edstico, Mazatl\u00e1n corre m\u00e1s riesgo de que llegue variante \u00d3micron de Covid-19, advierte Salud estatal"},"content":{"rendered":"<p> <br \/>\n<\/p>\n<div>\n<p> Tanto H\u00e9ctor Melesio Cu\u00e9n Ojeda, Secretario de Salud de Sinaloa, como Humberto Valle Guerrero, epidemi\u00f3logo estatal, reconocen que en el puerto al recibir tanta gente extranjera en estos d\u00edas, sobre todo en diciembre, se corre el riesgo de que lleguen nuevas variantes\n<\/p>\n<\/p><\/div>\n\n<p><em> &#8221; Fuentes www.noroeste.com.mx &#8221; <\/em><\/p>\n","protected":false},"excerpt":{"rendered":"<p>Tanto H\u00e9ctor Melesio Cu\u00e9n Ojeda, Secretario de Salud de Sinaloa, como Humberto Valle Guerrero, epidemi\u00f3logo estatal, reconocen que en el puerto al recibir tanta gente extranjera en estos d\u00edas, sobre todo en diciembre, se corre el riesgo de que lleguen nuevas variantes &#8221; Fuentes www.noroeste.com.mx &#8221;<\/p>\n","protected":false},"author":4,"featured_media":234735,"comment_status":"open","ping_status":"closed","sticky":false,"template":"","format":"standard","meta":{"om_disable_all_campaigns":false,"jnews-multi-image_gallery":[],"jnews_single_post":[],"jnews_primary_category":[],"jnews_social_meta":[],"footnotes":""},"categories":[41],"tags":[18734],"class_list":["post-234734","post","type-post","status-publish","format-standard","has-post-thumbnail","hentry","category-cruceros","tag-antonio-olazabal"],"_links":{"self":[{"href":"https:\/\/dimensionturistica.com\/es\/wp-json\/wp\/v2\/posts\/234734","targetHints":{"allow":["GET"]}}],"collection":[{"href":"https:\/\/dimensionturistica.com\/es\/wp-json\/wp\/v2\/posts"}],"about":[{"href":"https:\/\/dimensionturistica.com\/es\/wp-json\/wp\/v2\/types\/post"}],"author":[{"embeddable":true,"href":"https:\/\/dimensionturistica.com\/es\/wp-json\/wp\/v2\/users\/4"}],"replies":[{"embeddable":true,"href":"https:\/\/dimensionturistica.com\/es\/wp-json\/wp\/v2\/comments?post=234734"}],"version-history":[{"count":0,"href":"https:\/\/dimensionturistica.com\/es\/wp-json\/wp\/v2\/posts\/234734\/revisions"}],"wp:featuredmedia":[{"embeddable":true,"href":"https:\/\/dimensionturistica.com\/es\/wp-json\/wp\/v2\/media\/234735"}],"wp:attachment":[{"href":"https:\/\/dimensionturistica.com\/es\/wp-json\/wp\/v2\/media?parent=234734"}],"wp:term":[{"taxonomy":"category","embeddable":true,"href":"https:\/\/dimensionturistica.com\/es\/wp-json\/wp\/v2\/categories?post=234734"},{"taxonomy":"post_tag","embeddable":true,"href":"https:\/\/dimensionturistica.com\/es\/wp-json\/wp\/v2\/tags?post=234734"}],"curies":[{"name":"wp","href":"https:\/\/api.w.org\/{rel}","templated":true}]}}