{"id":234079,"date":"2021-11-27T11:38:09","date_gmt":"2021-11-27T11:38:09","guid":{"rendered":"https:\/\/dimensionturistica.com\/es\/?p=234079"},"modified":"2021-11-27T11:38:10","modified_gmt":"2021-11-27T11:38:10","slug":"pere-granados-alcalde-de-salou-vicepresidente-de-la-alianza-turistica-de-sol-y-playa","status":"publish","type":"post","link":"https:\/\/dimensionturistica.com\/es\/pere-granados-alcalde-de-salou-vicepresidente-de-la-alianza-turistica-de-sol-y-playa\/","title":{"rendered":"Pere Granados, alcalde de Salou, vicepresidente de la Alianza Tur\u00edstica de Sol y Playa"},"content":{"rendered":"<p> <br \/>\n<\/p>\n<div>\n<p>El encuentro de la\u00a0AMT, que fue acompa\u00f1ado de otro encuentro posterior con la Asociaci\u00f3n de Municipios Tur\u00edsticos de Canarias (AMTC), ha tenido como escenario el Centro de Desarrollo Tur\u00edstico Costa Adeje (CDTCA), donde se han dado cita alcaldes, alcaldesas y concejales de los 18 municipios tur\u00edsticos de ambas alianzas, que representan a destinos que aglutinan el 44% de las pernoctaciones de Espa\u00f1a.<\/p>\n<p>Durante la asamblea de la AMT, se ha realizado el cambio tambi\u00e9n de vicepresidencia y secretar\u00eda. El anterior vicepresidente,\u00a0Jos\u00e9 Miguel Rodr\u00edguez Fraga, ha sido sustituido por\u00a0Pere Granados, alcalde de Salou. Y, por \u00faltimo,\u00a0Jaume Dulsat i Rodr\u00edguez, alcalde de Lloret de Mar, ha tomado el cargo de secretario, que hasta el momento period de\u00a0Jos\u00e9 Juli\u00e1n Mena, alcalde de Arona.<\/p>\n<p>La AMT est\u00e1 conformada por los ayuntamientos de Salou, Lloret de Mar, Torremolinos, Benidorm, Calvi\u00e1, Arona, Adeje y San Bartolom\u00e9 de Tirajana. La AMTC lo est\u00e1 por Arona, Adeje, Gu\u00eda de Isora, Santiago del Teide, Puerto de la Cruz, San Bartolom\u00e9 de Tirajana, Mog\u00e1n, P\u00e1jara, Antigua, La Oliva, Yaiza, T\u00edas y Teguise.<\/p>\n<p>Esta cumbre tur\u00edstica ha contado con la presencia del presidente del Gobierno de Canarias,\u00a0\u00c1ngel V\u00edctor Torres; la ministra de Industria, Comercio y Turismo del Gobierno de Espa\u00f1a,\u00a0Reyes Maroto, en su caso por videoconferencia; el presidente del Cabildo de Tenerife,\u00a0Pedro Mart\u00edn; el presidente de la Confederaci\u00f3n Espa\u00f1ola de Hoteles y Alojamientos Tur\u00edsticos (CEHAT),\u00a0Jorge Marichal; el presidente del Instituto Tecnol\u00f3gico Hotelero (ITH),\u00a0Javier Garc\u00eda Cuenca; adem\u00e1s de representantes del empresariado, sindicatos y cuerpo diplom\u00e1tico.<\/p>\n<p>Los alcaldes de la AMT asumieron el reto de liderar la demanda y obtenci\u00f3n de una mayor financiaci\u00f3n espec\u00edfica para los municipios tur\u00edsticos, para atender sus servicios; y la de plantear una definici\u00f3n sobre lo que es un municipio tur\u00edstico.<\/p>\n<p>Por otro lado, dotar de contenido los criterios y principios de transici\u00f3n ecol\u00f3gica, competitividad, sostenibilidad, digitalizaci\u00f3n y desestacionalizaci\u00f3n.<\/p>\n<section class=\"mod mod-tags\">\n<\/section>\n<section class=\"mod mod-list\">\n<\/section><\/div>\n\n<p><em> &#8221; Fuentes www.diaridetarragona.com &#8221; <\/em><\/p>\n","protected":false},"excerpt":{"rendered":"<p>El encuentro de la\u00a0AMT, que fue acompa\u00f1ado de otro encuentro posterior con la Asociaci\u00f3n de Municipios Tur\u00edsticos de Canarias (AMTC), ha tenido como escenario el Centro de Desarrollo Tur\u00edstico Costa Adeje (CDTCA), donde se han dado cita alcaldes, alcaldesas y concejales de los 18 municipios tur\u00edsticos de ambas alianzas, que representan a destinos que aglutinan [&hellip;]<\/p>\n","protected":false},"author":4,"featured_media":234080,"comment_status":"open","ping_status":"closed","sticky":false,"template":"","format":"standard","meta":{"om_disable_all_campaigns":false,"jnews-multi-image_gallery":[],"jnews_single_post":[],"jnews_primary_category":[],"jnews_social_meta":[],"footnotes":""},"categories":[40],"tags":[8997,544],"class_list":["post-234079","post","type-post","status-publish","format-standard","has-post-thumbnail","hentry","category-industria","tag-salou","tag-turismo"],"_links":{"self":[{"href":"https:\/\/dimensionturistica.com\/es\/wp-json\/wp\/v2\/posts\/234079","targetHints":{"allow":["GET"]}}],"collection":[{"href":"https:\/\/dimensionturistica.com\/es\/wp-json\/wp\/v2\/posts"}],"about":[{"href":"https:\/\/dimensionturistica.com\/es\/wp-json\/wp\/v2\/types\/post"}],"author":[{"embeddable":true,"href":"https:\/\/dimensionturistica.com\/es\/wp-json\/wp\/v2\/users\/4"}],"replies":[{"embeddable":true,"href":"https:\/\/dimensionturistica.com\/es\/wp-json\/wp\/v2\/comments?post=234079"}],"version-history":[{"count":0,"href":"https:\/\/dimensionturistica.com\/es\/wp-json\/wp\/v2\/posts\/234079\/revisions"}],"wp:featuredmedia":[{"embeddable":true,"href":"https:\/\/dimensionturistica.com\/es\/wp-json\/wp\/v2\/media\/234080"}],"wp:attachment":[{"href":"https:\/\/dimensionturistica.com\/es\/wp-json\/wp\/v2\/media?parent=234079"}],"wp:term":[{"taxonomy":"category","embeddable":true,"href":"https:\/\/dimensionturistica.com\/es\/wp-json\/wp\/v2\/categories?post=234079"},{"taxonomy":"post_tag","embeddable":true,"href":"https:\/\/dimensionturistica.com\/es\/wp-json\/wp\/v2\/tags?post=234079"}],"curies":[{"name":"wp","href":"https:\/\/api.w.org\/{rel}","templated":true}]}}