{"id":234032,"date":"2021-11-27T08:23:39","date_gmt":"2021-11-27T08:23:39","guid":{"rendered":"https:\/\/dimensionturistica.com\/es\/?p=234032"},"modified":"2021-11-27T08:23:40","modified_gmt":"2021-11-27T08:23:40","slug":"nueva-variante-de-covid-ya-esta-alterando-los-viajes-en-el-mundo-mundo","status":"publish","type":"post","link":"https:\/\/dimensionturistica.com\/es\/nueva-variante-de-covid-ya-esta-alterando-los-viajes-en-el-mundo-mundo\/","title":{"rendered":"Nueva variante de COVID ya est\u00e1 alterando los viajes en el mundo | MUNDO"},"content":{"rendered":"<p> <br \/>\n<\/p>\n<div id=\"\">\n<p itemprop=\"description\" class=\"story-content__font--secondary mb-25 title-xs line-h-md mt-20 secondary-font pr-20\"><b>Las consecuencias de la nueva variante del COVID-19 potencialmente m\u00e1s peligrosa, detectada en el sur de \u00c1frica, est\u00e1 sumando nuevas frustraciones a los viajeros, justo cuando se vislumbraba un regreso a la normalidad.<\/b><\/p>\n<p itemprop=\"description\" class=\"story-content__font--secondary mb-25 title-xs line-h-md mt-20 secondary-font pr-20\">Estados Unidos, los miembros de la Uni\u00f3n Europea, Canad\u00e1 y Hong Kong est\u00e1n restringiendo los viajes desde varias naciones del sur de \u00c1frica. El <a rel=\"nofollow noopener\" target=\"_blank\" itemprop=\"url\" href=\"https:\/\/gestion.pe\/mundo\/reino-unido-veta-vuelos-desde-seis-paises-africanos-ante-nueva-variante-covid-19-sudafrica-nndc-noticia\/\">Reino Unido<\/a> suspendi\u00f3 los vuelos, incluy\u00f3 a seis pa\u00edses africanos en su \u201c<i>lista roja<\/i>\u201d de viajes y exigir\u00e1 que los viajeros que lleguen se alojen en hoteles de cuarentena en un intento por controlar la propagaci\u00f3n de la variante B.1.1.529, a la que la <a rel=\"nofollow noopener\" target=\"_blank\" itemprop=\"url\" href=\"https:\/\/gestion.pe\/mundo\/covid-19-omicron-la-nueva-variante-con-mayor-riesgo-de-reinfeccion-advierte-la-oms-noticia\/\">Organizaci\u00f3n Mundial de la Salud<\/a> asign\u00f3 la letra griega omicron.<\/p>\n<p itemprop=\"description\" class=\"story-content__font--secondary mb-25 title-xs line-h-md mt-20 secondary-font pr-20\">Estas medidas van a encarecer algunos planes de viaje. La inclusi\u00f3n de Sud\u00e1frica en la lista roja brit\u00e1nica puso en peligro los planes de graduaci\u00f3n de <u>Lizelle Nightingale<\/u>. La mujer de 38 a\u00f1os, originaria de Northampton, en el Reino Unido, ten\u00eda la intenci\u00f3n de viajar a la Universidad del Estado Libre de Bloemfontein, Sud\u00e1frica, donde ten\u00eda previsto celebrar la obtenci\u00f3n de su t\u00edtulo de negocios.<\/p>\n<p itemprop=\"description\" class=\"story-content__font--secondary mb-25 title-xs line-h-md mt-20 secondary-font pr-20\">Nightingale y su esposo gastaron 1,600 libras (US$ 2,131) en complete para vuelos durante la primera semana de diciembre, adem\u00e1s del costo de su traje de graduaci\u00f3n y el alquiler de un autom\u00f3vil. Si la pareja sigue adelante con sus planes, ahora tendr\u00e1n que reservar un resort de cuarentena a la vuelta, lo que les costar\u00e1 m\u00e1s de 4,000 libras, por no hablar de las 11 noches de aislamiento.<\/p>\n<p itemprop=\"description\" class=\"story-content__font--secondary mb-25 title-xs line-h-md mt-20 secondary-font pr-20\">\u201c<i>Me rompe el coraz\u00f3n porque estaba deseando que llegara mi graduaci\u00f3n<\/i>\u201d, dijo <u>Nightingale<\/u>, que a\u00fan est\u00e1 tratando de decidir si viajar\u00e1 o no. \u201c<i>Es mi primera licenciatura y es algo por lo que he trabajado mucho. Me puse a llorar cuando me enter\u00e9\u201d.<\/i><\/p>\n<p itemprop=\"description\" class=\"story-content__font--secondary mb-25 title-xs line-h-md mt-20 secondary-font pr-20\"><u>Callum Perry<\/u> aterriz\u00f3 en Londres el viernes por la ma\u00f1ana, mientras el panorama de los viajes cambiaba. El conservacionista de 26 a\u00f1os vive en Limpopo, Sud\u00e1frica, y vino al Reino Unido para visitar a su padre por motivos de salud.<\/p>\n<p itemprop=\"description\" class=\"story-content__font--secondary mb-25 title-xs line-h-md mt-20 secondary-font pr-20\">Pero ahora le preocupa no poder viajar de vuelta a casa. Est\u00e1 viendo como se cancelan los vuelos a Sud\u00e1frica y le preocupa que el suyo, programado para el pr\u00f3ximo viernes, tambi\u00e9n sea cancelado.<\/p>\n<p itemprop=\"description\" class=\"story-content__font--secondary mb-25 title-xs line-h-md mt-20 secondary-font pr-20\">\u201c<i>Estamos viendo que pa\u00edses como el Reino Unido se mueven con mucha rapidez, por lo que el desaf\u00edo n\u00famero uno es que los cierres se producen m\u00e1s r\u00e1pido que nunca<\/i>\u201d, dijo <u>John Clifford<\/u>, presidente de <b>Worldwide Journey Administration<\/b>. \u201c<i>La gente se siente varada y marginada<\/i>\u201d.<\/p>\n<p itemprop=\"description\" class=\"story-content__font--secondary mb-25 title-xs line-h-md mt-20 secondary-font pr-20\">Pero hay servicios que pueden llevarlo de vuelta a su pa\u00eds de origen si se queda atascado. Clifford cube que dos servicios que recomienda son Medjet \u2014una empresa de transporte m\u00e9dico international y respuesta a disaster\u2014 y <b>Covac World<\/b>, que ofrece servicios de evacuaci\u00f3n y repatriaci\u00f3n.<\/p>\n<p itemprop=\"description\" class=\"story-content__font--secondary mb-25 title-xs line-h-md mt-20 secondary-font pr-20\">\u201c<i>Lo primero y mejor que puede hacer es obtener una p\u00f3liza de viaje de cancelaci\u00f3n por cualquier motivo<\/i>\u201d, dijo <u>Clifford<\/u>. \u201c<i>La mayor\u00eda de las empresas de viajes venden alg\u00fan tipo de seguro de viaje CFAR. Por lo general, su costo es de alrededor del 15% de los gastos previos a la compra<\/i>\u201d.<\/p>\n<p itemprop=\"description\" class=\"story-content__font--secondary mb-25 title-xs line-h-md mt-20 secondary-font pr-20\">Eso no ofrece un reembolso completo; por lo normal, es entre el 40% y el 80% de su p\u00e9rdida. Pero al menos le devuelve algo de dinero cuando cancela un viaje no reembolsable por una raz\u00f3n inesperada, dijo.<\/p>\n<\/div>\n\n<p><em> &#8221; Fuentes gestion.pe &#8221; <\/em><\/p>\n","protected":false},"excerpt":{"rendered":"<p>Las consecuencias de la nueva variante del COVID-19 potencialmente m\u00e1s peligrosa, detectada en el sur de \u00c1frica, est\u00e1 sumando nuevas frustraciones a los viajeros, justo cuando se vislumbraba un regreso a la normalidad. Estados Unidos, los miembros de la Uni\u00f3n Europea, Canad\u00e1 y Hong Kong est\u00e1n restringiendo los viajes desde varias naciones del sur de [&hellip;]<\/p>\n","protected":false},"author":4,"featured_media":234033,"comment_status":"open","ping_status":"closed","sticky":false,"template":"","format":"standard","meta":{"om_disable_all_campaigns":false,"jnews-multi-image_gallery":[],"jnews_single_post":[],"jnews_primary_category":[],"jnews_social_meta":[],"footnotes":""},"categories":[39],"tags":[510,9870],"class_list":["post-234032","post","type-post","status-publish","format-standard","has-post-thumbnail","hentry","category-viajes","tag-covid-19","tag-viajes-aereos"],"_links":{"self":[{"href":"https:\/\/dimensionturistica.com\/es\/wp-json\/wp\/v2\/posts\/234032","targetHints":{"allow":["GET"]}}],"collection":[{"href":"https:\/\/dimensionturistica.com\/es\/wp-json\/wp\/v2\/posts"}],"about":[{"href":"https:\/\/dimensionturistica.com\/es\/wp-json\/wp\/v2\/types\/post"}],"author":[{"embeddable":true,"href":"https:\/\/dimensionturistica.com\/es\/wp-json\/wp\/v2\/users\/4"}],"replies":[{"embeddable":true,"href":"https:\/\/dimensionturistica.com\/es\/wp-json\/wp\/v2\/comments?post=234032"}],"version-history":[{"count":0,"href":"https:\/\/dimensionturistica.com\/es\/wp-json\/wp\/v2\/posts\/234032\/revisions"}],"wp:featuredmedia":[{"embeddable":true,"href":"https:\/\/dimensionturistica.com\/es\/wp-json\/wp\/v2\/media\/234033"}],"wp:attachment":[{"href":"https:\/\/dimensionturistica.com\/es\/wp-json\/wp\/v2\/media?parent=234032"}],"wp:term":[{"taxonomy":"category","embeddable":true,"href":"https:\/\/dimensionturistica.com\/es\/wp-json\/wp\/v2\/categories?post=234032"},{"taxonomy":"post_tag","embeddable":true,"href":"https:\/\/dimensionturistica.com\/es\/wp-json\/wp\/v2\/tags?post=234032"}],"curies":[{"name":"wp","href":"https:\/\/api.w.org\/{rel}","templated":true}]}}