{"id":233940,"date":"2021-11-27T03:17:28","date_gmt":"2021-11-27T03:17:28","guid":{"rendered":"https:\/\/dimensionturistica.com\/es\/?p=233940"},"modified":"2021-11-27T03:17:29","modified_gmt":"2021-11-27T03:17:29","slug":"12-picadas-en-santiago-que-son-pura-sabrosura-a-buen-precio","status":"publish","type":"post","link":"https:\/\/dimensionturistica.com\/es\/12-picadas-en-santiago-que-son-pura-sabrosura-a-buen-precio\/","title":{"rendered":"12 picadas en Santiago que son pura sabrosura a buen precio"},"content":{"rendered":"<p> <br \/>\n<\/p>\n<div>\n<p>Picadas en Santiago hay muchas, pero a algunas dan ganas ganas de volver una y otra vez.<\/p>\n<p>Son las que re\u00fanen las 3B, esas en donde el \u00fanico lujo est\u00e1 en unos<strong> platos abundantes, caseros,\u00a0que humean cari\u00f1o y que puedes disfrutar por poca plata<\/strong>.<\/p>\n<p>\u00bfEso es lo que andas buscando? Si es as\u00ed, esta<strong> gu\u00eda de picadas en Santiago<\/strong>\u00a0es todo lo que necesitas.<\/p>\n<figure id=\"attachment_154616\" style=\"width: 900px\" class=\"wp-caption alignnone\"><img decoding=\"async\" class=\"size-full wp-image-154616\" src=\"https:\/\/finde.latercera.com\/wp-content\/uploads\/2021\/08\/Newen-platos-aymara-4-listo-.jpg\" alt=\"\" width=\"900\" height=\"600\" srcset=\"https:\/\/finde.latercera.com\/wp-content\/uploads\/2021\/08\/Newen-platos-aymara-4-listo-.jpg 900w, https:\/\/finde.latercera.com\/wp-content\/uploads\/2021\/08\/Newen-platos-aymara-4-listo--768x512.jpg 768w\" sizes=\"(max-width: 900px) 100vw, 900px\"\/><figcaption class=\"wp-caption-text\">Foto: Valentina Miranda Vega<\/figcaption><\/figure>\n<p><a target=\"_blank\" href=\"https:\/\/finde.latercera.com\/comer\/newen-lamngen-cafeteria-mapuche-tirso\/\" rel=\"noopener\"><strong>Newen Lamngen<\/strong><\/a>\u00a0quiere decir \u201cfuerza de hermanas\u201d en\u00a0<strong>Mapudungun\u00a0<\/strong>y probablemente te suene porque es el nombre de la primera\u00a0cafeter\u00eda mapuche de Santiago, que abri\u00f3 en 2018 en el segundo piso del\u00a0<strong>Mercado Tirso de Molina<\/strong>.<\/p>\n<p>La misma que estuvo cerrada y que acaba de reabrir, con toda la saz\u00f3n de la cocina mapuche de\u00a0<strong>Aurora Luncumilla\u00a0<\/strong>y la cocina aymara de <strong>Jannet Patzi Mery Apaza.<\/strong><\/p>\n<p>Sentarse en su mesa es un viaje de puro sabor y tradici\u00f3n, con platos como el <strong>charquic\u00e1n de cochayuyo<\/strong> ($ 4.000); o el\u00a0<strong>costillar<\/strong> ($ 5.000), con un toque de merk\u00e9n y papitas cocidas por ejemplo, que se anuncian en una pizarra a la hora de almuerzo.<\/p>\n<p>Y que llegan con\u00a0<strong>sopaipillas<\/strong>\u00a0o pan amasado, pebre y una ensalada surtida.<\/p>\n<p>Adem\u00e1s de los\u00a0<strong> porotos con rienda<\/strong>\u00a0($ 3.500); la\u00a0<strong>cazuela de vacuno<\/strong>\u00a0($ 4.000); o el\u00a0<strong>pulmay<\/strong>\u00a0($ 7.000), de caldo denso, delicioso, con costillar y longaniza, m\u00e1s choritos, almejas y milcao, la mezcla de papa que se ralla, se estruja se le saca y se mezcla con una papa cocida.<\/p>\n<p>Aprovecha de probar tambi\u00e9n la cocina aymara, no te vayas sin probar la<strong>\u00a0sopa de ma\u00edz<\/strong> ($ 3.000), una delicia que hace con ma\u00edz y man\u00ed que tritura hasta lograr que quede cremoso, m\u00e1s carne de pollo o vacuno y papitas fritas que vienen dentro del plato.<\/p>\n<div class=\"shortcode-bg shortcode-venue\">\n<div class=\"shortcode-wrapper radius-xs\">\n<div class=\"sc-data\">\n          <a target=\"_blank\" href=\"https:\/\/finde.latercera.com\/lugar\/newen-lamngen-tirso-molina\/\" class=\"img-circle img-circle-sm\" rel=\"noopener\"><\/p>\n<figure class=\"img-proportion-cover\">\n              <img decoding=\"async\" src=\"https:\/\/finde.latercera.com\/wp-content\/uploads\/2018\/03\/Newen-4-listo.jpg\" alt=\"Newen Lamngen\" class=\"animate-all\"\/><br \/>\n            <\/figure>\n<p>          <\/a><\/p>\n<div class=\"sc-data-list\">\n            <a target=\"_blank\" href=\"https:\/\/finde.latercera.com\/lugar\/newen-lamngen-tirso-molina\/\" class=\"sc-top-venue\" rel=\"noopener\"><\/p>\n<h3>Newen Lamngen<\/h3>\n<p>            <\/a>            <\/p>\n<h4>Direcci\u00f3n<\/h4>\n<p><span class=\"tribe-address\"><\/p>\n<p><span class=\"tribe-street-address\">Artesanos 750<\/span><\/p>\n<p><span class=\"tribe-locality\">Santiago<\/span><span class=\"tribe-delimiter\">,<\/span><\/p>\n<p>\t<abbr class=\"tribe-region tribe-events-abbr\" title=\"Regi\u00f3n Metropolitana\">Regi\u00f3n Metropolitana<\/abbr><\/p>\n<p>\t<span class=\"tribe-country-name\">Chile<\/span><\/p>\n<p><\/span>\n<\/p>\n<p class=\"small text-uppercase\"><a target=\"_blank\" href=\"https:\/\/www.google.com\/maps\/place\/Artesanos 750\" rel=\"noopener noreferrer\" class=\"gmap\"><span class=\"ltpicto-linkout\"\/> Abrir en Google Maps<\/a><\/p>\n<h4>Tel\u00e9fono<\/h4>\n<p><a target=\"_blank\" href=\"https:\/\/finde.latercera.com\/comer\/picadas-en-santiago-abiertas-2021-noviembre-1\/tel:978686072\" rel=\"noopener\">978686072<\/a><\/p>\n<h4 class=\"horario\">Horario<\/h4>\n<p class=\"horario\">Mi\u00e9rcoles a domingo, 9 AM a 5 PM <\/p>\n<h4 class=\"estacionamiento\">Estacionamiento<\/h4>\n<p class=\"estacionamiento\">Por calles aleda\u00f1as, con propina <\/p>\n<h4 class=\"edad\">Edad<\/h4>\n<p class=\"edad\">Todo p\u00fablico<\/p>\n<h4 class=\"con-reserva\">Con Reserva<\/h4>\n<p class=\"con-reserva\">No<\/p>\n<\/p><\/div><\/div>\n<p>\n          <iframe loading=\"lazy\" src=\"https:\/\/www.google.com\/maps\/embed\/v1\/place?key=AIzaSyBxuhmH-YHgR5svxHyFpaCQrXZw2iFHtYg&amp;q=-33.4357367,-70.6471685\" width=\"600\" height=\"400\" frameborder=\"0\" style=\"border:0\" allowfullscreen=\"\"><\/iframe>\n        <\/p>\n<\/p><\/div><\/div>\n<figure id=\"attachment_122175\" style=\"width: 1280px\" class=\"wp-caption alignnone\"><img decoding=\"async\" class=\"size-full wp-image-122175\" src=\"http:\/\/finde.latercera.com\/wp-content\/uploads\/2020\/01\/Porotos-donde-el-tata.jpg\" alt=\"\" width=\"1280\" height=\"960\" srcset=\"https:\/\/finde.latercera.com\/wp-content\/uploads\/2020\/01\/Porotos-donde-el-tata.jpg 1280w, https:\/\/finde.latercera.com\/wp-content\/uploads\/2020\/01\/Porotos-donde-el-tata-768x576.jpg 768w\" sizes=\"(max-width: 1280px) 100vw, 1280px\"\/><figcaption class=\"wp-caption-text\">Foto: Damaris Torres<\/figcaption><\/figure>\n<p><strong>El Tata<\/strong>\u00a0es uno de nuestros datos regalones en el barrio Franklin, uno de los locales favoritos de cocineros como Cristi\u00e1n\u00a0<strong>\u201cPunga<\/strong>\u201d Gaete.<\/p>\n<p>De hecho, se trata de una de las<strong>\u00a0cociner\u00edas<\/strong>\u00a0mas tradicionales del barrio, que desde 1987 se ubica en el\u00a0\u00a0ex Matadero y donde encuentras platos como el <strong>causeo de pata<\/strong> ($ 5.000) o el <strong>caldo de pata<\/strong> ($ 4.500).<\/p>\n<p>Adem\u00e1s de una <strong>colaci\u00f3n<\/strong> ($ 4.000), con un plato de fondo que cambia d\u00eda a d\u00eda, y pueden ser porotos con rienda por ejemplo, que viene con pan, ensalada surtida y jugo.<\/p>\n<p>De los platos de la carta, prueba las <strong>guatitas a la jardinera<\/strong> ($ 6.000), con papas fritas por ejemplo; o el costillar ($ 6.500), con pur\u00e9 casero.<\/p>\n<p>Adem\u00e1s de la\u00a0<strong>\u201cplateada\u201d<\/strong>\u00a0($ 8.500), de antolog\u00eda, que viene a lo pobre, con una buena cantidad de papas fritas.<\/p>\n<div class=\"shortcode-bg shortcode-venue\">\n<div class=\"shortcode-wrapper radius-xs\">\n<div class=\"sc-data\">\n          <a target=\"_blank\" href=\"https:\/\/finde.latercera.com\/lugar\/el-tata\/\" class=\"img-circle img-circle-sm\" rel=\"noopener\"><\/p>\n<figure class=\"img-proportion-cover\">\n              <img decoding=\"async\" src=\"https:\/\/finde.latercera.com\/wp-content\/uploads\/2019\/04\/El-Tata-listo.jpg\" alt=\"El Tata\" class=\"animate-all\"\/><br \/>\n            <\/figure>\n<p>          <\/a><\/p>\n<div class=\"sc-data-list\">\n            <a target=\"_blank\" href=\"https:\/\/finde.latercera.com\/lugar\/el-tata\/\" class=\"sc-top-venue\" rel=\"noopener\"><\/p>\n<h3>El Tata<\/h3>\n<p>            <\/a>            <\/p>\n<h4>Direcci\u00f3n<\/h4>\n<p><span class=\"tribe-address\"><\/p>\n<p><span class=\"tribe-street-address\">San Francisco 2217<\/span><\/p>\n<p><span class=\"tribe-locality\">Santiago<\/span><span class=\"tribe-delimiter\">,<\/span><\/p>\n<p>\t<abbr class=\"tribe-region tribe-events-abbr\" title=\"Regi\u00f3n Metropolitana\">Regi\u00f3n Metropolitana<\/abbr><\/p>\n<p>\t<span class=\"tribe-postal-code\">8320135<\/span><\/p>\n<p>\t<span class=\"tribe-country-name\">Chile<\/span><\/p>\n<p><\/span>\n<\/p>\n<p class=\"small text-uppercase\"><a target=\"_blank\" href=\"https:\/\/www.google.com\/maps\/place\/San Francisco 2217\" rel=\"noopener noreferrer\" class=\"gmap\"><span class=\"ltpicto-linkout\"\/> Abrir en Google Maps<\/a><\/p>\n<h4>Tel\u00e9fono<\/h4>\n<p><a target=\"_blank\" href=\"https:\/\/finde.latercera.com\/comer\/picadas-en-santiago-abiertas-2021-noviembre-1\/tel:225562133\" rel=\"noopener\">225562133<\/a><\/p>\n<h4 class=\"horario\">Horario<\/h4>\n<p class=\"horario\">Lunes a viernes de 8.30 AM a 5 PM S\u00e1bado y domingo 8.30 AM a 6 PM <\/p>\n<h4 class=\"estacionamiento\">Estacionamiento<\/h4>\n<p class=\"estacionamiento\">Por calles aleda\u00f1as, con propina<\/p>\n<\/p><\/div><\/div>\n<p>\n          <iframe loading=\"lazy\" src=\"https:\/\/www.google.com\/maps\/embed\/v1\/place?key=AIzaSyBxuhmH-YHgR5svxHyFpaCQrXZw2iFHtYg&amp;q=San Francisco 2217\" width=\"600\" height=\"400\" frameborder=\"0\" style=\"border:0\" allowfullscreen=\"\"><\/iframe>\n        <\/p>\n<\/p><\/div><\/div>\n<figure id=\"attachment_126362\" style=\"width: 900px\" class=\"wp-caption alignnone\"><a target=\"_blank\" href=\"https:\/\/finde.latercera.com\/wp-content\/uploads\/2020\/03\/Tijuana-Tacos-entrada-listo.jpg\" rel=\"noopener\"><img decoding=\"async\" class=\"size-full wp-image-126362\" src=\"https:\/\/finde.latercera.com\/wp-content\/uploads\/2020\/03\/Tijuana-Tacos-entrada-listo.jpg\" alt=\"\" width=\"900\" height=\"600\" srcset=\"https:\/\/finde.latercera.com\/wp-content\/uploads\/2020\/03\/Tijuana-Tacos-entrada-listo.jpg 900w, https:\/\/finde.latercera.com\/wp-content\/uploads\/2020\/03\/Tijuana-Tacos-entrada-listo-768x512.jpg 768w\" sizes=\"(max-width: 900px) 100vw, 900px\"\/><\/a><figcaption class=\"wp-caption-text\">Foto: Valentina Miranda Vega<\/figcaption><\/figure>\n<p>\u00bfTacos desde $ 1.500? Esa es la apuesta de <a target=\"_blank\" href=\"https:\/\/finde.latercera.com\/comer\/tijuana-tacos-tacos-a-luca-patronato\/\" rel=\"noopener\">Tijuana Tacos<\/a>,\u00a0 un peque\u00f1o native con barras y algunas mesas en <strong>Patronato<\/strong>, a cargo Natalia Landeros, una chilena que despu\u00e9s de vivir y enamorarse de Tijuana, volvi\u00f3 con toda la saz\u00f3n de esta ciudad mexicana.<\/p>\n<p>Ah\u00ed puedes probar <strong>tacos <\/strong>con cebolla, cilantro, frijol y salsas desde ese precio, como el <strong>birria<\/strong>, de mechada picadita; de\u00a0<strong>adobada<\/strong>, que es cerdo desmechado; o el <strong>lengua<\/strong>, una delicia blandita, que se pasa por la plancha con un toque de mantequilla para que quede a\u00fan m\u00e1s sabroso.<\/p>\n<p>Otra opci\u00f3n es que podas los \u201cquesatacos\u201d, como el de <strong>chorizo<\/strong> ($ 3.000), que viene adem\u00e1s con cebolla, cilantro y salsas; o el de <strong>asada<\/strong> ($ 3.000), de bistec.<\/p>\n<p>Adem\u00e1s de los burros, como el de <strong>pollo<\/strong> ($ 5.500), con frijoles, tomate, cebolla, cilantro, palta y salsas.<\/p>\n<div class=\"shortcode-bg shortcode-venue\">\n<div class=\"shortcode-wrapper radius-xs\">\n<div class=\"sc-data\">\n          <a target=\"_blank\" href=\"https:\/\/finde.latercera.com\/lugar\/tijuana-tacos\/\" class=\"img-circle img-circle-sm\" rel=\"noopener\"><\/p>\n<figure class=\"img-proportion-cover\">\n              <img decoding=\"async\" src=\"https:\/\/finde.latercera.com\/wp-content\/uploads\/2019\/08\/Tijuana-Tacos-ficha-listo.jpg\" alt=\"Tijuana Tacos\" class=\"animate-all\"\/><br \/>\n            <\/figure>\n<p>          <\/a><\/p><\/div>\n<p>\n          <iframe loading=\"lazy\" src=\"https:\/\/www.google.com\/maps\/embed\/v1\/place?key=AIzaSyBxuhmH-YHgR5svxHyFpaCQrXZw2iFHtYg&amp;q=Dardignac 577\" width=\"600\" height=\"400\" frameborder=\"0\" style=\"border:0\" allowfullscreen=\"\"><\/iframe>\n        <\/p>\n<\/p><\/div><\/div>\n<figure id=\"attachment_145740\" style=\"width: 900px\" class=\"wp-caption alignnone\"><a target=\"_blank\" href=\"https:\/\/finde.latercera.com\/wp-content\/uploads\/2021\/03\/Bah\u00eda-Pilolcura-empanada-partida-listo-.jpg\" rel=\"noopener\"><img decoding=\"async\" class=\"size-full wp-image-145740\" src=\"https:\/\/finde.latercera.com\/wp-content\/uploads\/2021\/03\/Bah\u00eda-Pilolcura-empanada-partida-listo-.jpg\" alt=\"\" width=\"900\" height=\"600\" srcset=\"https:\/\/finde.latercera.com\/wp-content\/uploads\/2021\/03\/Bah\u00eda-Pilolcura-empanada-partida-listo-.jpg 900w, https:\/\/finde.latercera.com\/wp-content\/uploads\/2021\/03\/Bah\u00eda-Pilolcura-empanada-partida-listo--768x512.jpg 768w\" sizes=\"(max-width: 900px) 100vw, 900px\"\/><\/a><figcaption class=\"wp-caption-text\">Foto: Valentina Miranda Vega<\/figcaption><\/figure>\n<p><strong>Bah\u00eda Pilolcura<\/strong>\u00a0es un secreto a voces en\u00a0la calle Antonio Bellet, plena Providencia. Se trata de la tienda que funciona desde 2004, famosa por sus\u00a0productos fresqu\u00edsimos, desde ostras hasta locos, adem\u00e1s de erizos, ostiones, camarones, machas e incluso, pastel de centolla y ceviche.<\/p>\n<p>donde adem\u00e1s encuentras <strong>empanadas fritas<\/strong>, hechas en el momento, que puedes probar en un par de improvisadas mesas puestas a un costado del native, o pedir para llevar.<\/p>\n<p>Hay de <strong>camar\u00f3n con queso<\/strong> ($ 3.000), de buen calibre, jaiba ($ 3.500), con una buena cantidad de carne, ostiones ($ 3.000), o de s\u00f3lo queso ($ 2.000).<\/p>\n<p>Otra opci\u00f3n es que pruebes la de <strong>mariscos<\/strong> ($ 2.500), con choritos, machas y navajuelas, por ejemplo.<\/p>\n<div class=\"shortcode-bg shortcode-venue\">\n<div class=\"shortcode-wrapper radius-xs\">\n<div class=\"sc-data\">\n          <a target=\"_blank\" href=\"https:\/\/finde.latercera.com\/lugar\/bahia-pilolcura\/\" class=\"img-circle img-circle-sm\" rel=\"noopener\"><\/p>\n<figure class=\"img-proportion-cover\">\n              <img decoding=\"async\" src=\"https:\/\/finde.latercera.com\/wp-content\/uploads\/2021\/03\/Bah\u00eda-Pilolcura-ficha-listo-.jpg\" alt=\"Bah\u00eda Pilolcura\" class=\"animate-all\"\/><br \/>\n            <\/figure>\n<p>          <\/a><\/p><\/div>\n<p>\n          <iframe loading=\"lazy\" src=\"https:\/\/www.google.com\/maps\/embed\/v1\/place?key=AIzaSyBxuhmH-YHgR5svxHyFpaCQrXZw2iFHtYg&amp;q=Antonio Bellet 35\" width=\"600\" height=\"400\" frameborder=\"0\" style=\"border:0\" allowfullscreen=\"\"><\/iframe>\n        <\/p>\n<\/p><\/div><\/div>\n<figure id=\"attachment_157382\" style=\"width: 900px\" class=\"wp-caption alignnone\"><img decoding=\"async\" class=\"size-full wp-image-157382\" src=\"https:\/\/finde.latercera.com\/wp-content\/uploads\/2021\/10\/Kiosko-Roca-3-ok.jpg\" alt=\"\" width=\"900\" height=\"600\" srcset=\"https:\/\/finde.latercera.com\/wp-content\/uploads\/2021\/10\/Kiosko-Roca-3-ok.jpg 900w, https:\/\/finde.latercera.com\/wp-content\/uploads\/2021\/10\/Kiosko-Roca-3-ok-768x512.jpg 768w\" sizes=\"(max-width: 900px) 100vw, 900px\"\/><figcaption class=\"wp-caption-text\">Foto: Valentina Miranda Vega<\/figcaption><\/figure>\n<p>Los magall\u00e1nicos conocen bien el <strong>Kiosko Roca<\/strong>, el hist\u00f3rico native de Punta Arenas, famoso por sus <strong>s\u00e1ndwiches de chorizo<\/strong>, los que ya son parte del patrimonio gastron\u00f3mico de la ciudad.<\/p>\n<p>Aunque funciona desde 1932, reci\u00e9n se hizo conocido en el resto del pa\u00eds en 2012, cuando la escogieron como la <strong>Mejor picada de Chile<\/strong> en una votaci\u00f3n fashionable.<\/p>\n<p>Tiene fama incluso fuera de Magallanes, tanto que se abri\u00f3 en native en Santiago, en el <strong>paseo Hu\u00e9rfanos<\/strong>, que actualmente es el \u00fanico aparte del de Punta Arenas.<\/p>\n<p>Ah\u00ed puedes ir a conocer sus famosos <strong>choripanes<\/strong>, que consisten en una hallulla que se hace especialmente para el native, bien esponjosa, y rellena de una pasta de chorizo, que adem\u00e1s lleva pollo y ali\u00f1os varios, m\u00e1s mayonesa de receta casera.<\/p>\n<p>El otro cl\u00e1sico que encuentras es la <strong>leche con pl\u00e1tano<\/strong>, tambi\u00e9n elaborada ah\u00ed mismo, con las que se suele acompa\u00f1ar el s\u00e1ndwich de chorizo.<\/p>\n<p>Los puedes pedir por separado, a $ 700 el chorip\u00e1n y $ 1.100 el vaso de leche con pl\u00e1tano, pero tambi\u00e9n en promociones como la <strong>\u201cTorres del Paine\u201d ($ 2.300), que trae dos choripanes m\u00e1s la leche con pl\u00e1tano<\/strong>.<\/p>\n<figure id=\"attachment_103817\" style=\"width: 900px\" class=\"wp-caption alignnone\"><img decoding=\"async\" class=\"size-full wp-image-103817\" src=\"http:\/\/finde.latercera.com\/wp-content\/uploads\/2019\/07\/Local-99-porotos-con-mote.jpg\" alt=\"\" width=\"900\" height=\"600\" srcset=\"https:\/\/finde.latercera.com\/wp-content\/uploads\/2019\/07\/Local-99-porotos-con-mote.jpg 900w, https:\/\/finde.latercera.com\/wp-content\/uploads\/2019\/07\/Local-99-porotos-con-mote-768x512.jpg 768w\" sizes=\"(max-width: 900px) 100vw, 900px\"\/><figcaption class=\"wp-caption-text\">Foto: Valentina Miranda Vega<\/figcaption><\/figure>\n<p>La oferta para comer en <strong>La Vega<\/strong> es abundante y, por lo mismo, a veces cuestas decidirse por un native.<\/p>\n<p>Pero puedes irte a la segura en este, que no tiene nombre, salvo un \u201c99\u201d en su entrada. Eso y\u00a0m\u00e1s de <strong>10 opciones de platos, todos bien caseros, con baranda y donde ninguno supera los $ 2.000<\/strong>.<\/p>\n<p>Si te gustan las\u00a0<strong>pantrucas<\/strong>\u00a0($ 1.200), aqu\u00ed encuentras este caldo casero y contundente, hecho con huesos, pantrucas blanditas, papas y arvejas. Una delicia.<\/p>\n<p>Tambi\u00e9n unos\u00a0<strong>porotos<\/strong>\u00a0($ 1.200), que puedes pedir con mote y que vienen con trozos de <strong>patitas de chancho<\/strong>, tal cual se hacen en el sur, para darle textura al caldo y, por supuesto, sabor.<\/p>\n<div class=\"shortcode-bg shortcode-venue\">\n<div class=\"shortcode-wrapper radius-xs\">\n<div class=\"sc-data\">\n          <a target=\"_blank\" href=\"https:\/\/finde.latercera.com\/lugar\/local-99-la-vega-central\/\" class=\"img-circle img-circle-sm\" rel=\"noopener\"><\/p>\n<figure class=\"img-proportion-cover\">\n              <img decoding=\"async\" src=\"https:\/\/finde.latercera.com\/wp-content\/uploads\/2019\/07\/Local-99-ambiente-listo.jpg\" alt=\"Local 99 La Vega Central\" class=\"animate-all\"\/><br \/>\n            <\/figure>\n<p>          <\/a><\/p><\/div>\n<p>\n          <iframe loading=\"lazy\" src=\"https:\/\/www.google.com\/maps\/embed\/v1\/place?key=AIzaSyBxuhmH-YHgR5svxHyFpaCQrXZw2iFHtYg&amp;q=Artesanos 719\" width=\"600\" height=\"400\" frameborder=\"0\" style=\"border:0\" allowfullscreen=\"\"><\/iframe>\n        <\/p>\n<\/p><\/div><\/div>\n<figure id=\"attachment_155817\" style=\"width: 900px\" class=\"wp-caption alignnone\"><a target=\"_blank\" href=\"https:\/\/finde.latercera.com\/wp-content\/uploads\/2021\/09\/Pancho-Causeo-los-dos-platos-listo-.jpg\" rel=\"noopener\"><img decoding=\"async\" class=\"size-full wp-image-155817\" src=\"https:\/\/finde.latercera.com\/wp-content\/uploads\/2021\/09\/Pancho-Causeo-los-dos-platos-listo-.jpg\" alt=\"\" width=\"900\" height=\"600\" srcset=\"https:\/\/finde.latercera.com\/wp-content\/uploads\/2021\/09\/Pancho-Causeo-los-dos-platos-listo-.jpg 900w, https:\/\/finde.latercera.com\/wp-content\/uploads\/2021\/09\/Pancho-Causeo-los-dos-platos-listo--768x512.jpg 768w\" sizes=\"(max-width: 900px) 100vw, 900px\"\/><\/a><figcaption class=\"wp-caption-text\">Foto: Valentina Miranda Vega<\/figcaption><\/figure>\n<p>La\u00a0<strong>Pic\u00e1 de Pancho Causeo<\/strong> es una de las picadas en Santiago legendarias. Un native con m\u00e1s de cien a\u00f1os ubicado en la esquina de Avenida Ecuador y Toro Mazote, en el barrio Pila del Ganso, comuna de <strong>Estaci\u00f3n Central<\/strong>.<\/p>\n<p>Famosa por el <strong>arrollado<\/strong> ($ 7.500 para dos), hecho en el lugar, con pura carne de cerdo, que se deja adobar con un ali\u00f1o de comino ligeramente picante, y que puedes pedir con agregado como papas cocidas, papas mayo o ensalada.<\/p>\n<p>O la <strong>pichanga<\/strong> ($ 7.500 para dos), hecha con el mismo arrollado -o si prefieres pernil, que lleva tambi\u00e9n queso fresco, papas cocidas, aceitunas, palta y cebolla en escabeche. \u00a1Deliciosa!<\/p>\n<div class=\"shortcode-bg shortcode-venue\">\n<div class=\"shortcode-wrapper radius-xs\">\n<div class=\"sc-data\">\n          <a target=\"_blank\" href=\"https:\/\/finde.latercera.com\/lugar\/pancho-causeo\/\" class=\"img-circle img-circle-sm\" rel=\"noopener\"><\/p>\n<figure class=\"img-proportion-cover\">\n              <img decoding=\"async\" src=\"https:\/\/finde.latercera.com\/wp-content\/uploads\/2021\/09\/Pancho-Causeo-ficha-listo-.jpg\" alt=\"Pancho Causeo\" class=\"animate-all\"\/><br \/>\n            <\/figure>\n<p>          <\/a><\/p><\/div>\n<p>\n          <iframe loading=\"lazy\" src=\"https:\/\/www.google.com\/maps\/embed\/v1\/place?key=AIzaSyBxuhmH-YHgR5svxHyFpaCQrXZw2iFHtYg&amp;q=Av Ecuador 4102\" width=\"600\" height=\"400\" frameborder=\"0\" style=\"border:0\" allowfullscreen=\"\"><\/iframe>\n        <\/p>\n<\/p><\/div><\/div>\n<figure id=\"attachment_105524\" style=\"width: 900px\" class=\"wp-caption alignnone\"><img decoding=\"async\" class=\"size-full wp-image-105524\" src=\"http:\/\/finde.latercera.com\/wp-content\/uploads\/2019\/08\/Caballo-de-palo-23-ok.jpg\" alt=\"\" width=\"900\" height=\"614\" srcset=\"https:\/\/finde.latercera.com\/wp-content\/uploads\/2019\/08\/Caballo-de-palo-23-ok.jpg 900w, https:\/\/finde.latercera.com\/wp-content\/uploads\/2019\/08\/Caballo-de-palo-23-ok-768x524.jpg 768w\" sizes=\"(max-width: 900px) 100vw, 900px\"\/><figcaption class=\"wp-caption-text\">Foto: Valentina Miranda Vega<\/figcaption><\/figure>\n<p>Esta es una de las picadas en Santiago con m\u00e1s historia. Una que lleva <strong>m\u00e1s de un siglo funcionando<\/strong> y que ten\u00eda como cliente recurring a la legendaria<strong> Margot Loyola<\/strong>.<\/p>\n<p>Hablamos de El Grandioso Caballo de Palo,\u00a0un restaurante abierto por la se\u00f1ora Mar\u00eda Susana Araya hace 103 a\u00f1os, en una casona de la calle Cartagena, en plena <strong>comuna de Cerrillos<\/strong>.<\/p>\n<p>Apenas entres notar\u00e1s el calor de hogar, porque se saluda de beso y porque en las mesas para compartir hay manteles de hule. Pura memoria emotiva.<\/p>\n<p>Luego te conquista con sus preparaciones t\u00edpicas chilenas, que tienen todas el mismo precio: $ 6.000.<\/p>\n<p>Como las\u00a0<strong>lenteja<\/strong>s<strong>\u00a0con longaniza de Chill\u00e1n o chuleta<\/strong>, o la enjundiosa\u00a0<strong>cazuela\u00a0de chancho y chuchoca<\/strong>.<\/p>\n<div class=\"shortcode-bg shortcode-venue\">\n<div class=\"shortcode-wrapper radius-xs\">\n<div class=\"sc-data\">\n          <a target=\"_blank\" href=\"https:\/\/finde.latercera.com\/lugar\/grandioso-caballo-de-palo\/\" class=\"img-circle img-circle-sm\" rel=\"noopener\"><\/p>\n<figure class=\"img-proportion-cover\">\n              <img decoding=\"async\" src=\"https:\/\/finde.latercera.com\/wp-content\/uploads\/2019\/05\/Caballo-de-palo-ficha-lista.jpg\" alt=\"Grandioso Caballo de Palo\" class=\"animate-all\"\/><br \/>\n            <\/figure>\n<p>          <\/a><\/p><\/div>\n<p>\n          <iframe loading=\"lazy\" src=\"https:\/\/www.google.com\/maps\/embed\/v1\/place?key=AIzaSyBxuhmH-YHgR5svxHyFpaCQrXZw2iFHtYg&amp;q=Cartagena 4148\" width=\"600\" height=\"400\" frameborder=\"0\" style=\"border:0\" allowfullscreen=\"\"><\/iframe>\n        <\/p>\n<\/p><\/div><\/div>\n<figure id=\"attachment_106163\" style=\"width: 900px\" class=\"wp-caption alignnone\"><img decoding=\"async\" class=\"size-full wp-image-106163\" src=\"http:\/\/finde.latercera.com\/wp-content\/uploads\/2019\/08\/Palacio-del-Poroto-3.jpg\" alt=\"\" width=\"900\" height=\"600\" srcset=\"https:\/\/finde.latercera.com\/wp-content\/uploads\/2019\/08\/Palacio-del-Poroto-3.jpg 900w, https:\/\/finde.latercera.com\/wp-content\/uploads\/2019\/08\/Palacio-del-Poroto-3-768x512.jpg 768w\" sizes=\"(max-width: 900px) 100vw, 900px\"\/><figcaption class=\"wp-caption-text\">Foto: El Palacio del Poroto con Riendas<\/figcaption><\/figure>\n<p>El Palacio del Poroto con Riendas\u00a0est\u00e1 desde 1962 en Estaci\u00f3n Central y donde si bien el foco es la cocina chilena, los protagonistas indiscutido son los<strong> porotos<\/strong>.<\/p>\n<p>De hecho, los encuentras en cerca de diez versiones, que van desde los\u00a0cl\u00e1sicos <strong>porotos con rienda<\/strong> ($ 3.700), a platos como el <strong>Panchita Mundial<\/strong> ($ 7.400), unos porotos con rienda con un buen corte de lomo liso y longaniza parrillera.<\/p>\n<p>Adem\u00e1s de los Pancho villa con costillar ($ 6.600), de porotos con rienda, longaniza parrillera, costillar al horno y huevo frito. Toda una oda a este fashionable plato nacional.<\/p>\n<div class=\"shortcode-bg shortcode-venue\">\n<div class=\"shortcode-wrapper radius-xs\">\n<div class=\"sc-data\">\n          <a target=\"_blank\" href=\"https:\/\/finde.latercera.com\/lugar\/el-palacio-del-poroto-con-riendas\/\" class=\"img-circle img-circle-sm\" rel=\"noopener\"><\/p>\n<figure class=\"img-proportion-cover\">\n              <img decoding=\"async\" src=\"https:\/\/finde.latercera.com\/wp-content\/uploads\/2019\/08\/Palacio-del-poroto-OK.jpg\" alt=\"El Palacio del Poroto con Riendas\" class=\"animate-all\"\/><br \/>\n            <\/figure>\n<p>          <\/a><\/p><\/div>\n<p>\n          <iframe loading=\"lazy\" src=\"https:\/\/www.google.com\/maps\/embed\/v1\/place?key=AIzaSyBxuhmH-YHgR5svxHyFpaCQrXZw2iFHtYg&amp;q=General Amengual 494\" width=\"600\" height=\"400\" frameborder=\"0\" style=\"border:0\" allowfullscreen=\"\"><\/iframe>\n        <\/p>\n<\/p><\/div><\/div>\n<figure id=\"attachment_55630\" style=\"width: 900px\" class=\"wp-caption alignnone\"><img decoding=\"async\" class=\"size-full wp-image-55630\" src=\"http:\/\/finde.latercera.com\/wp-content\/uploads\/2018\/08\/Hasta-que-te-encontr\u00e9-mesa.jpg\" alt=\"\" width=\"900\" height=\"600\" srcset=\"https:\/\/finde.latercera.com\/wp-content\/uploads\/2018\/08\/Hasta-que-te-encontr\u00e9-mesa.jpg 900w, https:\/\/finde.latercera.com\/wp-content\/uploads\/2018\/08\/Hasta-que-te-encontr\u00e9-mesa-768x512.jpg 768w\" sizes=\"(max-width: 900px) 100vw, 900px\"\/><figcaption class=\"wp-caption-text\">Foto: Valentina Miranda Vega<\/figcaption><\/figure>\n<p>An\u00f3tese y reg\u00edstrese, que <a target=\"_blank\" href=\"https:\/\/finde.latercera.com\/lugar\/hasta-que-te-encontre-viernes-santo\/\" rel=\"noopener\">Hasta que te Encontr\u00e9<\/a>\u00a0es simplemente una picada imperdible del<strong> barrio Matta.<\/strong> No s\u00f3lo por la est\u00e9tica, que de esta\u00a0casona de calle Cuevas, que adem\u00e1s funciona como un espacio en el que arriendan objetos classic, adem\u00e1s porque su men\u00fa de almuerzo, es simplemente imbatible.<\/p>\n<p>De hecho, a cargo de este <strong>men\u00fa<\/strong> ($ 4.500), con consom\u00e9, pan con pebre, ensalada, plato de fondo y postre, est\u00e1 Juan Carlos San Mart\u00edn, el chef que trabaj\u00f3 por m\u00e1s de 20 a\u00f1os en Santo Remedio.<\/p>\n<p>Y tiene todo ese sabor casero, que puedes probar en opciones como las alb\u00f3ndigas, chuleta o <strong>pollito arvejado<\/strong> por ejemplo.<\/p>\n<p>Adem\u00e1s, <strong>todos los d\u00edas hay papas fritas<\/strong>, hechas ah\u00ed mismo, cortadas a mano, deliciosas.<\/p>\n<p>Ojo que hay que llegar temprano, funciona solo de lunes a viernes, a la hora de almuerzo y hasta que se agote.<\/p>\n<div class=\"shortcode-bg shortcode-venue\">\n<div class=\"shortcode-wrapper radius-xs\">\n<div class=\"sc-data\">\n          <a target=\"_blank\" href=\"https:\/\/finde.latercera.com\/lugar\/hasta-que-te-encontre\/\" class=\"img-circle img-circle-sm\" rel=\"noopener\"><\/p>\n<figure class=\"img-proportion-cover\">\n              <img decoding=\"async\" src=\"https:\/\/finde.latercera.com\/wp-content\/uploads\/2018\/08\/Hasta-que-te-encontr\u00e9-por-fuera.jpg\" alt=\"Hasta que te Encontr\u00e9\" class=\"animate-all\"\/><br \/>\n            <\/figure>\n<p>          <\/a><\/p><\/div>\n<p>\n          <iframe loading=\"lazy\" src=\"https:\/\/www.google.com\/maps\/embed\/v1\/place?key=AIzaSyBxuhmH-YHgR5svxHyFpaCQrXZw2iFHtYg&amp;q=Cuevas 1390-A\" width=\"600\" height=\"400\" frameborder=\"0\" style=\"border:0\" allowfullscreen=\"\"><\/iframe>\n        <\/p>\n<\/p><\/div><\/div>\n<figure id=\"attachment_145007\" style=\"width: 900px\" class=\"wp-caption alignnone\"><img decoding=\"async\" class=\"size-full wp-image-145007\" src=\"https:\/\/finde.latercera.com\/wp-content\/uploads\/2021\/02\/La-Pic\u00e1-de-Jaime-lomito-2-listo-.jpg\" alt=\"\" width=\"900\" height=\"600\" srcset=\"https:\/\/finde.latercera.com\/wp-content\/uploads\/2021\/02\/La-Pic\u00e1-de-Jaime-lomito-2-listo-.jpg 900w, https:\/\/finde.latercera.com\/wp-content\/uploads\/2021\/02\/La-Pic\u00e1-de-Jaime-lomito-2-listo--768x512.jpg 768w\" sizes=\"(max-width: 900px) 100vw, 900px\"\/><figcaption class=\"wp-caption-text\">Foto: Valentina Miranda Vega<\/figcaption><\/figure>\n<p>Lomitos en el Persa Bio B\u00edo puedes encontrar muchos, pero ninguno como los de La Pic\u00e1 de Jaime.<\/p>\n<p>Abri\u00f3 hace cerca de 20 a\u00f1os como un espacio peque\u00f1o en la <strong>esquina de Franklin con Ingeniero Obrech<\/strong>, a cargo de Jaime Rubilar Flores y su esposa, Eugenia Gonz\u00e1lez, que cuenta con una barra, adem\u00e1s de un espacio con mesas, pero donde puedes probar<strong> los mejores lomitos del barrio<\/strong>.<\/p>\n<p>Claro que en estricto rigor no se trata de lomito, sino de una <strong>pulpa de cerdo, que va completa a la plancha.<\/strong><\/p>\n<p>Es decir, mientras se cocina se van cortando jugosas lonjas, cosa de que queden doraditas por todos los lados, al tiempo que se va ali\u00f1ando a punta de agua y ajo, m\u00e1s uno que otro ingrediente secreto. Cuando est\u00e1 lista, se pasa la marraqueta por la plancha para que se impregne de ese juguito.<\/p>\n<p>Puedes pedir el<strong> lomo solo<\/strong> ($ 3.000), que viene con al menos tres jugosas lonjas de pulpa, o con tomate ($ 4.800).<\/p>\n<p>Otros imperdibles son el chacarero ($ 5.200) y el italiano ($ 5.400), con una buena cantidad de palta y tomate.<\/p>\n<div class=\"shortcode-bg shortcode-venue\">\n<div class=\"shortcode-wrapper radius-xs\">\n<div class=\"sc-data\">\n          <a target=\"_blank\" href=\"https:\/\/finde.latercera.com\/lugar\/la-pica-de-jaime\/\" class=\"img-circle img-circle-sm\" rel=\"noopener\"><\/p>\n<figure class=\"img-proportion-cover\">\n              <img decoding=\"async\" src=\"https:\/\/finde.latercera.com\/wp-content\/uploads\/2021\/02\/La-Pic\u00e1-de-Jaime-\u00e9l-2-listo-1-1.jpg\" alt=\"La Pic\u00e1 de Jaime\" class=\"animate-all\"\/><br \/>\n            <\/figure>\n<p>          <\/a><\/p><\/div>\n<p>\n          <iframe loading=\"lazy\" src=\"https:\/\/www.google.com\/maps\/embed\/v1\/place?key=AIzaSyBxuhmH-YHgR5svxHyFpaCQrXZw2iFHtYg&amp;q=Franklin 602\" width=\"600\" height=\"400\" frameborder=\"0\" style=\"border:0\" allowfullscreen=\"\"><\/iframe>\n        <\/p>\n<\/p><\/div><\/div>\n<figure id=\"attachment_158335\" style=\"width: 900px\" class=\"wp-caption alignnone\"><img decoding=\"async\" class=\"size-full wp-image-158335\" src=\"https:\/\/finde.latercera.com\/wp-content\/uploads\/2021\/11\/Mi-Bolivia-11-ok.jpg\" alt=\"\" width=\"900\" height=\"600\" srcset=\"https:\/\/finde.latercera.com\/wp-content\/uploads\/2021\/11\/Mi-Bolivia-11-ok.jpg 900w, https:\/\/finde.latercera.com\/wp-content\/uploads\/2021\/11\/Mi-Bolivia-11-ok-768x512.jpg 768w\" sizes=\"(max-width: 900px) 100vw, 900px\"\/><figcaption class=\"wp-caption-text\">Foto: Valentina Miranda Vega<\/figcaption><\/figure>\n<p>En la Av. San Pablo, a la altura del <strong>barrio Yungay<\/strong>, abundan los locales de comida peruana, desde poller\u00edas hasta sangucher\u00edas. Por eso misma raz\u00f3n llama la antenci\u00f3n <strong>Mi Bolivia<\/strong>.<\/p>\n<p>Y es que entre la generosa oferta de cebiches, pollo a la brasas y lomo saltado de este sector, se distingue esta picada que <strong>se especializa en las recetas tradicionales de los distintos departamentos de Bolivia<\/strong>,\u00a0como Cochambaba, La Paz, Santa Cruz y Tarija, por ejemplo.<\/p>\n<p>Platos que, adem\u00e1s <strong>son generosos, con baranda<\/strong>, como se comen all\u00e1 y que por lo mismo <strong>alcanzan f\u00e1cilmente para dos personas<\/strong>,\u00a0como el silpancho, que trae una sabrosa lonja delgada de carne apanada y frita, arroz, dos huevos fritos, papas hervidas y fritas y una ensalada de cebolla, tomate y piment\u00f3n cortados en cubitos.<\/p>\n<p>O el <strong>pique macho<\/strong> ($ 7.000, foto principal), una especie de chorrillana a la boliviana, con papas fritas, vacuno, chorizo, cebolla, tomate, huevo duro, rodajas de loco y una salsa especial encima que impregna los ingredientes. Alcanza para dos personas o m\u00e1s.<\/p>\n<p>Adem\u00e1s, como en toda buena picada encuentras <strong>colaci\u00f3n de almuerzo, que por $ 3.000 incluye sopa, jugo y un plato de fondo<\/strong> que puede ser milanesa o pollo apanado y frito con arroz.<\/p>\n<div class=\"shortcode-bg shortcode-venue\">\n<div class=\"shortcode-wrapper radius-xs\">\n<div class=\"sc-data\">\n          <a target=\"_blank\" href=\"https:\/\/finde.latercera.com\/lugar\/mi-bolivia\/\" class=\"img-circle img-circle-sm\" rel=\"noopener\"><\/p>\n<figure class=\"img-proportion-cover\">\n              <img decoding=\"async\" src=\"https:\/\/finde.latercera.com\/wp-content\/uploads\/2021\/11\/Mi-Bolivia-1-ok.jpg\" alt=\"Mi Bolivia\" class=\"animate-all\"\/><br \/>\n            <\/figure>\n<p>          <\/a><\/p><\/div>\n<p>\n          <iframe loading=\"lazy\" src=\"https:\/\/www.google.com\/maps\/embed\/v1\/place?key=AIzaSyBxuhmH-YHgR5svxHyFpaCQrXZw2iFHtYg&amp;q=Av. San Pablo 2880\" width=\"600\" height=\"400\" frameborder=\"0\" style=\"border:0\" allowfullscreen=\"\"><\/iframe>\n        <\/p>\n<\/p><\/div><\/div><\/div>\n<p><script>\n!function(f,b,e,v,n,t,s)\n{if(f.fbq)return;n=f.fbq=function(){n.callMethod?\nn.callMethod.apply(n,arguments):n.queue.push(arguments)};\nif(!f._fbq)f._fbq=n;n.push=n;n.loaded=!0;n.version='2.0';\nn.queue=[];t=b.createElement(e);t.async=!0;\nt.src=v;s=b.getElementsByTagName(e)[0];\ns.parentNode.insertBefore(t,s)}(window, document,'script',\n'https:\/\/connect.facebook.net\/en_US\/fbevents.js');\nfbq('init', '337244956761913');\nfbq('track', 'PageView');\n<\/script><script>(function(d, s, id) {\n    var js, fjs = d.getElementsByTagName(s)[0];\n    if (d.getElementById(id)) return;\n    js = d.createElement(s); js.id = id;\n    js.src = \"\/\/connect.facebook.net\/es_LA\/sdk.js#xfbml=1&version=v2.8\";\n    fjs.parentNode.insertBefore(js, fjs);\n    }(document, 'script', 'facebook-jssdk'));\n  <\/script><br \/>\n<br \/><\/p>\n<p><em> \u2018 The preceding article may include information circulated by third parties \u2019 <\/em><\/p>\n<p><em> \u2018 Some details of this article were extracted from the following source finde.latercera.com \u2019 <\/em><\/p>\n","protected":false},"excerpt":{"rendered":"<p>Picadas en Santiago hay muchas, pero a algunas dan ganas ganas de volver una y otra vez. Son las que re\u00fanen las 3B, esas en donde el \u00fanico lujo est\u00e1 en unos platos abundantes, caseros,\u00a0que humean cari\u00f1o y que puedes disfrutar por poca plata. \u00bfEso es lo que andas buscando? Si es as\u00ed, esta gu\u00eda [&hellip;]<\/p>\n","protected":false},"author":2,"featured_media":233941,"comment_status":"open","ping_status":"closed","sticky":false,"template":"","format":"standard","meta":{"om_disable_all_campaigns":false,"jnews-multi-image_gallery":[],"jnews_single_post":[],"jnews_primary_category":[],"jnews_social_meta":[],"footnotes":""},"categories":[43],"tags":[],"class_list":["post-233940","post","type-post","status-publish","format-standard","has-post-thumbnail","hentry","category-gourmet"],"_links":{"self":[{"href":"https:\/\/dimensionturistica.com\/es\/wp-json\/wp\/v2\/posts\/233940","targetHints":{"allow":["GET"]}}],"collection":[{"href":"https:\/\/dimensionturistica.com\/es\/wp-json\/wp\/v2\/posts"}],"about":[{"href":"https:\/\/dimensionturistica.com\/es\/wp-json\/wp\/v2\/types\/post"}],"author":[{"embeddable":true,"href":"https:\/\/dimensionturistica.com\/es\/wp-json\/wp\/v2\/users\/2"}],"replies":[{"embeddable":true,"href":"https:\/\/dimensionturistica.com\/es\/wp-json\/wp\/v2\/comments?post=233940"}],"version-history":[{"count":0,"href":"https:\/\/dimensionturistica.com\/es\/wp-json\/wp\/v2\/posts\/233940\/revisions"}],"wp:featuredmedia":[{"embeddable":true,"href":"https:\/\/dimensionturistica.com\/es\/wp-json\/wp\/v2\/media\/233941"}],"wp:attachment":[{"href":"https:\/\/dimensionturistica.com\/es\/wp-json\/wp\/v2\/media?parent=233940"}],"wp:term":[{"taxonomy":"category","embeddable":true,"href":"https:\/\/dimensionturistica.com\/es\/wp-json\/wp\/v2\/categories?post=233940"},{"taxonomy":"post_tag","embeddable":true,"href":"https:\/\/dimensionturistica.com\/es\/wp-json\/wp\/v2\/tags?post=233940"}],"curies":[{"name":"wp","href":"https:\/\/api.w.org\/{rel}","templated":true}]}}