{"id":233738,"date":"2021-11-26T20:44:09","date_gmt":"2021-11-26T20:44:09","guid":{"rendered":"https:\/\/dimensionturistica.com\/es\/?p=233738"},"modified":"2021-11-26T20:44:10","modified_gmt":"2021-11-26T20:44:10","slug":"costa-blanca-lleva-hasta-aragon-la-oferta-de-alicante-para-atraer-y-deslocalizar-el-turismo","status":"publish","type":"post","link":"https:\/\/dimensionturistica.com\/es\/costa-blanca-lleva-hasta-aragon-la-oferta-de-alicante-para-atraer-y-deslocalizar-el-turismo\/","title":{"rendered":"Costa Blanca lleva hasta Arag\u00f3n la oferta de Alicante para atraer y deslocalizar el turismo"},"content":{"rendered":"<p> <br \/>\n<\/p>\n<div id=\"article-body-content\" data-action=\"toggle\" data-status=\"on\">\n<section class=\"rel-news\" data-mrf-recirculation=\"noticias-relacionadas-noticia\">\n<h4>Noticias relacionadas<\/h4>\n<\/section>\n<p id=\"paragraph_1\">El <strong>Patronato Provincial de Turism<\/strong>o se ha desplazadao este fin de semana hasta Arag\u00f3n para asistir a la<strong> feria ARATUR<\/strong>, donde mostrar\u00e1 a los aragoneses la gran <strong>oferta de la Costa Blanca<\/strong> tanto para periodos vacacionales como de fin de semana. El director del organismo aut\u00f3nomo de la Diputaci\u00f3n de Alicante, <strong>Jos\u00e9 Mancebo<\/strong>, ha explicado que el objetivo es &#8220;<strong>atraer al turista de cercan\u00eda<\/strong> y de <strong>seguir potenciando nuestra provincia<\/strong> como uno de los destinos nacionales m\u00e1s id\u00f3neos para escapadas durante todo el a\u00f1o\u201d.<\/p>\n<p id=\"paragraph_2\">Costa Blanca, que contar\u00e1 con un mostrador dentro del estand de Comunitat Valenciana, dispondr\u00e1 de materials espec\u00edfico con la<strong> oferta gastron\u00f3mica, cultural, deportiva, de ocio y de sol y playa de los 141 municipios alicantinos<\/strong>. Este a\u00f1o, como novedad, el Patronato Provincial habilitar\u00e1 una zona para llevar a cabo demostraciones culinarias en directo con las que pondr\u00e1 en valor la cocina de la provincia. En esa misma zona se repartir\u00e1n raciones entre los visitantes al certamen.<\/p>\n<p id=\"paragraph_3\">Mancebo ha explicado que el mercado aragon\u00e9s &#8220;supone <strong>un nicho importante de visitantes a la Costa Blanca<\/strong> por su cercan\u00eda, un hecho que propicia que llevemos a cabo estrategias de promoci\u00f3n de nuestro destino para <strong>incentivar la llegada de aragoneses<\/strong> a la provincia&#8221;.<\/p>\n<p id=\"paragraph_4\">&#8220;Sabemos que el principal motivo de los desplazamientos de aragoneses a nuestros municipios es el<strong> disfrute del mar<\/strong>, lo que implica <strong>una fuerte estacionalidad de sus viajes<\/strong>, que se concentran especialmente en los <strong>meses de verano,<\/strong> por tanto, nuestro plan de acci\u00f3n se focaliza en ofrecerles propuestas complementarias al sol y playa que puedan disfrutar durante todo el a\u00f1o&#8221;, ha indicado el director del Patronato.<\/p>\n<p id=\"paragraph_5\">ARATUR, que se celebra desde hoy y <strong>hasta el domingo 28 de noviembre en el Palacio de Congresos de Zaragoza<\/strong>, constituye una plataforma de primer nivel para el turismo aragon\u00e9s y un escaparate para promocionar el resto de los destinos nacionales. Esta feria se dirige al<strong> p\u00fablico closing<\/strong>, lo que supone ofrecer directamente al <strong>consumidor paquetes<\/strong> de viajes y propuestas tur\u00edsticas.<\/p>\n<p id=\"paragraph_6\">Como actividad complementaria y previa a la feria y por primera vez, el Patronato Costa Blanca<strong> particip\u00f3 anoche en un workshop<\/strong> celebrado en Puerta Cinegia Gastron\u00f3mica Mercado de la capital aragonesa, que tambi\u00e9n cont\u00f3 con la<strong> implicaci\u00f3n de Turisme Comunitat Valenciana<\/strong>. All\u00ed el director del organismo Jos\u00e9 Mancebo mantuvo diversas reuniones de trabajo con agentes de viaje de Arag\u00f3n, al tiempo que <strong>present\u00f3 el destino Costa Blanca<\/strong>.<\/p>\n<p id=\"paragraph_7\">Posteriormente, el organismo de la Diputaci\u00f3n desarroll\u00f3 una <strong>degustaci\u00f3n de cocteler\u00eda<\/strong>, elaborada con bebidas y productos alicantinos a cargo del coctelero <strong>I\u00f1aki Jim\u00e9nez de Mandala<\/strong>. Con la finalidad de informar a los asistentes de los procesos de elaboraci\u00f3n e ingredientes de los c\u00f3cteles, Javier Galdeano, presidente de ALROA, asisti\u00f3 al evento para detallar cada uno de los pasos.<\/p>\n<p><include onerror=\"continue\" src=\"https:\/\/www.elespanol.com\/eemodules\/ESPTagListContentsHTMLMO\/mo.html?p=W10&amp;h=0b72\"\/><\/p>\n<h3 class=\"follow-topics-title\"><span class=\"follow-topics-title__icon\"\/>Sigue los temas que te interesan<\/h3>\n<\/p><\/div>\n\n<p><em> &#8221; Fuentes www.elespanol.com &#8221; <\/em><\/p>\n","protected":false},"excerpt":{"rendered":"<p>Noticias relacionadas El Patronato Provincial de Turismo se ha desplazadao este fin de semana hasta Arag\u00f3n para asistir a la feria ARATUR, donde mostrar\u00e1 a los aragoneses la gran oferta de la Costa Blanca tanto para periodos vacacionales como de fin de semana. El director del organismo aut\u00f3nomo de la Diputaci\u00f3n de Alicante, Jos\u00e9 Mancebo, [&hellip;]<\/p>\n","protected":false},"author":4,"featured_media":233739,"comment_status":"open","ping_status":"closed","sticky":false,"template":"","format":"standard","meta":{"om_disable_all_campaigns":false,"jnews-multi-image_gallery":[],"jnews_single_post":[],"jnews_primary_category":[],"jnews_social_meta":[],"footnotes":""},"categories":[40],"tags":[19663,6328,3005,544,3783],"class_list":["post-233738","post","type-post","status-publish","format-standard","has-post-thumbnail","hentry","category-industria","tag-alicante-provincia","tag-aragon","tag-comunidad-valenciana","tag-turismo","tag-zaragoza"],"_links":{"self":[{"href":"https:\/\/dimensionturistica.com\/es\/wp-json\/wp\/v2\/posts\/233738","targetHints":{"allow":["GET"]}}],"collection":[{"href":"https:\/\/dimensionturistica.com\/es\/wp-json\/wp\/v2\/posts"}],"about":[{"href":"https:\/\/dimensionturistica.com\/es\/wp-json\/wp\/v2\/types\/post"}],"author":[{"embeddable":true,"href":"https:\/\/dimensionturistica.com\/es\/wp-json\/wp\/v2\/users\/4"}],"replies":[{"embeddable":true,"href":"https:\/\/dimensionturistica.com\/es\/wp-json\/wp\/v2\/comments?post=233738"}],"version-history":[{"count":0,"href":"https:\/\/dimensionturistica.com\/es\/wp-json\/wp\/v2\/posts\/233738\/revisions"}],"wp:featuredmedia":[{"embeddable":true,"href":"https:\/\/dimensionturistica.com\/es\/wp-json\/wp\/v2\/media\/233739"}],"wp:attachment":[{"href":"https:\/\/dimensionturistica.com\/es\/wp-json\/wp\/v2\/media?parent=233738"}],"wp:term":[{"taxonomy":"category","embeddable":true,"href":"https:\/\/dimensionturistica.com\/es\/wp-json\/wp\/v2\/categories?post=233738"},{"taxonomy":"post_tag","embeddable":true,"href":"https:\/\/dimensionturistica.com\/es\/wp-json\/wp\/v2\/tags?post=233738"}],"curies":[{"name":"wp","href":"https:\/\/api.w.org\/{rel}","templated":true}]}}