{"id":233679,"date":"2021-11-26T19:37:09","date_gmt":"2021-11-26T19:37:09","guid":{"rendered":"https:\/\/dimensionturistica.com\/es\/?p=233679"},"modified":"2021-11-26T19:37:09","modified_gmt":"2021-11-26T19:37:09","slug":"denuncian-represion-de-la-policia-contra-trabajadores-de-salva-foods-en-vargas","status":"publish","type":"post","link":"https:\/\/dimensionturistica.com\/es\/denuncian-represion-de-la-policia-contra-trabajadores-de-salva-foods-en-vargas\/","title":{"rendered":"Denuncian represi\u00f3n de la polic\u00eda contra trabajadores de Salva Foods en Vargas"},"content":{"rendered":"<p> <br \/>\n<\/p>\n<div>\n<p>La Polic\u00eda del estado Vargas (La Guaira) reprimi\u00f3 este viernes 26 de noviembre una protesta que protagonizaron los trabajadores de la empresa Salva Meals, empresa vinculada al empresario colombiano preso en EE.UU. Alex Saab, por exigir sus reivindicaciones salariales.<\/p>\n<p>Los trabajadores reclaman el pago de al menos cuatro meses de salario.<\/p>\n<p>A trav\u00e9s de las redes sociales se conoci\u00f3 que la protesta de los trabajadores de Salva Meals se llev\u00f3 a cabo cerca de las 10:00 am. Seg\u00fan un periodista de <span style=\"color: #000000; background-color: #fcc103;\"><strong><a target=\"_blank\" style=\"color: #000000; background-color: #fcc103;\" href=\"https:\/\/twitter.com\/PitazoVargas\/status\/1464240978252943365?s=20\" rel=\"noopener noreferrer\">La Verdad de Vargas<\/a><\/strong><\/span>, el despliegue de uniformados fue \u201cbastante significativo\u201d y dijo que los efectivos evitaban el bloqueo vehicular de las gandolas que transportan alimentos.<\/p>\n<p>\u201cAqu\u00ed lo que se est\u00e1 viviendo pr\u00e1cticamente es que no hay DD HH. No nos quieren atender, nos dejan sin respuesta. Nos golpearon y lanzaron un tiro al aire\u201d, advirti\u00f3 Gregory Aldana, empleado de la empresa que viene de Carayaca.<\/p>\n<blockquote class=\"twitter-tweet\">\n<p dir=\"ltr\" lang=\"es\">Arremeten contra trabadores de Salva Meals <a target=\"_blank\" href=\"https:\/\/t.co\/MF8F3Ddi9H\" rel=\"noopener\">pic.twitter.com\/MF8F3Ddi9H<\/a><\/p>\n<p>\u2014 PITAZOVARGAS (@PitazoVargas) <a target=\"_blank\" href=\"https:\/\/twitter.com\/PitazoVargas\/status\/1464240978252943365?ref_src=twsrc%5Etfw\" rel=\"noopener\">November 26, 2021<\/a><\/p>\n<\/blockquote>\n<p>Alexander Rada, otro empleado de Salva Meals, dijo que estaban haciendo una protesta pac\u00edfica porque \u201chemos agotado todos los recursos legalmente en todas las instancias para saber de la problem\u00e1tica de nosotros\u201d. Y por eso acudieron a la manifestaci\u00f3n para esperar respuesta por parte de los representantes legales de la compa\u00f1\u00eda.<\/p>\n<p>Mientras, Ulises Silva hizo un llamado a aquellos que no se presentaron para que se unan a la lucha por sus reivindicaciones salariales. Otro, identificado en sus redes sociales como <span style=\"color: #000000; background-color: #fcc103;\"><strong><a target=\"_blank\" style=\"color: #000000; background-color: #fcc103;\" href=\"https:\/\/twitter.com\/chequemen1\/status\/1464268666892177412?s=20\" rel=\"noopener noreferrer\">@chequemen1<\/a><\/strong><\/span>, pide la intervenci\u00f3n del ministro de Industrias, Jorge Arreaza, para que puedan darle respuesta a lo que ocurre.<\/p>\n<blockquote class=\"twitter-tweet\">\n<p dir=\"ltr\" lang=\"es\">&#x1f4f9; \u00abEstamos en pie de lucha por nuestro trabajo y por nuestro pago que nos deben, seguiremos en pie hasta que nos paguen\u00bb: Aseguran trabajadores de <a target=\"_blank\" href=\"https:\/\/twitter.com\/hashtag\/SalvaFoods?src=hash&amp;ref_src=twsrc%5Etfw\" rel=\"noopener\">#SalvaFoods<\/a> en <a target=\"_blank\" href=\"https:\/\/twitter.com\/hashtag\/Vargas?src=hash&amp;ref_src=twsrc%5Etfw\" rel=\"noopener\">#Vargas<\/a>. Video de <a target=\"_blank\" href=\"https:\/\/twitter.com\/LaVerdadVargas?ref_src=twsrc%5Etfw\" rel=\"noopener\">@LaVerdadVargas<\/a>. <a target=\"_blank\" href=\"https:\/\/t.co\/OFaqh5iHfu\" rel=\"noopener\">pic.twitter.com\/OFaqh5iHfu<\/a><\/p>\n<p>\u2014 Servicio de Informaci\u00f3n P\u00fablica (@infopublicave) <a target=\"_blank\" href=\"https:\/\/twitter.com\/infopublicave\/status\/1464270681449848834?ref_src=twsrc%5Etfw\" rel=\"noopener\">November 26, 2021<\/a><\/p>\n<\/blockquote>\n<p>Esta no es la primera protesta que llevan a cabo los trabajadores de Salva Meals. El 20 de septiembre de 2021 al menos 200 trabajadores de esa empresa manifestaron por los pagos adeudados desde hace dos meses por la compa\u00f1\u00eda, adem\u00e1s de las deplorables condiciones en las que reciben beneficios laborales como bolsas de comida.<\/p>\n<p>Salva Meals pertenece a un conglomerado de empresas vinculadas al colombiano Alex Saab, actualmente preso en EE.UU. por presunto blanqueo de capitales. En febrero de este a\u00f1o, los trabajadores tambi\u00e9n denunciaron ser obligados a protestas para exigir su liberaci\u00f3n.<\/p>\n<\/div>\n<p><script async src=\"\/\/platform.twitter.com\/widgets.js\" charset=\"utf-8\"><\/script><br \/>\n<br \/><\/p>\n<p><em> \u2018 The preceding article may include information circulated by third parties \u2019 <\/em><\/p>\n<p><em> \u2018 Some details of this article were extracted from the following source www.correodelcaroni.com \u2019 <\/em><\/p>\n","protected":false},"excerpt":{"rendered":"<p>La Polic\u00eda del estado Vargas (La Guaira) reprimi\u00f3 este viernes 26 de noviembre una protesta que protagonizaron los trabajadores de la empresa Salva Meals, empresa vinculada al empresario colombiano preso en EE.UU. Alex Saab, por exigir sus reivindicaciones salariales. Los trabajadores reclaman el pago de al menos cuatro meses de salario. A trav\u00e9s de las [&hellip;]<\/p>\n","protected":false},"author":2,"featured_media":233680,"comment_status":"open","ping_status":"closed","sticky":false,"template":"","format":"standard","meta":{"om_disable_all_campaigns":false,"jnews-multi-image_gallery":[],"jnews_single_post":[],"jnews_primary_category":[],"jnews_social_meta":[],"footnotes":""},"categories":[43],"tags":[],"class_list":["post-233679","post","type-post","status-publish","format-standard","has-post-thumbnail","hentry","category-gourmet"],"_links":{"self":[{"href":"https:\/\/dimensionturistica.com\/es\/wp-json\/wp\/v2\/posts\/233679","targetHints":{"allow":["GET"]}}],"collection":[{"href":"https:\/\/dimensionturistica.com\/es\/wp-json\/wp\/v2\/posts"}],"about":[{"href":"https:\/\/dimensionturistica.com\/es\/wp-json\/wp\/v2\/types\/post"}],"author":[{"embeddable":true,"href":"https:\/\/dimensionturistica.com\/es\/wp-json\/wp\/v2\/users\/2"}],"replies":[{"embeddable":true,"href":"https:\/\/dimensionturistica.com\/es\/wp-json\/wp\/v2\/comments?post=233679"}],"version-history":[{"count":0,"href":"https:\/\/dimensionturistica.com\/es\/wp-json\/wp\/v2\/posts\/233679\/revisions"}],"wp:featuredmedia":[{"embeddable":true,"href":"https:\/\/dimensionturistica.com\/es\/wp-json\/wp\/v2\/media\/233680"}],"wp:attachment":[{"href":"https:\/\/dimensionturistica.com\/es\/wp-json\/wp\/v2\/media?parent=233679"}],"wp:term":[{"taxonomy":"category","embeddable":true,"href":"https:\/\/dimensionturistica.com\/es\/wp-json\/wp\/v2\/categories?post=233679"},{"taxonomy":"post_tag","embeddable":true,"href":"https:\/\/dimensionturistica.com\/es\/wp-json\/wp\/v2\/tags?post=233679"}],"curies":[{"name":"wp","href":"https:\/\/api.w.org\/{rel}","templated":true}]}}