{"id":233560,"date":"2021-11-26T16:37:32","date_gmt":"2021-11-26T16:37:32","guid":{"rendered":"https:\/\/dimensionturistica.com\/es\/?p=233560"},"modified":"2021-11-26T16:37:32","modified_gmt":"2021-11-26T16:37:32","slug":"los-nuevos-restaurantes-que-abrieron-en-santiago","status":"publish","type":"post","link":"https:\/\/dimensionturistica.com\/es\/los-nuevos-restaurantes-que-abrieron-en-santiago\/","title":{"rendered":"Los nuevos restaurantes que abrieron en Santiago"},"content":{"rendered":"<p> <br \/>\n<\/p>\n<div>\n<figure id=\"attachment_158422\" style=\"width: 900px\" class=\"wp-caption alignnone\"><img decoding=\"async\" class=\"size-full wp-image-158422\" src=\"https:\/\/finde.latercera.com\/wp-content\/uploads\/2021\/11\/El-Chancho-con-chaleco-chancho-listo-.jpg\" alt=\"\" width=\"900\" height=\"600\" srcset=\"https:\/\/finde.latercera.com\/wp-content\/uploads\/2021\/11\/El-Chancho-con-chaleco-chancho-listo-.jpg 900w, https:\/\/finde.latercera.com\/wp-content\/uploads\/2021\/11\/El-Chancho-con-chaleco-chancho-listo--768x512.jpg 768w\" sizes=\"(max-width: 900px) 100vw, 900px\"\/><figcaption class=\"wp-caption-text\">Foto: Valentina Miranda Vega<\/figcaption><\/figure>\n<p>Es cierto, el Chancho con Chaleco no es uno los nuevos restaurantes de la ciudad. Por el contrario, es un cl\u00e1sico que <strong>estuvo por m\u00e1s de 100 a\u00f1os en Maip\u00fa<\/strong>, pero que ahora tiene una nueva ubicaci\u00f3n,\u00a0en Av. Rancagua, a pasos de barrio Italia.<\/p>\n<p>Este native es m\u00e1s peque\u00f1o, tiene terraza y aunque ah\u00ed no se puede bailar,<strong> la estrella sigue siendo el chancho<\/strong>, en versiones como <strong>arrollado, pernil o costillar<\/strong> por ejemplo, que se hacen siguiendo la receta de Procesa Gonz\u00e1lez Aguilar, m\u00e1s conocida como la \u201cSra. Pochita\u201d, la matriarca de la familia. La misma que hered\u00f3 el native de su padre, cuando period s\u00f3lo una chancher\u00eda.<\/p>\n<p>Si vas a conocerlo parte con la <strong>pichanga de barrio<\/strong> ($ 7.800), una maravilla con arrollado, cebollita perla, queso chanco, aceitunas, encurtidos y aj\u00ed verde; o un causeo de patita de cerdo ($ 4.900) \u00a1Imposible m\u00e1s chileno!<\/p>\n<p>Adem\u00e1s, llegar\u00e1n acompa\u00f1ados de dobladitas con mantequilla y cebolla en escabeche. Very best para compartir y acompa\u00f1ar de una <strong>jarra de borgo\u00f1a<\/strong> ($ 8.700) o de una jarra de sangr\u00eda ($ 9.300).<\/p>\n<div class=\"shortcode-bg shortcode-venue\">\n<div class=\"shortcode-wrapper radius-xs\">\n<div class=\"sc-data\">\n          <a target=\"_blank\" href=\"https:\/\/finde.latercera.com\/lugar\/el-chancho-con-chaleco-barrio-italia\/\" class=\"img-circle img-circle-sm\" rel=\"noopener\"><\/p>\n<figure class=\"img-proportion-cover\">\n              <img decoding=\"async\" src=\"https:\/\/finde.latercera.com\/wp-content\/uploads\/2021\/11\/El-Chancho-con-chaleco-ficha-listo-.jpg\" alt=\"El Chancho con Chaleco Barrio Italia\" class=\"animate-all\"\/><br \/>\n            <\/figure>\n<p>          <\/a><\/p><\/div>\n<p>\n          <iframe loading=\"lazy\" src=\"https:\/\/www.google.com\/maps\/embed\/v1\/place?key=AIzaSyBxuhmH-YHgR5svxHyFpaCQrXZw2iFHtYg&amp;q=Av Rancagua 0438\" width=\"600\" height=\"400\" frameborder=\"0\" style=\"border:0\" allowfullscreen=\"\"><\/iframe>\n        <\/p>\n<\/p><\/div><\/div>\n<figure id=\"attachment_156118\" style=\"width: 900px\" class=\"wp-caption alignnone\"><img decoding=\"async\" class=\"size-full wp-image-156118\" src=\"https:\/\/finde.latercera.com\/wp-content\/uploads\/2021\/09\/veneno-negro-churros-listo-.jpg\" alt=\"\" width=\"900\" height=\"900\" srcset=\"https:\/\/finde.latercera.com\/wp-content\/uploads\/2021\/09\/veneno-negro-churros-listo-.jpg 900w, https:\/\/finde.latercera.com\/wp-content\/uploads\/2021\/09\/veneno-negro-churros-listo--768x768.jpg 768w, https:\/\/finde.latercera.com\/wp-content\/uploads\/2021\/09\/veneno-negro-churros-listo--180x180.jpg 180w\" sizes=\"(max-width: 900px) 100vw, 900px\"\/><figcaption class=\"wp-caption-text\">Foto: Veneno Negro<\/figcaption><\/figure>\n<p>De seguro te suena su nombre si eres asiduos a pasear por el Persa Bio B\u00edo y a probar sus cociner\u00edas y picadas. Eso porque Veneno Negro parti\u00f3 hace un par de a\u00f1os con una combi que funcionaba dentro de un galp\u00f3n de calle V\u00edctor Manuel, entre Placer y Bio B\u00edo.<\/p>\n<p>Native que cerr\u00f3 para trasladarse a uno nuevo, en una casona con terraza ubicada en<strong> Av. Santa Isabel, casi en la esquina de Julio Prado, en barrio Italia<\/strong>.<\/p>\n<p>Se trata de un lugar peque\u00f1o, relajado, a cargo de Javier Miranda, Caro Miranda y Pablo Fuentes, quienes llevan a hasta nueva ubicaci\u00f3n<strong> su cocina bien creativa y de temporada<\/strong>.<\/p>\n<p>Una donde siempre encontrar\u00e1s<strong> tres opciones de entradas<\/strong>,\u00a0como los churros de pescado ahumado ($ 5.000), que son literalmente churros que vienen con una espuma de salsa a la huanca\u00edna para untar, adem\u00e1s de <strong>tres de fondo<\/strong>.<\/p>\n<p>Entre estos \u00faltimos est\u00e1 el\u00a0<strong>pescado burger y pl\u00e1tano frito<\/strong> ($ 6.500), pescado fresco sopleteado, en pan de papa, pebre de pi\u00f1a asada, kimchi de pepino, mayo de lim\u00f3n jengibre, hojas verdes y pl\u00e1tano frito.<\/p>\n<div class=\"shortcode-bg shortcode-venue\">\n<div class=\"shortcode-wrapper radius-xs\">\n<div class=\"sc-data\">\n          <a target=\"_blank\" href=\"https:\/\/finde.latercera.com\/lugar\/veneno-negro-barrio-italia\/\" class=\"img-circle img-circle-sm\" rel=\"noopener\"><\/p>\n<figure class=\"img-proportion-cover\">\n              <img decoding=\"async\" src=\"https:\/\/finde.latercera.com\/wp-content\/uploads\/2021\/09\/veneno-negro-ficha-listo-.jpg\" alt=\"Veneno Negro Barrio Italia\" class=\"animate-all\"\/><br \/>\n            <\/figure>\n<p>          <\/a><\/p><\/div>\n<p>\n          <iframe loading=\"lazy\" src=\"https:\/\/www.google.com\/maps\/embed\/v1\/place?key=AIzaSyBxuhmH-YHgR5svxHyFpaCQrXZw2iFHtYg&amp;q=Santa Isabel 744\" width=\"600\" height=\"400\" frameborder=\"0\" style=\"border:0\" allowfullscreen=\"\"><\/iframe>\n        <\/p>\n<\/p><\/div><\/div>\n<figure id=\"attachment_153275\" style=\"width: 900px\" class=\"wp-caption alignnone\"><img decoding=\"async\" class=\"size-full wp-image-153275\" src=\"https:\/\/finde.latercera.com\/wp-content\/uploads\/2021\/08\/Demencia-entrada-listo-listo-.jpg\" alt=\"\" width=\"900\" height=\"600\" srcset=\"https:\/\/finde.latercera.com\/wp-content\/uploads\/2021\/08\/Demencia-entrada-listo-listo-.jpg 900w, https:\/\/finde.latercera.com\/wp-content\/uploads\/2021\/08\/Demencia-entrada-listo-listo--768x512.jpg 768w\" sizes=\"(max-width: 900px) 100vw, 900px\"\/><figcaption class=\"wp-caption-text\">Foto: Valentina Miranda Vega<\/figcaption><\/figure>\n<p>Una de las aperturas m\u00e1s esperadas de este pand\u00e9mico a\u00f1os se llama <strong>Demencia<\/strong> y tiene el sello del <strong>premiado chef Benjam\u00edn Nast<\/strong>.<\/p>\n<p>Una apuesta a medio camino entre DePatio y DeCalle, sus dos conocidos restaurantes, donde se que <strong>luce esa mezcla de t\u00e9cnica y creatividad propia de este chef<\/strong>.<\/p>\n<p>Ah\u00ed te encontrar\u00e1s con <strong>una gran terraza con una barra<\/strong>, un cartel de ne\u00f3n con el nombre y road artwork con im\u00e1genes asi\u00e1ticas en las paredes.<\/p>\n<p>Un entorno perfecto para probar <strong>su cocina rica y creativa, incluso con algunos hits de DePatio<\/strong>, como los esp\u00e1rragos con menta ($ 7.000), que vienen con una salsa holandesa, de verduritas, huacatay y or\u00e9gano.<\/p>\n<p>O los prensaditos de papada de cerdo ($ 7.000), que son dos sanguchitos de pan brioche rellenos de esta sabrosa papada, m\u00e1s repollo fermentado y lactonesa al merk\u00e9n.<\/p>\n<p>Ideales para acompa\u00f1ar de alguno de los <strong>cocteles de autor<\/strong> a cargo del bartender Fabian Reyes, como desvar\u00edo ($ 7.000), con gin, syrup de violeta, lim\u00f3n, t\u00f3nica y angostura de cacao; o Disparate ($ 7.000), con pisco, syrup de mate, pomelo y soda.<\/p>\n<div class=\"shortcode-bg shortcode-venue\">\n<div class=\"shortcode-wrapper radius-xs\">\n<div class=\"sc-data\">\n          <a target=\"_blank\" href=\"https:\/\/finde.latercera.com\/lugar\/demencia-restobar\/\" class=\"img-circle img-circle-sm\" rel=\"noopener\"><\/p>\n<figure class=\"img-proportion-cover\">\n              <img decoding=\"async\" src=\"https:\/\/finde.latercera.com\/wp-content\/uploads\/2021\/08\/Demencia-ficha-listo-.jpg\" alt=\"Demencia Restobar\" class=\"animate-all\"\/><br \/>\n            <\/figure>\n<p>          <\/a><\/p><\/div>\n<p>\n          <iframe loading=\"lazy\" src=\"https:\/\/www.google.com\/maps\/embed\/v1\/place?key=AIzaSyBxuhmH-YHgR5svxHyFpaCQrXZw2iFHtYg&amp;q=Av Vitacura 3520\" width=\"600\" height=\"400\" frameborder=\"0\" style=\"border:0\" allowfullscreen=\"\"><\/iframe>\n        <\/p>\n<\/p><\/div><\/div>\n<figure id=\"attachment_156592\" style=\"width: 900px\" class=\"wp-caption alignnone\"><img decoding=\"async\" class=\"size-full wp-image-156592\" src=\"https:\/\/finde.latercera.com\/wp-content\/uploads\/2021\/10\/Willimapu-8-ok.jpg\" alt=\"\" width=\"900\" height=\"600\" srcset=\"https:\/\/finde.latercera.com\/wp-content\/uploads\/2021\/10\/Willimapu-8-ok.jpg 900w, https:\/\/finde.latercera.com\/wp-content\/uploads\/2021\/10\/Willimapu-8-ok-768x512.jpg 768w\" sizes=\"(max-width: 900px) 100vw, 900px\"\/><figcaption class=\"wp-caption-text\">Foto: Valentina Miranda Vega<\/figcaption><\/figure>\n<p>Hay varias novedades sabrosas en el Persa Bio B\u00edo, entre ellas est\u00e1 que se instal\u00f3 en los locales 8 y 9 del Galp\u00f3n 6 del <strong>Persa V\u00edctor Manuel<\/strong> y al que puedes entras por el acceso de calle Placer.<\/p>\n<p>Ah\u00ed, los s\u00e1bados, domingos y festivos, <strong>Mar\u00eda Ang\u00e9lica Quintul<\/strong> cocina junto a sus hijos, los sabores de su tierra: la Isla Tenglo y La Vara, en la Regi\u00f3n de Los Lagos.<\/p>\n<p>Es decir, <strong>cocina huilliche<\/strong>, de los mapuches m\u00e1s australes, en la que solo usa productos de cooperativas y comunidades, como <strong>huevos de gallina collonca<\/strong>, que puedes probar revueltos a partir de las 10 AM, la hora del desayuno, con sopaipillas, empanadas de manzana o kuchenes de murta, por ejemplo.<\/p>\n<p>A la hora de almuerzo uno de los imperdibles, <strong>el pulmay<\/strong> ($ 10.000), la versi\u00f3n en olla del curanto -kurantu en mapudungun, que significa pedregal- y lleva mariscos surtidos, como cholgas y choritos, pollo, costillar ahumado en le\u00f1a de ulmo y longaniza.<\/p>\n<p>Tambi\u00e9n incluye <strong>milcao<\/strong>, la mezcla de papa cocida y cruda rallada, que se hace con manteca y chincharrones, junto con chapalele hechos con harina, papa y rellenos con queso mantecoso, m\u00e1s un ali\u00f1o de ajo chilote y vino. Todo cocinado bajo hojas de pangue, nalca.<\/p>\n<p>Otra opci\u00f3n es el\u00a0<strong>cordero asado al horno<\/strong> ($ 8.990), de libre pastoreo, con el acompa\u00f1amiento que elijas, que pueden ser papas con luche o cremoso de mote. Y pide el\u00a0<strong>pisco bitter<\/strong> ($ 4.000), con murta, maqui o calafate.<\/p>\n<div class=\"shortcode-bg shortcode-venue\">\n<div class=\"shortcode-wrapper radius-xs\">\n<div class=\"sc-data\">\n          <a target=\"_blank\" href=\"https:\/\/finde.latercera.com\/lugar\/willimapu-gastronomia-ancestral\/\" class=\"img-circle img-circle-sm\" rel=\"noopener\"><\/p>\n<figure class=\"img-proportion-cover\">\n              <img decoding=\"async\" src=\"https:\/\/finde.latercera.com\/wp-content\/uploads\/2021\/02\/Mapuche-familia-listo-.jpg\" alt=\"Willimapu Gastronom\u00eda Ancestral\" class=\"animate-all\"\/><br \/>\n            <\/figure>\n<p>          <\/a><\/p><\/div>\n<p>\n          <iframe loading=\"lazy\" src=\"https:\/\/www.google.com\/maps\/embed\/v1\/place?key=AIzaSyBxuhmH-YHgR5svxHyFpaCQrXZw2iFHtYg&amp;q=Placer 623\" width=\"600\" height=\"400\" frameborder=\"0\" style=\"border:0\" allowfullscreen=\"\"><\/iframe>\n        <\/p>\n<\/p><\/div><\/div>\n<figure id=\"attachment_151610\" style=\"width: 900px\" class=\"wp-caption alignnone\"><img decoding=\"async\" class=\"size-full wp-image-151610\" src=\"https:\/\/finde.latercera.com\/wp-content\/uploads\/2021\/07\/El-Toro-ambiente-2-listo-.jpg\" alt=\"\" width=\"900\" height=\"600\" srcset=\"https:\/\/finde.latercera.com\/wp-content\/uploads\/2021\/07\/El-Toro-ambiente-2-listo-.jpg 900w, https:\/\/finde.latercera.com\/wp-content\/uploads\/2021\/07\/El-Toro-ambiente-2-listo--768x512.jpg 768w\" sizes=\"(max-width: 900px) 100vw, 900px\"\/><figcaption class=\"wp-caption-text\">Foto: Valentina Miranda Vega<\/figcaption><\/figure>\n<p>Es la versi\u00f3n 2.0 del restaurante que encuentras desde 1999 en la calle Loreto, el mismo que se caracteriza por sus platos de <strong>cocina casera y mesas con papel kraft y crayones de colores<\/strong>.<\/p>\n<p>Ahora, acaba de abrir un nuevo native en <strong>Av. Alonso de C\u00f3rdova<\/strong>, espec\u00edficamente en el piso -1 del Edificio Alonso, a cargo de Chris Portugal, un peruano con patita permanente en Chile, ya que su mam\u00e1 es chilena.<\/p>\n<p>Un lugar amplio, <strong>con casi 800 m2, 250 m2 de terraza y un dise\u00f1o inside a cargo de Hugo Grisanti y Kana Cussen<\/strong>, que conserva el cl\u00e1sico ne\u00f3n rojo, pero adem\u00e1s est\u00e1 plagado de detalles, como la barra que recuerda el estilo de los a\u00f1os 60.<\/p>\n<p>Tiene la gracia de mantener la esencia de El Toro, aunque en un formato distinto. Todo el <strong>estilo de cocina rica, casera y buenos precios<\/strong>, mas una carta de vino acotada, de 36 etiquetas, pero bien escogida, que va entre los $ 9.900 y $ 17.900 por botella.<\/p>\n<div class=\"shortcode-bg shortcode-venue\">\n<div class=\"shortcode-wrapper radius-xs\">\n<div class=\"sc-data\">\n          <a target=\"_blank\" href=\"https:\/\/finde.latercera.com\/lugar\/el-toro-vitacura\/\" class=\"img-circle img-circle-sm\" rel=\"noopener\"><\/p>\n<figure class=\"img-proportion-cover\">\n              <img decoding=\"async\" src=\"https:\/\/finde.latercera.com\/wp-content\/uploads\/2021\/07\/El-Toro-Sim\u00f3n-Pais-3-listo-.jpg\" alt=\"El Toro Vitacura\" class=\"animate-all\"\/><br \/>\n            <\/figure>\n<p>          <\/a><\/p><\/div>\n<p>\n          <iframe loading=\"lazy\" src=\"https:\/\/www.google.com\/maps\/embed\/v1\/place?key=AIzaSyBxuhmH-YHgR5svxHyFpaCQrXZw2iFHtYg&amp;q=Av Alonso de C\u00f3rdova 3788\" width=\"600\" height=\"400\" frameborder=\"0\" style=\"border:0\" allowfullscreen=\"\"><\/iframe>\n        <\/p>\n<\/p><\/div><\/div>\n<figure id=\"attachment_151791\" style=\"width: 900px\" class=\"wp-caption alignnone\"><img decoding=\"async\" class=\"size-full wp-image-151791\" src=\"https:\/\/finde.latercera.com\/wp-content\/uploads\/2021\/07\/Caleta-Santiago-entrada-listo-.jpg\" alt=\"\" width=\"900\" height=\"600\" srcset=\"https:\/\/finde.latercera.com\/wp-content\/uploads\/2021\/07\/Caleta-Santiago-entrada-listo-.jpg 900w, https:\/\/finde.latercera.com\/wp-content\/uploads\/2021\/07\/Caleta-Santiago-entrada-listo--768x512.jpg 768w\" sizes=\"(max-width: 900px) 100vw, 900px\"\/><figcaption class=\"wp-caption-text\">Foto: Valentina Miranda Vega<\/figcaption><\/figure>\n<p>Con la cocina common como bandera acaba de abrir este native en Providencia, en<strong>\u00a0Manuel Montt, casi al llegar a Valenzuela Castillo<\/strong>.<\/p>\n<p>La gracia es que su carta est\u00e1 inspirada en el s<strong>abor de la cocina de caleta<\/strong>, es decir, platos generosos a cargo de Nik\u00f3las Karoussis, chef que probablemente conozcas por su paso por el El disc\u00edpulo del chef, el programa culinario de Chilevisi\u00f3n.<\/p>\n<p>Para\u00a0partir probando su mano, pide alguna de sus <strong>empanadas fritas<\/strong>, como la Caleta Santiago ($ 3.600), que es una con ostiones y camarones al vino blanco y queso mantecoso; o la camar\u00f3n-queso ($ 3.300), con una buena cantidad de camarones al vino blanco.<\/p>\n<p>Luego, uno de sus imbatible, <strong>el s\u00e1nguche de pesc\u00e1<\/strong> ($ 7.900), que viene en doble marraqueta tostada con mantequilla y ajo chilote, que lleva pesc\u00e1 frita de crujiente batido con cerveza para darle m\u00e1s crocancia, r\u00facula, berros, tomate y una salsa t\u00e1rtara de mayo casera y pickles, m\u00e1s cebolla en escabeche y aj\u00ed oro.<\/p>\n<p>Para acompa\u00f1ar encuentras\u00a0<strong>cocteler\u00eda cl\u00e1sica, que puedes probar en jarra<\/strong>, como el pisco bitter ($ 13.000), picantito, con aj\u00ed cacho de cabra, o el borgo\u00f1a ($ 10.000), con vino tinto y chirimoya.<\/p>\n<p>O si prefieres, tragos de anta\u00f1o, como el <strong>pichuncho<\/strong> ($ 3.200), de pisco, verm\u00fa y lim\u00f3n; o el <strong>bitter batido<\/strong> ($ 3.000), con bitter, crema de cacao y un toque de az\u00facar flor.<\/p>\n<div class=\"shortcode-bg shortcode-venue\">\n<div class=\"shortcode-wrapper radius-xs\">\n<div class=\"sc-data\">\n          <a target=\"_blank\" href=\"https:\/\/finde.latercera.com\/lugar\/caleta-santiago\/\" class=\"img-circle img-circle-sm\" rel=\"noopener\"><\/p>\n<figure class=\"img-proportion-cover\">\n              <img decoding=\"async\" src=\"https:\/\/finde.latercera.com\/wp-content\/uploads\/2021\/07\/Caleta-Santiago-terraza-listo-.jpg\" alt=\"Caleta Santiago\" class=\"animate-all\"\/><br \/>\n            <\/figure>\n<p>          <\/a><\/p><\/div>\n<p>\n          <iframe loading=\"lazy\" src=\"https:\/\/www.google.com\/maps\/embed\/v1\/place?key=AIzaSyBxuhmH-YHgR5svxHyFpaCQrXZw2iFHtYg&amp;q=Av Manuel Montt 808\" width=\"600\" height=\"400\" frameborder=\"0\" style=\"border:0\" allowfullscreen=\"\"><\/iframe>\n        <\/p>\n<\/p><\/div><\/div>\n<figure id=\"attachment_150198\" style=\"width: 900px\" class=\"wp-caption alignnone\"><img decoding=\"async\" class=\"size-full wp-image-150198\" src=\"https:\/\/finde.latercera.com\/wp-content\/uploads\/2021\/06\/Pizzer\u00eda-Pulcinella-1-listo-.jpg\" alt=\"\" width=\"900\" height=\"600\" srcset=\"https:\/\/finde.latercera.com\/wp-content\/uploads\/2021\/06\/Pizzer\u00eda-Pulcinella-1-listo-.jpg 900w, https:\/\/finde.latercera.com\/wp-content\/uploads\/2021\/06\/Pizzer\u00eda-Pulcinella-1-listo--768x512.jpg 768w\" sizes=\"(max-width: 900px) 100vw, 900px\"\/><figcaption class=\"wp-caption-text\">Foto: Valentina Miranda Vega<\/figcaption><\/figure>\n<p>Es todo un <strong>secreto escondido en Providencia<\/strong>. Eso, porque se instal\u00f3 en un native que est\u00e1 en un pasaje contiguo a la Iglesia la Divina Providencia y que no se ve desde la calle.<\/p>\n<p>Vale la pena visitarlo porque ah\u00ed encuentras <strong>la verdadera pizza napolitana<\/strong>, la misma que fue declarada Patrimonio Cultural Inmaterial de la Humanidad por la Unesco.<\/p>\n<p>Es que en N\u00e1poles, los <em>pizzaioli<\/em> o maestros pizzeros son considerados unos verdaderos artistas, por la habilidad que se requiere para hacer la masa y hornearla, eso que en apariencia se ve f\u00e1cil, ya que los ingredientes son s\u00f3lo agua, harina y sal.<\/p>\n<p>Adem\u00e1s, aqu\u00ed quien atiende es el propio due\u00f1o, Salvatore Esposito, un napolitano que import\u00f3 el horno y la materia prima, para lograr darle una calidad comparable a la de su tierra.<\/p>\n<p>Tan buena onda es, que si bien a\u00fan no tiene patente de alcoholes, no te cobrar\u00e1 por el descorche.<\/p>\n<div class=\"shortcode-bg shortcode-venue\">\n<div class=\"shortcode-wrapper radius-xs\">\n<div class=\"sc-data\">\n          <a target=\"_blank\" href=\"https:\/\/finde.latercera.com\/lugar\/pizzeria-pulcinella\/\" class=\"img-circle img-circle-sm\" rel=\"noopener\"><\/p>\n<figure class=\"img-proportion-cover\">\n              <img decoding=\"async\" src=\"https:\/\/finde.latercera.com\/wp-content\/uploads\/2021\/06\/pp.jpg\" alt=\"Pizzer\u00eda Pulcinella\" class=\"animate-all\"\/><br \/>\n            <\/figure>\n<p>          <\/a><\/p><\/div>\n<p>\n          <iframe loading=\"lazy\" src=\"https:\/\/www.google.com\/maps\/embed\/v1\/place?key=AIzaSyBxuhmH-YHgR5svxHyFpaCQrXZw2iFHtYg&amp;q=Av Nueva Providencia 1549\" width=\"600\" height=\"400\" frameborder=\"0\" style=\"border:0\" allowfullscreen=\"\"><\/iframe>\n        <\/p>\n<\/p><\/div><\/div>\n<figure id=\"attachment_148977\" style=\"width: 900px\" class=\"wp-caption alignnone\"><img decoding=\"async\" class=\"size-full wp-image-148977\" src=\"https:\/\/finde.latercera.com\/wp-content\/uploads\/2021\/05\/Bebequ-terraza-listo-.jpg\" alt=\"\" width=\"900\" height=\"600\" srcset=\"https:\/\/finde.latercera.com\/wp-content\/uploads\/2021\/05\/Bebequ-terraza-listo-.jpg 900w, https:\/\/finde.latercera.com\/wp-content\/uploads\/2021\/05\/Bebequ-terraza-listo--768x512.jpg 768w\" sizes=\"(max-width: 900px) 100vw, 900px\"\/><figcaption class=\"wp-caption-text\">Foto: Valentina Miranda Vega<\/figcaption><\/figure>\n<p>Es la \u00faltima puesta de <strong>Juan Gabler<\/strong>, quien puso su sello en restaurantes como Cuerovaca, el primer steakhouse, y C\u00edvico, con locales en el Centro Cultural Palacio La Moneda y en el centro cultural CorpArtes.<\/p>\n<p>Y aunque su concepto es a las brasas, se diferencia del Cuerovaca, por ejemplo, en que tiene un<strong> estilo m\u00e1s casual, relajado<\/strong>, con Dj y donde la carta comparte protagonismo con el <strong>Barbequ, una gran barra con cocteler\u00eda de autor<\/strong>.<\/p>\n<p>Perfecta para tentarse con un cocktail 17 ($ 7.000), en base a tequila con jugo de naranja, hibiscus, syrup chili peperoncino, un toque de lim\u00f3n y t\u00f3nica, o el cocktail 23 ($ 7.000), de gin, con infusi\u00f3n de t\u00e9 verde, pur\u00e9 de pepino, vino blanco y sambuca.<\/p>\n<p>Otra innovaci\u00f3n de Bebequ es que si bien el coraz\u00f3n de la cocina son las brasas, aqu\u00ed la protagonista no es la parrilla, sino el <strong>horno tipo Josper, que es una combinaci\u00f3n entre parrilla y horno<\/strong>, que le da a los productos un toque braseado y asado, con ese saborcito a le\u00f1a, que combina perfecto con esta carta que juega con carnes, pescados, verduras y fruta.<\/p>\n<p>Desde ah\u00ed salen preparaciones m\u00e1s cl\u00e1sicas, como la entra\u00f1a, pero tambi\u00e9n otras\u00a0m\u00e1s coquetas o poco usuales, como las<strong> alitas de pollo<\/strong> ($ 5.600), picante al tandoori con un toque de yogurt, o las<strong> pizzas a las brasas<\/strong>, como la de plateada de wagyu ($ 8.300).<\/p>\n<div class=\"shortcode-bg shortcode-venue\">\n<div class=\"shortcode-wrapper radius-xs\">\n<div class=\"sc-data\">\n          <a target=\"_blank\" href=\"https:\/\/finde.latercera.com\/lugar\/bebequ\/\" class=\"img-circle img-circle-sm\" rel=\"noopener\"><\/p>\n<figure class=\"img-proportion-cover\">\n              <img decoding=\"async\" src=\"https:\/\/finde.latercera.com\/wp-content\/uploads\/2021\/05\/Bebequ-coctel-listo-.jpg\" alt=\"Bebequ\" class=\"animate-all\"\/><br \/>\n            <\/figure>\n<p>          <\/a><\/p><\/div>\n<p>\n          <iframe loading=\"lazy\" src=\"https:\/\/www.google.com\/maps\/embed\/v1\/place?key=AIzaSyBxuhmH-YHgR5svxHyFpaCQrXZw2iFHtYg&amp;q=Nueva Costanera 3750\" width=\"600\" height=\"400\" frameborder=\"0\" style=\"border:0\" allowfullscreen=\"\"><\/iframe>\n        <\/p>\n<\/p><\/div><\/div>\n<figure id=\"attachment_137260\" style=\"width: 900px\" class=\"wp-caption alignnone\"><img decoding=\"async\" class=\"size-full wp-image-137260\" src=\"https:\/\/finde.latercera.com\/wp-content\/uploads\/2020\/09\/\u00c1urea-Restaurante-arroz-listo-.jpg\" alt=\"\" width=\"900\" height=\"600\" srcset=\"https:\/\/finde.latercera.com\/wp-content\/uploads\/2020\/09\/\u00c1urea-Restaurante-arroz-listo-.jpg 900w, https:\/\/finde.latercera.com\/wp-content\/uploads\/2020\/09\/\u00c1urea-Restaurante-arroz-listo--768x512.jpg 768w\" sizes=\"(max-width: 900px) 100vw, 900px\"\/><figcaption class=\"wp-caption-text\">Foto: Valentina Miranda Vega<\/figcaption><\/figure>\n<p>En el jard\u00edn del Resort Acacias, uno con m\u00e1s de cincuenta a\u00f1os de historia en Vitacura, se instal\u00f3 este restaurante que antes estuvo ubicado en Recoleta.<\/p>\n<p>Ahora esta pr\u00e1cticamente escondido en este lugar, con locomotoras antiguas,<strong> una amplia terraza inside y un jard\u00edn con p\u00e9rgola por donde puedes pasear sin escuchar siquiera el ruido de la calle<\/strong>.<\/p>\n<p>Ah\u00ed, puedes ir a probar un estilo de <strong>cocina enfocada en el producto chileno, que coquetea con los sabores mediterr\u00e1neos,<\/strong> sin dejar de lado la saz\u00f3n nacional.<\/p>\n<p>La de platos como el arroz caldoso de mariscos a la parmesana ($ 13.900), una bomba cremosa, con mariscos de la temporada y harto queso parmesano.<\/p>\n<p>No dejes de pedir alguno de los <strong>cocteles de la casa<\/strong>, como el Antonia ($ 6.500), con un toque de gin, chardonnay, jugo de maracuy\u00e1, agua de jengibre y verm\u00fa.<\/p>\n<div class=\"shortcode-bg shortcode-venue\">\n<div class=\"shortcode-wrapper radius-xs\">\n<div class=\"sc-data\">\n          <a target=\"_blank\" href=\"https:\/\/finde.latercera.com\/lugar\/aurea-restaurante-vitacura\/\" class=\"img-circle img-circle-sm\" rel=\"noopener\"><\/p>\n<figure class=\"img-proportion-cover\">\n              <img decoding=\"async\" src=\"https:\/\/finde.latercera.com\/wp-content\/uploads\/2020\/09\/\u00c1urea-Restaurante-terraza-listo-.jpg\" alt=\"\u00c1urea Restaurante Vitacura\" class=\"animate-all\"\/><br \/>\n            <\/figure>\n<p>          <\/a><\/p><\/div>\n<p>\n          <iframe loading=\"lazy\" src=\"https:\/\/www.google.com\/maps\/embed\/v1\/place?key=AIzaSyBxuhmH-YHgR5svxHyFpaCQrXZw2iFHtYg&amp;q=El Manantial 1781\" width=\"600\" height=\"400\" frameborder=\"0\" style=\"border:0\" allowfullscreen=\"\"><\/iframe>\n        <\/p>\n<\/p><\/div><\/div>\n<figure id=\"attachment_146910\" style=\"width: 900px\" class=\"wp-caption alignnone\"><img decoding=\"async\" class=\"size-full wp-image-146910\" src=\"https:\/\/finde.latercera.com\/wp-content\/uploads\/2021\/03\/Casino-la-Triana-plato-2-listo-1-1.jpg\" alt=\"\" width=\"900\" height=\"600\" srcset=\"https:\/\/finde.latercera.com\/wp-content\/uploads\/2021\/03\/Casino-la-Triana-plato-2-listo-1-1.jpg 900w, https:\/\/finde.latercera.com\/wp-content\/uploads\/2021\/03\/Casino-la-Triana-plato-2-listo-1-1-768x512.jpg 768w\" sizes=\"(max-width: 900px) 100vw, 900px\"\/><figcaption class=\"wp-caption-text\">Foto: Valentina Miranda Vega<\/figcaption><\/figure>\n<p>Este restaurante de<strong> cocina rica y informal<\/strong> se instal\u00f3 en el Centro Le\u00f1er\u00eda, un espacio cowork en Providencia.<\/p>\n<p>Ah\u00ed, adem\u00e1s de ir a desayunar como los dioses,\u00a0puedes probar un <strong>men\u00fa de almuerzo<\/strong> con entrada, fondo y t\u00e9 fr\u00edo ($ 7.500).<\/p>\n<p>Las <strong>opciones cambian a diario<\/strong>, pero puede tocarte una sopa de puerros de entrada y de fondo roast beef con arroz integral, combine de semillas, brocoli y coliflor asada m\u00e1s un combine de hojas verdes. O una milanesa de vacuno o pollo, con papas doradas y combine de hojas verdes.<\/p>\n<p>Otra alternativa es que pidas algunas de las <strong>opciones veggies de la carta<\/strong>, como la hamburguesa de betarraga ($ 5.900), con arroz caribe\u00f1o, pebre de pi\u00f1a y ensalada de hojas verdes, o el curry citr\u00f3n ($ 5.900), de garbanzos con vegetales del huerto, man\u00ed y un curry c\u00edtrico con leche de coco.<\/p>\n<div class=\"shortcode-bg shortcode-venue\">\n<div class=\"shortcode-wrapper radius-xs\">\n<div class=\"sc-data\">\n          <a target=\"_blank\" href=\"https:\/\/finde.latercera.com\/lugar\/casino-latriana\/\" class=\"img-circle img-circle-sm\" rel=\"noopener\"><\/p>\n<figure class=\"img-proportion-cover\">\n              <img decoding=\"async\" src=\"https:\/\/finde.latercera.com\/wp-content\/uploads\/2021\/03\/Casino-la-Triana-ficha-2-listo-.jpg\" alt=\"Casino Latriana\" class=\"animate-all\"\/><br \/>\n            <\/figure>\n<p>          <\/a><\/p><\/div>\n<p>\n          <iframe loading=\"lazy\" src=\"https:\/\/www.google.com\/maps\/embed\/v1\/place?key=AIzaSyBxuhmH-YHgR5svxHyFpaCQrXZw2iFHtYg&amp;q=Triana 861\" width=\"600\" height=\"400\" frameborder=\"0\" style=\"border:0\" allowfullscreen=\"\"><\/iframe>\n        <\/p>\n<\/p><\/div><\/div>\n<figure id=\"attachment_143808\" style=\"width: 900px\" class=\"wp-caption alignnone\"><img decoding=\"async\" class=\"size-full wp-image-143808\" src=\"https:\/\/finde.latercera.com\/wp-content\/uploads\/2021\/01\/Marina-mar-de-tapas-entrada-listo-.jpg\" alt=\"\" width=\"900\" height=\"600\" srcset=\"https:\/\/finde.latercera.com\/wp-content\/uploads\/2021\/01\/Marina-mar-de-tapas-entrada-listo-.jpg 900w, https:\/\/finde.latercera.com\/wp-content\/uploads\/2021\/01\/Marina-mar-de-tapas-entrada-listo--768x512.jpg 768w\" sizes=\"(max-width: 900px) 100vw, 900px\"\/><figcaption class=\"wp-caption-text\">Foto: Valentina Miranda Vega<\/figcaption><\/figure>\n<p>No tienes que viajar hasta la playa esta temporada para probar <strong>mariscos fresqu\u00edsimos<\/strong>. En Santiago basta con ir a la esquina de calle Tegualda con Santa Isabel, en barrio Italia, donde se acaba de instalar <strong>Marina Mar de Tapas<\/strong>.<\/p>\n<p>As\u00ed se llama esta nueva marisquer\u00eda que te espera con una c\u00f3moda terraza que da hacia la calle y donde te puedes sentar a disfrutar de <strong>mariscos frescos, reci\u00e9n abiertos y sacados de una piscina<\/strong> que se encuentra en el inside del native y que recrea el agua de mar, con la salinidad y la temperatura controlada.<\/p>\n<p>Desde esa piscinas salen <strong>ostras de Ancud<\/strong> ($ 5.990), <strong>ostiones de Tongoy<\/strong> ($ 6.990) y <strong>ostras japonesas<\/strong> del mismo balneario ($ 6.990), unas de mayor tama\u00f1o y sabor m\u00e1s sutil que las de Chilo\u00e9, por ejemplo, que ac\u00e1 te sirven crudas, con salsas de la casa, como la de cebolla perla con aj\u00ed en escabeche y albahaca, o la de piment\u00f3n verde, menta y lim\u00f3n.<\/p>\n<div class=\"shortcode-bg shortcode-venue\">\n<div class=\"shortcode-wrapper radius-xs\">\n<div class=\"sc-data\">\n          <a target=\"_blank\" href=\"https:\/\/finde.latercera.com\/lugar\/marina-mar-de-tapas\/\" class=\"img-circle img-circle-sm\" rel=\"noopener\"><\/p>\n<figure class=\"img-proportion-cover\">\n              <img decoding=\"async\" src=\"https:\/\/finde.latercera.com\/wp-content\/uploads\/2021\/01\/Marina-mar-de-tapas-terraza-listo-.jpg\" alt=\"Marina Mar de Tapas\" class=\"animate-all\"\/><br \/>\n            <\/figure>\n<p>          <\/a><\/p><\/div>\n<p>\n          <iframe loading=\"lazy\" src=\"https:\/\/www.google.com\/maps\/embed\/v1\/place?key=AIzaSyBxuhmH-YHgR5svxHyFpaCQrXZw2iFHtYg&amp;q=Tegualda 1375\" width=\"600\" height=\"400\" frameborder=\"0\" style=\"border:0\" allowfullscreen=\"\"><\/iframe>\n        <\/p>\n<\/p><\/div><\/div>\n<figure id=\"attachment_143317\" style=\"width: 900px\" class=\"wp-caption alignnone\"><img decoding=\"async\" class=\"size-full wp-image-143317\" src=\"http:\/\/finde.latercera.com\/wp-content\/uploads\/2021\/01\/DonDoh-carne-2-listo-.jpg\" alt=\"\" width=\"900\" height=\"600\" srcset=\"https:\/\/finde.latercera.com\/wp-content\/uploads\/2021\/01\/DonDoh-carne-2-listo-.jpg 900w, https:\/\/finde.latercera.com\/wp-content\/uploads\/2021\/01\/DonDoh-carne-2-listo--768x512.jpg 768w\" sizes=\"(max-width: 900px) 100vw, 900px\"\/><figcaption class=\"wp-caption-text\">Foto: Dondoh<\/figcaption><\/figure>\n<p>Ya abri\u00f3 en Chile la<strong> primera parrilla japonesa<\/strong> y que la versi\u00f3n native del restaurante peruano que tiene el sello de dos grandes de la cocina de Lima, Osaka y Osso Carniceri\u0301a y Salumeri\u0301a.<\/p>\n<p>Un concepto que ahora traen al pa\u00eds con su primer native en Santiago, que se acaba de inaugurar en Av. Nueva Costanera, a un espacio de<strong> 900 metros cuadrados y con dos terrazas<\/strong>, una inside y otra que da hacia la calle.<\/p>\n<p>Ah\u00ed, puedes ir a probar su cocina con acento nikkei, a cargo de la chef colombiana Yeimi Montoya, inspirada en la robata-yaki,<strong> t\u00e9cnica japonesa donde las carnes, pescados y mariscos se cocinan a fuego, en una parrilla a la vista<\/strong>.<\/p>\n<p>Esa t\u00e9cnica utilizan es la que utilizan en platos como las <strong>alitas de pollo crocantes<\/strong> ($ 8.000), con una reducci\u00f3n de bals\u00e1mico, aceite de trufa y cilantro, o\u00a0la <strong>punta de ganso<\/strong> ($ 15.500), blanda y jugosa, con mantequilla gochujang, sal ahumada y lim\u00f3n.<\/p>\n<div class=\"shortcode-bg shortcode-venue\">\n<div class=\"shortcode-wrapper radius-xs\">\n<div class=\"sc-data\">\n          <a target=\"_blank\" href=\"https:\/\/finde.latercera.com\/lugar\/dondoh\/\" class=\"img-circle img-circle-sm\" rel=\"noopener\"><\/p>\n<figure class=\"img-proportion-cover\">\n              <img decoding=\"async\" src=\"https:\/\/finde.latercera.com\/wp-content\/uploads\/2021\/01\/DonDoh-ficha-listo.jpg\" alt=\"DonDoh\" class=\"animate-all\"\/><br \/>\n            <\/figure>\n<p>          <\/a><\/p><\/div>\n<p>\n          <iframe loading=\"lazy\" src=\"https:\/\/www.google.com\/maps\/embed\/v1\/place?key=AIzaSyBxuhmH-YHgR5svxHyFpaCQrXZw2iFHtYg&amp;q=Nueva Costanera 3969\" width=\"600\" height=\"400\" frameborder=\"0\" style=\"border:0\" allowfullscreen=\"\"><\/iframe>\n        <\/p>\n<\/p><\/div><\/div>\n<figure id=\"attachment_141233\" style=\"width: 900px\" class=\"wp-caption alignnone\"><img decoding=\"async\" class=\"size-full wp-image-141233\" src=\"http:\/\/finde.latercera.com\/wp-content\/uploads\/2020\/12\/Hana-\u00e9l-listo-.jpg\" alt=\"\" width=\"900\" height=\"600\" srcset=\"https:\/\/finde.latercera.com\/wp-content\/uploads\/2020\/12\/Hana-\u00e9l-listo-.jpg 900w, https:\/\/finde.latercera.com\/wp-content\/uploads\/2020\/12\/Hana-\u00e9l-listo--768x512.jpg 768w\" sizes=\"(max-width: 900px) 100vw, 900px\"\/><figcaption class=\"wp-caption-text\">Foto: Valentina Miranda Vega<\/figcaption><\/figure>\n<p>De los nuevos restaurantes en la ciudad, este uno de los recomendados para los amantes de la<strong> cocina coreana<\/strong>,\u00a0un native que se instal\u00f3 en\u00a0 la tranquila calle Sagrado Coraz\u00f3n, en el <strong>barrio Patronato<\/strong>.<\/p>\n<p>Es un lugar con una peque\u00f1a terraza, donde encuentras opciones de cocina coreana y sushi, a cargo de Hyun Suk Kim, m\u00e1s conocido como \u201cse\u00f1or Kim\u201d y de So He Yu, la \u201cse\u00f1ora Yu\u201d.<\/p>\n<p>Quiz\u00e1s probaste su mano alguna vez, porque son los mismos cocineros que <strong>tuvieron por 16 a\u00f1os el Hanabi<\/strong>, un restaurante coreano en Vitacura y que cerr\u00f3 sus puertas.<\/p>\n<p>Ahora deleitan ac\u00e1 con aut\u00e9ntica comida coreana, las de platos como el Ttekboki ($ 5.000), que es una suave pasta de arroz, con la textura del terciopelo, que viene con masa de pescados y verduras salteadas, m\u00e1s una salsa picante.<\/p>\n<p>O el bibimbap ($ 7.000), una preparaci\u00f3n fr\u00edo que puedes pedir con o sin carne, y mezcla arroz con verduras picadas finitas y huevo frito.<\/p>\n<div class=\"shortcode-bg shortcode-venue\">\n<div class=\"shortcode-wrapper radius-xs\">\n<div class=\"sc-data\">\n          <a target=\"_blank\" href=\"https:\/\/finde.latercera.com\/lugar\/restaurante-hana\/\" class=\"img-circle img-circle-sm\" rel=\"noopener\"><\/p>\n<figure class=\"img-proportion-cover\">\n              <img decoding=\"async\" src=\"https:\/\/finde.latercera.com\/wp-content\/uploads\/2020\/12\/Hana-ficha-2-listo-.jpg\" alt=\"Restaurante Hana\" class=\"animate-all\"\/><br \/>\n            <\/figure>\n<p>          <\/a><\/p><\/div>\n<p>\n          <iframe loading=\"lazy\" src=\"https:\/\/www.google.com\/maps\/embed\/v1\/place?key=AIzaSyBxuhmH-YHgR5svxHyFpaCQrXZw2iFHtYg&amp;q=Sagrado Coraz\u00f3n 395\" width=\"600\" height=\"400\" frameborder=\"0\" style=\"border:0\" allowfullscreen=\"\"><\/iframe>\n        <\/p>\n<\/p><\/div><\/div><\/div>\n<p><script>\n!function(f,b,e,v,n,t,s)\n{if(f.fbq)return;n=f.fbq=function(){n.callMethod?\nn.callMethod.apply(n,arguments):n.queue.push(arguments)};\nif(!f._fbq)f._fbq=n;n.push=n;n.loaded=!0;n.version='2.0';\nn.queue=[];t=b.createElement(e);t.async=!0;\nt.src=v;s=b.getElementsByTagName(e)[0];\ns.parentNode.insertBefore(t,s)}(window, document,'script',\n'https:\/\/connect.facebook.net\/en_US\/fbevents.js');\nfbq('init', '337244956761913');\nfbq('track', 'PageView');\n<\/script><script>(function(d, s, id) {\n    var js, fjs = d.getElementsByTagName(s)[0];\n    if (d.getElementById(id)) return;\n    js = d.createElement(s); js.id = id;\n    js.src = \"\/\/connect.facebook.net\/es_LA\/sdk.js#xfbml=1&version=v2.8\";\n    fjs.parentNode.insertBefore(js, fjs);\n    }(document, 'script', 'facebook-jssdk'));\n  <\/script><br \/>\n<br \/><\/p>\n<p><em> \u2018 The preceding article may include information circulated by third parties \u2019 <\/em><\/p>\n<p><em> \u2018 Some details of this article were extracted from the following source finde.latercera.com \u2019 <\/em><\/p>\n","protected":false},"excerpt":{"rendered":"<p>Foto: Valentina Miranda Vega Es cierto, el Chancho con Chaleco no es uno los nuevos restaurantes de la ciudad. Por el contrario, es un cl\u00e1sico que estuvo por m\u00e1s de 100 a\u00f1os en Maip\u00fa, pero que ahora tiene una nueva ubicaci\u00f3n,\u00a0en Av. Rancagua, a pasos de barrio Italia. Este native es m\u00e1s peque\u00f1o, tiene terraza [&hellip;]<\/p>\n","protected":false},"author":2,"featured_media":233561,"comment_status":"open","ping_status":"closed","sticky":false,"template":"","format":"standard","meta":{"om_disable_all_campaigns":false,"jnews-multi-image_gallery":[],"jnews_single_post":[],"jnews_primary_category":[],"jnews_social_meta":[],"footnotes":""},"categories":[43],"tags":[],"class_list":["post-233560","post","type-post","status-publish","format-standard","has-post-thumbnail","hentry","category-gourmet"],"_links":{"self":[{"href":"https:\/\/dimensionturistica.com\/es\/wp-json\/wp\/v2\/posts\/233560","targetHints":{"allow":["GET"]}}],"collection":[{"href":"https:\/\/dimensionturistica.com\/es\/wp-json\/wp\/v2\/posts"}],"about":[{"href":"https:\/\/dimensionturistica.com\/es\/wp-json\/wp\/v2\/types\/post"}],"author":[{"embeddable":true,"href":"https:\/\/dimensionturistica.com\/es\/wp-json\/wp\/v2\/users\/2"}],"replies":[{"embeddable":true,"href":"https:\/\/dimensionturistica.com\/es\/wp-json\/wp\/v2\/comments?post=233560"}],"version-history":[{"count":0,"href":"https:\/\/dimensionturistica.com\/es\/wp-json\/wp\/v2\/posts\/233560\/revisions"}],"wp:featuredmedia":[{"embeddable":true,"href":"https:\/\/dimensionturistica.com\/es\/wp-json\/wp\/v2\/media\/233561"}],"wp:attachment":[{"href":"https:\/\/dimensionturistica.com\/es\/wp-json\/wp\/v2\/media?parent=233560"}],"wp:term":[{"taxonomy":"category","embeddable":true,"href":"https:\/\/dimensionturistica.com\/es\/wp-json\/wp\/v2\/categories?post=233560"},{"taxonomy":"post_tag","embeddable":true,"href":"https:\/\/dimensionturistica.com\/es\/wp-json\/wp\/v2\/tags?post=233560"}],"curies":[{"name":"wp","href":"https:\/\/api.w.org\/{rel}","templated":true}]}}