{"id":233382,"date":"2021-11-26T13:18:08","date_gmt":"2021-11-26T13:18:08","guid":{"rendered":"https:\/\/dimensionturistica.com\/es\/?p=233382"},"modified":"2021-11-26T13:18:09","modified_gmt":"2021-11-26T13:18:09","slug":"la-venta-de-los-viajes-del-imserso-comenzara-el-proximo-14-de-diciembre","status":"publish","type":"post","link":"https:\/\/dimensionturistica.com\/es\/la-venta-de-los-viajes-del-imserso-comenzara-el-proximo-14-de-diciembre\/","title":{"rendered":"La venta de los viajes del Imserso comenzar\u00e1 el pr\u00f3ximo 14 de diciembre"},"content":{"rendered":"<p> <br \/>\n<\/p>\n<div>\n<p>\t <!-- --><\/p>\n<p>El Ministerio de Derechos Sociales y Agenda 2030 ha informado este viernes que finalmente no se ha presentado <strong>ning\u00fan recurso<\/strong> contra la adjudicaci\u00f3n definitiva de los viajes del Imserso, por lo que la <strong>venta de los viajes<\/strong> comenzar\u00e1 el pr\u00f3ximo 14 de diciembre. <\/p>\n<p>En concreto, la venta tendr\u00e1 lugar los <strong>d\u00edas 14 y 15 de diciembre<\/strong> en Canarias, Catalunya, Baleares, Castilla-La Mancha, Castilla y Le\u00f3n, Galicia, La Rioja, Navarra, Pa\u00eds Vasco, Asturias, Arag\u00f3n y Ceuta. En Comunidad Valenciana, Andaluc\u00eda, Extremadura, Cantabria, Madrid, Murcia y Melilla se comercializar\u00e1n los <strong>d\u00edas 16 y 17 de diciembre. <\/strong>Adem\u00e1s, se podr\u00e1n <strong>reservar m\u00e1s viajes<\/strong> siempre que haya plazas vacantes a partir de dos d\u00edas despu\u00e9s del inicio de las ventas de cada comunidad.\u00a0<\/p>\n<p>\t<span class=\"smallTitle center\">Noticias relacionadas<\/span><\/p>\n<p>M\u00e1s de<strong>\u00a03,5 millones de personas han solicitado participar\u00a0<\/strong>en estos viajes y recibir\u00e1n por correo postal, en sus domicilios, su carta de acreditaci\u00f3n,\u00a0<strong>en la que se indicar\u00e1 la fecha y el destino que pueden reservar<\/strong>. Este viernes se ha activado el proceso para el <strong>env\u00edo de cartas <\/strong>que los usuarios comenzar\u00e1n a recibir a lo largo de la pr\u00f3xima semana, seg\u00fan ha anunciado el departamento que dirige <strong>Ione Belarra.\u00a0<\/strong><\/p>\n<p>\t <!-- --><\/p>\n<p>El pasado mi\u00e9rcoles concluy\u00f3 el plazo authorized para la presentaci\u00f3n de recurso ante el Tribunal Administrativo Central de Recursos Contractuales, por lo que el Programa de Turismo Social supera su \u00faltimo tr\u00e1mite para comenzar su venta a partir del 14 de diciembre.\u00a0 De esta forma, los popularmente conocidos como &#8216;viajes del Imserso&#8217;, tienen v\u00eda libre para comercializar las plazas para la temporada 2021\/2022. <\/p>\n<\/p><\/div>\n\n<p><em> &#8221; Fuentes www.elperiodico.com &#8221; <\/em><\/p>\n","protected":false},"excerpt":{"rendered":"<p>El Ministerio de Derechos Sociales y Agenda 2030 ha informado este viernes que finalmente no se ha presentado ning\u00fan recurso contra la adjudicaci\u00f3n definitiva de los viajes del Imserso, por lo que la venta de los viajes comenzar\u00e1 el pr\u00f3ximo 14 de diciembre. En concreto, la venta tendr\u00e1 lugar los d\u00edas 14 y 15 de [&hellip;]<\/p>\n","protected":false},"author":4,"featured_media":233383,"comment_status":"open","ping_status":"closed","sticky":false,"template":"","format":"standard","meta":{"om_disable_all_campaigns":false,"jnews-multi-image_gallery":[],"jnews_single_post":[],"jnews_primary_category":[],"jnews_social_meta":[],"footnotes":""},"categories":[39],"tags":[545],"class_list":["post-233382","post","type-post","status-publish","format-standard","has-post-thumbnail","hentry","category-viajes","tag-viajes"],"_links":{"self":[{"href":"https:\/\/dimensionturistica.com\/es\/wp-json\/wp\/v2\/posts\/233382","targetHints":{"allow":["GET"]}}],"collection":[{"href":"https:\/\/dimensionturistica.com\/es\/wp-json\/wp\/v2\/posts"}],"about":[{"href":"https:\/\/dimensionturistica.com\/es\/wp-json\/wp\/v2\/types\/post"}],"author":[{"embeddable":true,"href":"https:\/\/dimensionturistica.com\/es\/wp-json\/wp\/v2\/users\/4"}],"replies":[{"embeddable":true,"href":"https:\/\/dimensionturistica.com\/es\/wp-json\/wp\/v2\/comments?post=233382"}],"version-history":[{"count":0,"href":"https:\/\/dimensionturistica.com\/es\/wp-json\/wp\/v2\/posts\/233382\/revisions"}],"wp:featuredmedia":[{"embeddable":true,"href":"https:\/\/dimensionturistica.com\/es\/wp-json\/wp\/v2\/media\/233383"}],"wp:attachment":[{"href":"https:\/\/dimensionturistica.com\/es\/wp-json\/wp\/v2\/media?parent=233382"}],"wp:term":[{"taxonomy":"category","embeddable":true,"href":"https:\/\/dimensionturistica.com\/es\/wp-json\/wp\/v2\/categories?post=233382"},{"taxonomy":"post_tag","embeddable":true,"href":"https:\/\/dimensionturistica.com\/es\/wp-json\/wp\/v2\/tags?post=233382"}],"curies":[{"name":"wp","href":"https:\/\/api.w.org\/{rel}","templated":true}]}}