{"id":232795,"date":"2021-11-25T13:35:10","date_gmt":"2021-11-25T13:35:10","guid":{"rendered":"https:\/\/dimensionturistica.com\/es\/?p=232795"},"modified":"2021-11-25T13:35:10","modified_gmt":"2021-11-25T13:35:10","slug":"borago-es-elegido-uno-de-los-50-mejores-restaurantes-del-mundo","status":"publish","type":"post","link":"https:\/\/dimensionturistica.com\/es\/borago-es-elegido-uno-de-los-50-mejores-restaurantes-del-mundo\/","title":{"rendered":"Borag\u00f3 es elegido uno de los 50 mejores restaurantes del mundo"},"content":{"rendered":"<p> <br \/>\n<\/p>\n<div>\n<p>Solo buenas noticias en los \u00faltimos meses cuenta <strong>Borag\u00f3<\/strong>, el restaurante chileno que lidera el premiado chef <strong>Rodolfo Guzm\u00e1n<\/strong>.<\/p>\n<p>En agosto pasado<a target=\"_blank\" href=\"https:\/\/finde.latercera.com\/comer\/borago-restaurante-abierto-reservas\/\" rel=\"noopener\"> reabri\u00f3 sus puertas al p\u00fablico<\/a>, luego de m\u00e1s de un a\u00f1o cerrado por la pandemia, recibiendo nuevamente comensales.<\/p>\n<p>Ahora las buenas nuevas para esta cocina llegan desde el extranjero, porque una vez m\u00e1s se posicion\u00f3 en el <strong>rating de los mejores restaurantes de mundo<\/strong>.<\/p>\n<p>En la ciudad de Amberes, B\u00e9lgica, se acaba de revelar<strong> The World\u2019s 50 Greatest Eating places<\/strong>, la lista de referencia de la industria gastron\u00f3mica mundial, y que se suspendi\u00f3 en 2020 por la pandemia.<\/p>\n<p>Este a\u00f1o se retom\u00f3 nuevamente para premiar a los mejores y en la lista vuelve a estar un chileno, <strong>Borag\u00f3, que se ubica en el puesto 38<\/strong> (en el rating anterior ocupaba el 26).<\/p>\n<p>\u201cGuzm\u00e1n trabaja por incorporar ingredientes aut\u00f3ctonas en la amplia despensa del restaurante. Dirige a m\u00e1s de 200 personas, incluidas los peque\u00f1os productores de todo el pa\u00eds, para llevar productos frescos y de temporada de la plantaci\u00f3n al plato\u201d, destaca The World\u2019s 50 Greatest en la ficha de este lugar.<\/p>\n<blockquote class=\"instagram-media\" data-instgrm-captioned=\"\" data-instgrm-permalink=\"https:\/\/www.instagram.com\/p\/CUsgbV3L7Un\/?utm_source=ig_embed&amp;utm_campaign=loading\" data-instgrm-version=\"14\" style=\" background:#FFF; border:0; border-radius:3px; box-shadow:0 0 1px 0 rgba(0,0,0,0.5),0 1px 10px 0 rgba(0,0,0,0.15); margin: 1px; max-width:640px; min-width:326px; padding:0; width:99.375%; width:-webkit-calc(100% - 2px); width:calc(100% - 2px);\">\n<\/blockquote>\n<p>Adem\u00e1s, Borag\u00f3 recibi\u00f3 uno de los <strong>premios especiales, el de sustentabilidad,<\/strong> por pr\u00e1cticas como su trabajo directo con los productores locales.<\/p>\n<h2>Los restaurantes latinos en la lista<\/h2>\n<figure id=\"attachment_75147\" style=\"width: 600px\" class=\"wp-caption alignnone\"><img decoding=\"async\" class=\"size-full wp-image-75147\" src=\"https:\/\/finde.latercera.com\/wp-content\/uploads\/2019\/01\/plato-rodolfo-guzman-listo.jpg\" alt=\"\" width=\"600\" height=\"903\"\/><figcaption class=\"wp-caption-text\">Foto: Borag\u00f3<\/figcaption><\/figure>\n<p>As\u00ed, la cocina de Rodolfo Guzm\u00e1n se convierte una vez m\u00e1s en la <strong>\u00fanica chilena en este listado<\/strong>, que tiene en su n\u00famero uno a <strong>Noma<\/strong>, afamada cocina de Copenhague.<\/p>\n<p>Otros lugares de Am\u00e9rica Latina que destacan en el rating son <strong>Central<\/strong>, de Lima (puesto 4), <strong>Maido<\/strong>, tambi\u00e9n en Lima (7), <strong>Pujol<\/strong>, en Ciudad de M\u00e9xico (9), <strong>Don Julio<\/strong>, de Buenos Aires (13), <strong>A Casa do Porco<\/strong>, en Sao Paulo (17), <strong>Quintonil<\/strong>, en Ciudad de M\u00e9xico (27) y <strong>Leo<\/strong>, de Bogot\u00e1 (46).<\/p>\n<p>El <strong>listado completo del The World\u2019s 50 Greatest Eating places<\/strong> lo puedes <a target=\"_blank\" href=\"https:\/\/finde.latercera.com\/comer\/borago-restaurante-rodolfo-guzman-junio\/\" rel=\"noopener\">revisar ac\u00e1<\/a>.<\/p>\n<p>Quien quiera probar la <a target=\"_blank\" href=\"https:\/\/finde.latercera.com\/comer\/borago-restaurante-rodolfo-guzman-junio\/\" rel=\"noopener\">cocina de vanguardia end\u00e9mica de Borag\u00f3<\/a>, que se basa en los productos propios del territorio chileno, puede hacerlo nuevamente, porque reabri\u00f3 y se pueden hacer reservar a trav\u00e9s de su <a target=\"_blank\" href=\"https:\/\/www.borago.cl\/reservas.php\" rel=\"noopener\">p\u00e1gina web<\/a>.<\/p>\n<p>Lo que encuentras ah\u00ed es un <strong>men\u00fa\u00a0de degustaci\u00f3n, que incluye entre 16 y 20 preparaciones<\/strong>, que el pr\u00f3ximo 15 de octubre estrenar\u00e1 su versi\u00f3n de primavera.<\/p>\n<p><strong>Foto principal:<\/strong> Marcelo Segura<\/p>\n<\/p><\/div>\n<p><script>\n!function(f,b,e,v,n,t,s)\n{if(f.fbq)return;n=f.fbq=function(){n.callMethod?\nn.callMethod.apply(n,arguments):n.queue.push(arguments)};\nif(!f._fbq)f._fbq=n;n.push=n;n.loaded=!0;n.version='2.0';\nn.queue=[];t=b.createElement(e);t.async=!0;\nt.src=v;s=b.getElementsByTagName(e)[0];\ns.parentNode.insertBefore(t,s)}(window, document,'script',\n'https:\/\/connect.facebook.net\/en_US\/fbevents.js');\nfbq('init', '337244956761913');\nfbq('track', 'PageView');\n<\/script><script>(function(d, s, id) {\n    var js, fjs = d.getElementsByTagName(s)[0];\n    if (d.getElementById(id)) return;\n    js = d.createElement(s); js.id = id;\n    js.src = \"\/\/connect.facebook.net\/es_LA\/sdk.js#xfbml=1&version=v2.8\";\n    fjs.parentNode.insertBefore(js, fjs);\n    }(document, 'script', 'facebook-jssdk'));\n  <\/script><script async defer src=\"https:\/\/platform.instagram.com\/en_US\/embeds.js\"><\/script><br \/>\n<br \/><\/p>\n<p><em> \u2018 The preceding article may include information circulated by third parties \u2019 <\/em><\/p>\n<p><em> \u2018 Some details of this article were extracted from the following source finde.latercera.com \u2019 <\/em><\/p>\n","protected":false},"excerpt":{"rendered":"<p>Solo buenas noticias en los \u00faltimos meses cuenta Borag\u00f3, el restaurante chileno que lidera el premiado chef Rodolfo Guzm\u00e1n. En agosto pasado reabri\u00f3 sus puertas al p\u00fablico, luego de m\u00e1s de un a\u00f1o cerrado por la pandemia, recibiendo nuevamente comensales. Ahora las buenas nuevas para esta cocina llegan desde el extranjero, porque una vez m\u00e1s [&hellip;]<\/p>\n","protected":false},"author":2,"featured_media":232796,"comment_status":"open","ping_status":"closed","sticky":false,"template":"","format":"standard","meta":{"om_disable_all_campaigns":false,"jnews-multi-image_gallery":[],"jnews_single_post":[],"jnews_primary_category":[],"jnews_social_meta":[],"footnotes":""},"categories":[43],"tags":[],"class_list":["post-232795","post","type-post","status-publish","format-standard","has-post-thumbnail","hentry","category-gourmet"],"_links":{"self":[{"href":"https:\/\/dimensionturistica.com\/es\/wp-json\/wp\/v2\/posts\/232795","targetHints":{"allow":["GET"]}}],"collection":[{"href":"https:\/\/dimensionturistica.com\/es\/wp-json\/wp\/v2\/posts"}],"about":[{"href":"https:\/\/dimensionturistica.com\/es\/wp-json\/wp\/v2\/types\/post"}],"author":[{"embeddable":true,"href":"https:\/\/dimensionturistica.com\/es\/wp-json\/wp\/v2\/users\/2"}],"replies":[{"embeddable":true,"href":"https:\/\/dimensionturistica.com\/es\/wp-json\/wp\/v2\/comments?post=232795"}],"version-history":[{"count":0,"href":"https:\/\/dimensionturistica.com\/es\/wp-json\/wp\/v2\/posts\/232795\/revisions"}],"wp:featuredmedia":[{"embeddable":true,"href":"https:\/\/dimensionturistica.com\/es\/wp-json\/wp\/v2\/media\/232796"}],"wp:attachment":[{"href":"https:\/\/dimensionturistica.com\/es\/wp-json\/wp\/v2\/media?parent=232795"}],"wp:term":[{"taxonomy":"category","embeddable":true,"href":"https:\/\/dimensionturistica.com\/es\/wp-json\/wp\/v2\/categories?post=232795"},{"taxonomy":"post_tag","embeddable":true,"href":"https:\/\/dimensionturistica.com\/es\/wp-json\/wp\/v2\/tags?post=232795"}],"curies":[{"name":"wp","href":"https:\/\/api.w.org\/{rel}","templated":true}]}}