{"id":232717,"date":"2021-11-25T10:28:20","date_gmt":"2021-11-25T10:28:20","guid":{"rendered":"https:\/\/dimensionturistica.com\/es\/?p=232717"},"modified":"2021-11-25T10:28:20","modified_gmt":"2021-11-25T10:28:20","slug":"activa-canarias-fomenta-las-relaciones-transversales-en-la-cadena-de-valor-turistica","status":"publish","type":"post","link":"https:\/\/dimensionturistica.com\/es\/activa-canarias-fomenta-las-relaciones-transversales-en-la-cadena-de-valor-turistica\/","title":{"rendered":"Activa Canarias fomenta las relaciones transversales en la cadena de valor tur\u00edstica"},"content":{"rendered":"<p> <br \/>\n<\/p>\n<div>\n<div class=\"wysiwyg-photo\"><img decoding=\"async\" src=\"https:\/\/static.hosteltur.com\/app\/public\/uploads\/img\/releases\/2021\/11\/25\/L_111530_cartel-v2.jpg\" alt=\"Imagen nota de prensa Hosteltur\" width=\"2000\" height=\"2829\"\/><\/div>\n<p>Las VI Jornadas Profesionales de Turismo Activo y Ecoturismo de Canarias organizadas por Activa Canarias con el patrocinio de Turismo de Gran Canaria, se plantean como un encuentro para fortalecer alianzas, trabajar de manera transversal y avanzar en la comercializaci\u00f3n del Turismo Activo como una oferta sostenible dentro del turismo alternativo de las islas. El congreso profesional de Turismo Activo en Canarias tendr\u00e1 lugar el martes 30 de noviembre desde las 9:00 en el Museo \u00c9lder de Las Palmas de Gran Canaria.<\/p>\n<p>El acto se abre con la inauguraci\u00f3n de las jornadas a cargo de Yaiza Castilla, consejera de Turismo, Industria y Comercio del Gobierno de Canarias, Antonio Morales, presidente del Cabildo de Gran Canaria, Carlos \u00c1lamo, consejero de Turismo del Cabildo de Gran Canaria, Pedro Quevedo, concejal de Turismo del Ayuntamiento de Las Palmas de Gran Canaria y Jos\u00e9 Luis Echevarr\u00eda, presidente de Activa Canarias.<\/p>\n<p>La primera ponencia correr\u00e1 a cargo de Jos\u00e9 Juan Lorenzo, director-gerente de Turismo de Islas Canarias a las 9:30. Lorenzo abordar\u00e1 la hoja de ruta de las islas con respecto al Turismo Activo. Para hablar concretamente de la oferta en Turismo Activo de la isla de Gran Canaria, a las 10:00 presenta su intervenci\u00f3n Pablo Llinares, director-gerente de Turismo de Gran Canaria.<\/p>\n<p>A las 10:30 comienza el Foro Turismo Activo y Territorio, donde personas relacionadas con diversos \u00e1mbitos relacionados con el Turismo Activo plantean alianzas para el sector. El espacio contar\u00e1 con la presencia de Luc\u00eda Fuentes, consejera de Turismo del Cabildo de El Hierro, Luz Goretti Gorr\u00edn, concejala de Turismo y Medio Ambiente de Santiago del Teide, Yurena P\u00e9rez, responsable de la Reserva de la Biosfera de El Hierro, Noelia Su\u00e1rez, Challenge m\u00e1nager de la Reserva de la Biosfera de Fuerteventura, Anabel Rivero, directora del Departamento de Turismo de la C\u00e1mara de Comercio de Gran Canaria, Laura Bethencourt, presidenta de APIT (Asociaci\u00f3n Profesional de Gu\u00edas Oficiales de Turismo) de Tenerife, \u00c1lvaro Gonz\u00e1lez, gerente de la Ruta del Vino de Gran Canaria, Tom Smulders, vicepresidente de la Federaci\u00f3n de Empresarios de Hosteler\u00eda y Turismo (FEHT), Mat\u00edas Gonz\u00e1lez, profesor de Econom\u00eda Aplicada y directivo del TIDES de la ULPGC o Ignacio Poladura de Armas, director common de Viajes Insular.<\/p>\n<p>Pretende servir como cierre al Ciclo de Conferencias Turismo Activo y Territorio, organizado por Activa Canarias y celebrado en los meses de mayo y junio. En \u00e9l se dieron cita una serie de agentes indispensables para construir un Turismo Activo responsable con el territorio, forjando alianzas que atiendan a las nuevas tendencias del turismo y donde los proyectos cooperativos que ya est\u00e1n en marcha en las islas han sido clave para cubrir las expectativas de un cliente cada vez m\u00e1s exigente en materia de seguridad, calidad y sostenibilidad.<\/p>\n<p>Como ya es routine, el encuentro de empresas procedentes de todo el archipi\u00e9lago que se da bajo el paraguas de las VI Jornadas Profesionales de Activa Canarias sirve para dar cobijo a la celebraci\u00f3n de la Asamblea Anual de Activa Canarias y para que tengan lugar distintos cursos formativos durante la tarde del 30 de noviembre y durante el mi\u00e9rcoles 1 de diciembre.<\/p>\n<p>Las l\u00edneas maestras de estas sextas jornadas ser\u00e1n, adem\u00e1s de las alianzas, son las nuevas v\u00edas de comercializaci\u00f3n y el compromiso de la asociaci\u00f3n de empresas de Turismo Activo de Canarias con el medioambiente.<\/p>\n<p>Toda la informaci\u00f3n e inscripciones est\u00e1 disponible en la internet jornadasprofesionales.com.<\/p>\n<\/p><\/div>\n\n<p><em> &#8221; Fuentes www.hosteltur.com &#8221; <\/em><\/p>\n","protected":false},"excerpt":{"rendered":"<p>Las VI Jornadas Profesionales de Turismo Activo y Ecoturismo de Canarias organizadas por Activa Canarias con el patrocinio de Turismo de Gran Canaria, se plantean como un encuentro para fortalecer alianzas, trabajar de manera transversal y avanzar en la comercializaci\u00f3n del Turismo Activo como una oferta sostenible dentro del turismo alternativo de las islas. El [&hellip;]<\/p>\n","protected":false},"author":4,"featured_media":232718,"comment_status":"open","ping_status":"closed","sticky":false,"template":"","format":"standard","meta":{"om_disable_all_campaigns":false,"jnews-multi-image_gallery":[],"jnews_single_post":[],"jnews_primary_category":[],"jnews_social_meta":[],"footnotes":""},"categories":[40],"tags":[715,18956],"class_list":["post-232717","post","type-post","status-publish","format-standard","has-post-thumbnail","hentry","category-industria","tag-economia","tag-turismo-activo"],"_links":{"self":[{"href":"https:\/\/dimensionturistica.com\/es\/wp-json\/wp\/v2\/posts\/232717","targetHints":{"allow":["GET"]}}],"collection":[{"href":"https:\/\/dimensionturistica.com\/es\/wp-json\/wp\/v2\/posts"}],"about":[{"href":"https:\/\/dimensionturistica.com\/es\/wp-json\/wp\/v2\/types\/post"}],"author":[{"embeddable":true,"href":"https:\/\/dimensionturistica.com\/es\/wp-json\/wp\/v2\/users\/4"}],"replies":[{"embeddable":true,"href":"https:\/\/dimensionturistica.com\/es\/wp-json\/wp\/v2\/comments?post=232717"}],"version-history":[{"count":0,"href":"https:\/\/dimensionturistica.com\/es\/wp-json\/wp\/v2\/posts\/232717\/revisions"}],"wp:featuredmedia":[{"embeddable":true,"href":"https:\/\/dimensionturistica.com\/es\/wp-json\/wp\/v2\/media\/232718"}],"wp:attachment":[{"href":"https:\/\/dimensionturistica.com\/es\/wp-json\/wp\/v2\/media?parent=232717"}],"wp:term":[{"taxonomy":"category","embeddable":true,"href":"https:\/\/dimensionturistica.com\/es\/wp-json\/wp\/v2\/categories?post=232717"},{"taxonomy":"post_tag","embeddable":true,"href":"https:\/\/dimensionturistica.com\/es\/wp-json\/wp\/v2\/tags?post=232717"}],"curies":[{"name":"wp","href":"https:\/\/api.w.org\/{rel}","templated":true}]}}