{"id":232404,"date":"2021-11-24T21:24:50","date_gmt":"2021-11-24T21:24:50","guid":{"rendered":"https:\/\/dimensionturistica.com\/es\/?p=232404"},"modified":"2021-11-24T21:24:50","modified_gmt":"2021-11-24T21:24:50","slug":"firme-el-resurgir-de-la-industria-de-cruceros-en-la-isla-economia","status":"publish","type":"post","link":"https:\/\/dimensionturistica.com\/es\/firme-el-resurgir-de-la-industria-de-cruceros-en-la-isla-economia\/","title":{"rendered":"Firme el resurgir de la industria de cruceros en la Isla | Econom\u00eda"},"content":{"rendered":"<p> <br \/>\n<\/p>\n<div itemprop=\"articleBody\">\n                                <meta itemprop=\"isAccessibleForFree\" content=\"true\"\/><\/p>\n<p>El director ejecutivo de la Compa\u00f1\u00eda de Turismo de Puerto Rico, Carlos Mercado Santiago, y el director ejecutivo de la Autoridad de los Puertos, Joel Piz\u00e1 Batiz, anunciaron hoy <strong>el reinicio de operaciones del yate de lujo SeaDream II de SeaDream Yatch Membership, y la primera visita del Rotterdam de la l\u00ednea de cruceros Holland America Line<\/strong> (HAL).<\/p>\n<p>Seg\u00fan las proyecciones de Turismo, los itinerarios en agenda de ambas embarcaciones entre el 2021, 2022 y 2023 representan un <strong>impacto de m\u00e1s de $1 mill\u00f3n en la econom\u00eda de la Isla.<\/strong><\/p>\n<p>El <strong>SeaDream II,<\/strong> con capacidad de 110 pasajeros tiene programado para el a\u00f1o fiscal 2022 ocho salidas \u201chomeports\u201d y una parada de tr\u00e1nsito. <strong>Su itinerario en el Caribe incluye destinos ic\u00f3nicos en Puerto Rico, como lo son Vieques, Caja de Muerto, y Culebrita, y otras islas caribe\u00f1as como Rep\u00fablica Dominicana, Islas V\u00edrgenes Brit\u00e1nicas y Americanas.<\/strong><\/p>\n<p>Esta l\u00ednea de cruceros espera incluir en su itinerario del a\u00f1o 2022 el \u00e1rea de Boquer\u00f3n, para de esta forma ofrecer a sus pasajeros experiencias locales.<\/p>\n<div class=\"inline-asset inline-article  subscriber-hide tnt-inline-asset tnt-inline-relcontent tnt-inline-article tnt-inline-relation-child tnt-inline-presentation-short-summary tnt-inline-alignment-default tnt-inline-width-default\">\n<article id=\"card-summary-80d31ea6-3db6-11ec-b606-47e70c667652\" class=\"tnt-asset-type-article clearfix card summary has-image  letterbox-style-default  tnt-section-economia tnt-sub-section-otros\">\n<div class=\"card-container\">\n<div class=\"card-image \">\n<div class=\"media-preview-80d31ea6-3db6-11ec-b606-47e70c667652 media-preview article-asset \" data-aspect=\"\">\n<figure class=\"photo layout-horizontal letterbox-style-default\">\n<div class=\"image\">\n<p>                    <a rel=\"nofollow noopener\" target=\"_blank\" href=\"https:\/\/www.elvocero.com\/economia\/otros\/los-cruceros-royal-caribbean-retoman-su-itinerario-regular-de-visitas-a-puerto-rico\/article_80d31ea6-3db6-11ec-b606-47e70c667652.html\" class=\"tnt-asset-link\">                <\/p>\n<p>                &#13;<br \/>\n        &#13;<br \/>\n                        <img loading=\"lazy\" decoding=\"async\" src=\"data:image\/png;base64,iVBORw0KGgoAAAANSUhEUgAAAAQAAAADCAQAAAAe\/WZNAAAAEElEQVR42mM8U88ABowYDABAxQPltt5zqAAAAABJRU5ErkJggg==\" alt=\"Los cruceros Royal Caribbean retoman su itinerario regular de visitas a Puerto Rico\" class=\"img-responsive lazyload full default\" width=\"1763\" height=\"1175\" data- data-\/><br \/>\n                <\/a><\/p><\/div>\n<\/figure>\n<\/div><\/div><\/div>\n<\/article>\n<\/div>\n<p>\u201cEl reinicio de operaciones de la l\u00ednea de cruceros de lujo SeaDream Yatch Club representa un paso importante en los esfuerzos de descentralizar la actividad tur\u00edstica en Puerto Rico, y en especial, un impulso a la econom\u00eda de Vieques, donde no se recib\u00edan cruceros previos a la pandemia del covid-19\u201d, indic\u00f3 el director de Turismo.<\/p>\n<p>Para el director de Puertos el recibir a los cruceros, SeaDream y el Rotterdam los llena de nos llena de satisfacci\u00f3n y orgullo. \u201cEstas dos prestigiosas l\u00edneas han escogido nuestro Puerto por ser uno seguro, atractivo y de gran inter\u00e9s tur\u00edstico para sus pasajeros, lo que nos posiciona a otro nivel\u201d.<\/p>\n<p>Por su parte, el alcalde de Vieques, Jos\u00e9 Corcino Acevedo, opin\u00f3 que \u201choy se marca un nuevo e impresionante cap\u00edtulo en la historia de Vieques con la llegada de este crucero. Estamos dando el primer paso para llevar a nuestra \u2018Isla Nena\u2019 al lugar que merece, como la Isla m\u00e1s bella del Caribe. Juntos estamos trabajando para que Vieques se convierta en el destino de selecci\u00f3n para todos los turistas a nivel, tanto a nivel local, nacional e internacional. Hoy cambia la historia de Vieques\u201d.<\/p>\n<div class=\"inline-asset inline-article  subscriber-hide tnt-inline-asset tnt-inline-relcontent tnt-inline-article tnt-inline-relation-child tnt-inline-presentation-short-summary tnt-inline-alignment-default tnt-inline-width-default\">\n<article id=\"card-summary-a66a0b60-4b0e-11ec-9bcd-57bfa4f80c22\" class=\"tnt-asset-type-article clearfix card summary has-image  letterbox-style-default  tnt-section-economia tnt-sub-section-otros\">\n<div class=\"card-container\">\n<div class=\"card-image \">\n<div class=\"media-preview-a66a0b60-4b0e-11ec-9bcd-57bfa4f80c22 media-preview article-asset \" data-aspect=\"\">\n<figure class=\"photo layout-horizontal letterbox-style-default\">\n<div class=\"image\">\n<p>                    <a rel=\"nofollow noopener\" target=\"_blank\" href=\"https:\/\/www.elvocero.com\/economia\/otros\/la-l-nea-de-cruceros-seabourn-reanuda-su-operaci-n-en-puerto-rico\/article_a66a0b60-4b0e-11ec-9bcd-57bfa4f80c22.html\" class=\"tnt-asset-link\">                <\/p>\n<p>                &#13;<br \/>\n        &#13;<br \/>\n                        <img loading=\"lazy\" decoding=\"async\" src=\"data:image\/png;base64,iVBORw0KGgoAAAANSUhEUgAAAAQAAAADCAQAAAAe\/WZNAAAAEElEQVR42mM8U88ABowYDABAxQPltt5zqAAAAABJRU5ErkJggg==\" alt=\"La l&#xED;nea de cruceros Seabourn reanuda su operaci&#xF3;n en Puerto Rico\" class=\"img-responsive lazyload full default\" width=\"1024\" height=\"677\" data- data-\/><br \/>\n                <\/a><\/p><\/div>\n<\/figure>\n<\/div><\/div><\/div>\n<\/article>\n<\/div>\n<p>Por otro lado, <strong>el Rotterdam, un crucero de Clase Pinnacle -operado por HAL, una subsidiaria de Carnival Company-, tiene en agenda cuatro paradas en el Puerto de San Juan durante el a\u00f1o fiscal 2022.<\/strong><\/p>\n<p>Esta embarcaci\u00f3n tiene una capacidad m\u00e1xima de 2,668 pasajeros, no obstante, en estas primeras visitas a la Isla se espera sea con alrededor de 70% de capacidad.<\/p>\n<p>Seg\u00fan se inform\u00f3, como parte del protocolo de recibimiento en su primer viaje a Puerto Rico, representantes de Turismo y Puertos dieron la bienvenida e hicieron la tradicional entrega de placa conmemorativa al capit\u00e1n del Rotterdam, Bas Van Dreumel.<\/p>\n<p>\u201cNos complace darle la bienvenida a este nuevo crucero de la l\u00ednea Holland America, a quienes le agradecemos por continuar apostando al mercado de Puerto Rico como un destino de cruceros importante en la regi\u00f3n caribe\u00f1a\u201d, concluy\u00f3 el titular de Turismo.<\/p>\n<\/p><\/div>\n<p><script>\n!function(f,b,e,v,n,t,s)\n{if(f.fbq)return;n=f.fbq=function(){n.callMethod?\nn.callMethod.apply(n,arguments):n.queue.push(arguments)};\nif(!f._fbq)f._fbq=n;n.push=n;n.loaded=!0;n.version='2.0';\nn.queue=[];t=b.createElement(e);t.async=!0;\nt.src=v;s=b.getElementsByTagName(e)[0];\ns.parentNode.insertBefore(t,s)}(window, document,'script',\n'https:\/\/connect.facebook.net\/en_US\/fbevents.js');\nfbq('init', '1815340891988198');\nfbq('track', 'PageView');\n<\/script><br \/>\n<br \/><\/p>\n<p><em> &#8221; Fuentes www.elvocero.com &#8221; <\/em><\/p>\n","protected":false},"excerpt":{"rendered":"<p>El director ejecutivo de la Compa\u00f1\u00eda de Turismo de Puerto Rico, Carlos Mercado Santiago, y el director ejecutivo de la Autoridad de los Puertos, Joel Piz\u00e1 Batiz, anunciaron hoy el reinicio de operaciones del yate de lujo SeaDream II de SeaDream Yatch Membership, y la primera visita del Rotterdam de la l\u00ednea de cruceros Holland [&hellip;]<\/p>\n","protected":false},"author":4,"featured_media":232405,"comment_status":"open","ping_status":"closed","sticky":false,"template":"","format":"standard","meta":{"om_disable_all_campaigns":false,"jnews-multi-image_gallery":[],"jnews_single_post":[],"jnews_primary_category":[],"jnews_social_meta":[],"footnotes":""},"categories":[41],"tags":[715,1932],"class_list":["post-232404","post","type-post","status-publish","format-standard","has-post-thumbnail","hentry","category-cruceros","tag-economia","tag-finanzas"],"_links":{"self":[{"href":"https:\/\/dimensionturistica.com\/es\/wp-json\/wp\/v2\/posts\/232404","targetHints":{"allow":["GET"]}}],"collection":[{"href":"https:\/\/dimensionturistica.com\/es\/wp-json\/wp\/v2\/posts"}],"about":[{"href":"https:\/\/dimensionturistica.com\/es\/wp-json\/wp\/v2\/types\/post"}],"author":[{"embeddable":true,"href":"https:\/\/dimensionturistica.com\/es\/wp-json\/wp\/v2\/users\/4"}],"replies":[{"embeddable":true,"href":"https:\/\/dimensionturistica.com\/es\/wp-json\/wp\/v2\/comments?post=232404"}],"version-history":[{"count":0,"href":"https:\/\/dimensionturistica.com\/es\/wp-json\/wp\/v2\/posts\/232404\/revisions"}],"wp:featuredmedia":[{"embeddable":true,"href":"https:\/\/dimensionturistica.com\/es\/wp-json\/wp\/v2\/media\/232405"}],"wp:attachment":[{"href":"https:\/\/dimensionturistica.com\/es\/wp-json\/wp\/v2\/media?parent=232404"}],"wp:term":[{"taxonomy":"category","embeddable":true,"href":"https:\/\/dimensionturistica.com\/es\/wp-json\/wp\/v2\/categories?post=232404"},{"taxonomy":"post_tag","embeddable":true,"href":"https:\/\/dimensionturistica.com\/es\/wp-json\/wp\/v2\/tags?post=232404"}],"curies":[{"name":"wp","href":"https:\/\/api.w.org\/{rel}","templated":true}]}}