{"id":232365,"date":"2021-11-24T20:33:05","date_gmt":"2021-11-24T20:33:05","guid":{"rendered":"https:\/\/dimensionturistica.com\/es\/?p=232365"},"modified":"2021-11-24T20:33:05","modified_gmt":"2021-11-24T20:33:05","slug":"el-local-que-queremos-en-latin-americas-50-best","status":"publish","type":"post","link":"https:\/\/dimensionturistica.com\/es\/el-local-que-queremos-en-latin-americas-50-best\/","title":{"rendered":"el local que queremos en Latin America&#8217;s 50 Best"},"content":{"rendered":"<p> <br \/>\n<\/p>\n<div>\n<p>\u201cPasado y futuro\u201d fue la tem\u00e1tica con que\u00a0Latin America\u2019s 50 Finest Eating places, el listado\u00a0patrocinado por S.\u00a0Pellegrino &amp;\u00a0<span class=\"xn-person\">Acqua Panna, dio a conocer a los <strong>50 mejores restaurantes de Latinoam\u00e9rica<\/strong>.\u00a0<\/span><\/p>\n<p>Una que en esta versi\u00f3n encabeza <a target=\"_blank\" href=\"https:\/\/centralrestaurante.com.pe\/\" rel=\"noopener\">Central<\/a>, la cocina ubicada en Lima, a cargo de <a target=\"_blank\" href=\"https:\/\/finde.latercera.com\/comer\/virgilio-martinez-restaurantes-lima-central\/\" rel=\"noopener\">Virgilio Mart\u00ednez<\/a> y P\u00eda Le\u00f3n.<\/p>\n<p>Y que este a\u00f1o no estuvo\u00a0exenta de pol\u00e9micas, ya que se trat\u00f3 de un <strong>recuento<\/strong> <strong>de los restaurantes reconocidos por la lista desde 2013<\/strong>, fecha de su creaci\u00f3n. Por lo tanto varios de \u00e9stos est\u00e1n cerrados o en proceso de reapertura.<\/p>\n<figure id=\"attachment_159116\" style=\"width: 900px\" class=\"wp-caption alignnone\"><a target=\"_blank\" href=\"https:\/\/finde.latercera.com\/wp-content\/uploads\/2021\/11\/50-best-todos-2-listo-.jpg\" rel=\"noopener\"><img decoding=\"async\" class=\"size-full wp-image-159116\" src=\"https:\/\/finde.latercera.com\/wp-content\/uploads\/2021\/11\/50-best-todos-2-listo-.jpg\" alt=\"\" width=\"900\" height=\"656\" srcset=\"https:\/\/finde.latercera.com\/wp-content\/uploads\/2021\/11\/50-best-todos-2-listo-.jpg 900w, https:\/\/finde.latercera.com\/wp-content\/uploads\/2021\/11\/50-best-todos-2-listo--768x560.jpg 768w\" sizes=\"(max-width: 900px) 100vw, 900px\"\/><\/a><figcaption class=\"wp-caption-text\">Foto: Moira Mu\u00f1oz<\/figcaption><\/figure>\n<p>Adem\u00e1s, fueron cuatro los <strong>restaurantes chilenos incluidos<\/strong> en esta lista: <a target=\"_blank\" href=\"https:\/\/finde.latercera.com\/comer\/borago-restaurante-abierto-reservas\/\" rel=\"noopener\">Borag\u00f3<\/a>, Ambros\u00eda, 99 Restaurant y 040 Restaurante.<\/p>\n<p>Aunque son cinco si tomamos en cuenta la versi\u00f3n extendida, que incluye a <strong>DePatio<\/strong> en el n\u00famero 58. Puedes ver el detalle de los restaurantes chilenos premiados y en qu\u00e9 est\u00e1n sus cooks actualmente <a target=\"_blank\" href=\"https:\/\/finde.latercera.com\/comer\/latin-americas-50-best-restaurants-2021-chile\/\" rel=\"noopener\">en esta nota.<\/a><\/p>\n<p>Restaurantes y cooks a los que aplaudimos de pie y con todo respeto, desde nuestra humilde tribuna, nos gustar\u00eda sumar al menos uno: <strong>Pulper\u00eda Santa Elvira<\/strong>.<\/p>\n<h2>Cocina de autor, con amor y resistencia<\/h2>\n<figure id=\"attachment_157936\" style=\"width: 900px\" class=\"wp-caption alignnone\"><a target=\"_blank\" href=\"https:\/\/finde.latercera.com\/wp-content\/uploads\/2021\/10\/Pulper\u00eda-Santa-Elvira-carne-listo-.jpg\" rel=\"noopener\"><img decoding=\"async\" class=\"size-full wp-image-157936\" src=\"https:\/\/finde.latercera.com\/wp-content\/uploads\/2021\/10\/Pulper\u00eda-Santa-Elvira-carne-listo-.jpg\" alt=\"\" width=\"900\" height=\"600\" srcset=\"https:\/\/finde.latercera.com\/wp-content\/uploads\/2021\/10\/Pulper\u00eda-Santa-Elvira-carne-listo-.jpg 900w, https:\/\/finde.latercera.com\/wp-content\/uploads\/2021\/10\/Pulper\u00eda-Santa-Elvira-carne-listo--768x512.jpg 768w\" sizes=\"(max-width: 900px) 100vw, 900px\"\/><\/a><figcaption class=\"wp-caption-text\">Foto: Valentina Miranda Vega<\/figcaption><\/figure>\n<p>\u00bfLas razones? Aqu\u00ed te las damos y es necesrio tener en cuenta\u00a0<strong>no se trata del criterio que aplica la mencionada lista<\/strong> para su proceso de selecci\u00f3n.<\/p>\n<p>En cambio, responde a razones propias, hechas a partir de nuestra experiencia, ya que tampoco es nuevo, porque cumpli\u00f3 ya cuatro a\u00f1os.<\/p>\n<p>Pero s\u00ed es uno que <strong>vale la pena conocer<\/strong> o al menos poner en el mapa de la buena gastronom\u00eda native.<\/p>\n<p>En primer luga <strong>la cocina<\/strong> de Pulper\u00eda Santa Elvira, que no tiene un men\u00fa de tiempo, porque lo aqu\u00ed rige es una pizarra, con tres o cuatro opciones de entradas y otras similares de fondo,\u00a0 adem\u00e1s de un par de postres.<\/p>\n<p>Una cocina de autor a cargo de<strong>\u00a0Javier Avil\u00e9s Lira<\/strong>, cocinero antofagastino que despu\u00e9s de trabajar 14 a\u00f1os en restaurantes de Buenos Aires, volvi\u00f3 a Chile a mostrar lo suyo, con <strong>alternativas creativas, disruptivas<\/strong> si se quiere, de platos como las <strong>mollejas<\/strong> ($ 6.500), acompa\u00f1adas de una yema de huevo y porotos en dos tipos de cocciones.<\/p>\n<p>O el\u00a0<strong>lomo<\/strong> ($ 9.000), con nabos y chirimoya.\u00a0\u201cAqu\u00ed se cocina con mucho amor\u201d es el lema de la Pulper\u00eda Santa Elvira. y se cumple.<\/p>\n<h2>Productos locales y de estaci\u00f3n<\/h2>\n<figure id=\"attachment_157931\" style=\"width: 900px\" class=\"wp-caption alignnone\"><img decoding=\"async\" class=\"size-full wp-image-157931\" src=\"https:\/\/finde.latercera.com\/wp-content\/uploads\/2021\/10\/Pulper\u00eda-Santa-Elvira-2-listo-.jpg\" alt=\"\" width=\"900\" height=\"600\" srcset=\"https:\/\/finde.latercera.com\/wp-content\/uploads\/2021\/10\/Pulper\u00eda-Santa-Elvira-2-listo-.jpg 900w, https:\/\/finde.latercera.com\/wp-content\/uploads\/2021\/10\/Pulper\u00eda-Santa-Elvira-2-listo--768x512.jpg 768w\" sizes=\"(max-width: 900px) 100vw, 900px\"\/><figcaption class=\"wp-caption-text\">Foto: Valentina Miranda Vega<\/figcaption><\/figure>\n<p>El uso de<strong> productos locales\u00a0<\/strong>es otra de las razones por las cuales nos gusta la Pulper\u00eda Santa Elvira.<\/p>\n<p>De hecho, el compromiso lo encontrar\u00e1s ya de entrada, donde ver\u00e1s una <strong>alacena<\/strong>, con productos como la<strong> pasta de berenjenas ahumadas<\/strong> de <a target=\"_blank\" href=\"https:\/\/rutadelosabastos.cl\/\" rel=\"noopener\">El Abasto<\/a> o la mermelada de cebolla chardonnay <a target=\"_blank\" href=\"https:\/\/www.instagram.com\/lacook_a\/?hl=es-la\" rel=\"noopener\">La Cooka<\/a>, m\u00e1s otros hechos por los vecinos, todo artesanal.<\/p>\n<p>A eso suma el uso de productos de <strong>estaci\u00f3n en la carta<\/strong>, por eso la pizarra con platos que cambia seg\u00fan lo disponible esa semana.<\/p>\n<p>Otro punto importante es el <strong>servicio<\/strong>. No te imagines un restaurante de mantel largo, para nada. Este es uno acquainted, puede que incluso se salten protocolos, pero no faltar\u00e1 la explicaci\u00f3n certera de cada plato o la gu\u00eda para saber que vino elegir.<\/p>\n<p>Lo que resulta very important, si tomas en cuenta que<strong> no hay carta de vino<\/strong>, pero s\u00ed una buena selecci\u00f3n de opciones<strong>\u00a0naturales<\/strong>, pocas etiquetas que, tal como la carta, cambian seg\u00fan disponibilidad.<\/p>\n<p>Y por \u00faltimo el lugar. <strong>Pulper\u00eda Santa Elvira<\/strong> se encuentra en una preciosa casona restaurada de<strong> barrio Matta Sur<\/strong>, lejos de los polos gastron\u00f3micos habituales.<\/p>\n<p>Un espacio con cocina abierta, donde puedes comer bajo el parr\u00f3n de la terraza o alguno de los salones que, te dar\u00e1s cuenta de entrada, tienen magia.<\/p>\n<p><strong>Hay identidad, osad\u00eda, rebeld\u00eda y buena cocina. \u00bfLo premiamos?<\/strong><\/p>\n<div class=\"shortcode-bg shortcode-venue\">\n<div class=\"shortcode-wrapper radius-xs\">\n<div class=\"sc-data\">\n          <a target=\"_blank\" href=\"https:\/\/finde.latercera.com\/lugar\/pulperia-santa-elvira\/\" class=\"img-circle img-circle-sm\" rel=\"noopener\"><\/p>\n<figure class=\"img-proportion-cover\">\n              <img decoding=\"async\" src=\"https:\/\/finde.latercera.com\/wp-content\/uploads\/2018\/10\/Pulper\u00eda-Santa-Elvira-ficha-listo-.jpg\" alt=\"Pulper\u00eda Santa Elvira\" class=\"animate-all\"\/><br \/>\n            <\/figure>\n<p>          <\/a><\/p><\/div>\n<p>\n          <iframe loading=\"lazy\" src=\"https:\/\/www.google.com\/maps\/embed\/v1\/place?key=AIzaSyBxuhmH-YHgR5svxHyFpaCQrXZw2iFHtYg&amp;q=Santa Elvira 441\" width=\"600\" height=\"400\" frameborder=\"0\" style=\"border:0\" allowfullscreen=\"\"><\/iframe>\n        <\/p>\n<\/p><\/div><\/div><\/div>\n<p><script>\n!function(f,b,e,v,n,t,s)\n{if(f.fbq)return;n=f.fbq=function(){n.callMethod?\nn.callMethod.apply(n,arguments):n.queue.push(arguments)};\nif(!f._fbq)f._fbq=n;n.push=n;n.loaded=!0;n.version='2.0';\nn.queue=[];t=b.createElement(e);t.async=!0;\nt.src=v;s=b.getElementsByTagName(e)[0];\ns.parentNode.insertBefore(t,s)}(window, document,'script',\n'https:\/\/connect.facebook.net\/en_US\/fbevents.js');\nfbq('init', '337244956761913');\nfbq('track', 'PageView');\n<\/script><script>(function(d, s, id) {\n    var js, fjs = d.getElementsByTagName(s)[0];\n    if (d.getElementById(id)) return;\n    js = d.createElement(s); js.id = id;\n    js.src = \"\/\/connect.facebook.net\/es_LA\/sdk.js#xfbml=1&version=v2.8\";\n    fjs.parentNode.insertBefore(js, fjs);\n    }(document, 'script', 'facebook-jssdk'));\n  <\/script><script async defer src=\"https:\/\/platform.instagram.com\/en_US\/embeds.js\"><\/script><br \/>\n<br \/><\/p>\n<p><em> \u2018 The preceding article may include information circulated by third parties \u2019 <\/em><\/p>\n<p><em> \u2018 Some details of this article were extracted from the following source finde.latercera.com \u2019 <\/em><\/p>\n","protected":false},"excerpt":{"rendered":"<p>\u201cPasado y futuro\u201d fue la tem\u00e1tica con que\u00a0Latin America\u2019s 50 Finest Eating places, el listado\u00a0patrocinado por S.\u00a0Pellegrino &amp;\u00a0Acqua Panna, dio a conocer a los 50 mejores restaurantes de Latinoam\u00e9rica.\u00a0 Una que en esta versi\u00f3n encabeza Central, la cocina ubicada en Lima, a cargo de Virgilio Mart\u00ednez y P\u00eda Le\u00f3n. Y que este a\u00f1o no estuvo\u00a0exenta [&hellip;]<\/p>\n","protected":false},"author":2,"featured_media":232366,"comment_status":"open","ping_status":"closed","sticky":false,"template":"","format":"standard","meta":{"om_disable_all_campaigns":false,"jnews-multi-image_gallery":[],"jnews_single_post":[],"jnews_primary_category":[],"jnews_social_meta":[],"footnotes":""},"categories":[43],"tags":[],"class_list":["post-232365","post","type-post","status-publish","format-standard","has-post-thumbnail","hentry","category-gourmet"],"_links":{"self":[{"href":"https:\/\/dimensionturistica.com\/es\/wp-json\/wp\/v2\/posts\/232365","targetHints":{"allow":["GET"]}}],"collection":[{"href":"https:\/\/dimensionturistica.com\/es\/wp-json\/wp\/v2\/posts"}],"about":[{"href":"https:\/\/dimensionturistica.com\/es\/wp-json\/wp\/v2\/types\/post"}],"author":[{"embeddable":true,"href":"https:\/\/dimensionturistica.com\/es\/wp-json\/wp\/v2\/users\/2"}],"replies":[{"embeddable":true,"href":"https:\/\/dimensionturistica.com\/es\/wp-json\/wp\/v2\/comments?post=232365"}],"version-history":[{"count":0,"href":"https:\/\/dimensionturistica.com\/es\/wp-json\/wp\/v2\/posts\/232365\/revisions"}],"wp:featuredmedia":[{"embeddable":true,"href":"https:\/\/dimensionturistica.com\/es\/wp-json\/wp\/v2\/media\/232366"}],"wp:attachment":[{"href":"https:\/\/dimensionturistica.com\/es\/wp-json\/wp\/v2\/media?parent=232365"}],"wp:term":[{"taxonomy":"category","embeddable":true,"href":"https:\/\/dimensionturistica.com\/es\/wp-json\/wp\/v2\/categories?post=232365"},{"taxonomy":"post_tag","embeddable":true,"href":"https:\/\/dimensionturistica.com\/es\/wp-json\/wp\/v2\/tags?post=232365"}],"curies":[{"name":"wp","href":"https:\/\/api.w.org\/{rel}","templated":true}]}}