{"id":231811,"date":"2021-11-24T01:35:21","date_gmt":"2021-11-24T01:35:21","guid":{"rendered":"https:\/\/dimensionturistica.com\/es\/?p=231811"},"modified":"2021-11-24T01:35:21","modified_gmt":"2021-11-24T01:35:21","slug":"resuelva-sus-dudas-sobre-como-presentar-el-carne-de-vacunacion","status":"publish","type":"post","link":"https:\/\/dimensionturistica.com\/es\/resuelva-sus-dudas-sobre-como-presentar-el-carne-de-vacunacion\/","title":{"rendered":"Resuelva sus dudas sobre c\u00f3mo presentar el carn\u00e9 de vacunaci\u00f3n"},"content":{"rendered":"<p> <br \/>\n<\/p>\n<div>\n<h2 class=\"lead cita\" mlnid=\"idcon=38999295;order=3.0\">Si se le perdi\u00f3 y no tiene acceso al certificado digital, \u00a1tambi\u00e9n hay soluci\u00f3n!<\/h2>\n<div class=\"paragraph\" mlnid=\"idcon=38999297;order=5.0\">\n<p>En la billetera o en celular es posible llevar este documento que ahora le permite entrar a todo sitio p\u00fablico: bares, restaurantes, conciertos, partidos de f\u00fatbol y discotecas.<\/p>\n<p><b>\u00bfLo tiene f\u00edsico? Le sirve.<\/b> Lo \u00fanico que debe tener en cuenta es que, desde el 1 de diciembre, ser\u00e1 necesario que tenga aplicadas (y registradas en \u00e9l) las dos dosis de las vacunas que as\u00ed lo requieren, en el caso colombiano todas, a excepci\u00f3n de Janssen.<\/p>\n<p>Una de las recomendaciones adicionales que puede tener en cuenta es <b>plastificarlo,<\/b> de manera que le quede protegido y pueda seguir escribiendo en \u00e9l.<\/p>\n<p><b>\u00bfQuiere llevarlo en el celular? Para presentarlo as\u00ed tiene dos opciones.<\/b> La primera: tomarle una foto n\u00edtida a su carn\u00e9, en la que se vea su nombre, c\u00e9dula y las dosis recibidas. La segunda, descargar desde la p\u00e1gina net del Ministerio de Salud su certificado. Consulte el paso a paso.<\/p>\n<\/p><\/div>\n<div class=\"paragraph\" mlnid=\"idcon=38999300;order=7.0\">\n<p><b>\u00bfSe le perdi\u00f3 y no le aparece el certificado en la p\u00e1gina net de MinSalud?<\/b> Es sencillo: comun\u00edquese o ac\u00e9rquese a su IPS (la instituci\u00f3n donde normalmente le brindan servicios de salud) y solicite que le otorguen un nuevo carn\u00e9 o certificado que avale su vacunaci\u00f3n.<\/p>\n<p>Finalmente, recuerde que por ahora la medida rige solo para mayores de edad, pero a partir del 30 de noviembre incluir\u00e1 tambi\u00e9n a ni\u00f1os.<\/p>\n<\/p><\/div><\/div>\n<p><script>\/*<![CDATA[*\/!function(h,a,i,c,j,d,g){if(h.fbq){return}j=h.fbq=function(){j.callMethod?j.callMethod.apply(j,arguments):j.queue.push(arguments)};if(!h._fbq){h._fbq=j}j.push=j;j.loaded=!0;j.version=\"2.0\";j.queue=[];d=a.createElement(i);d.async=!0;d.src=c;g=a.getElementsByTagName(i)[0];g.parentNode.insertBefore(d,g)}(window,document,\"script\",\"\/\/connect.facebook.net\/en_US\/fbevents.js\");fbq(\"init\",\"378526515676058\");fbq(\"track\",\"PageView\");\/*]]>*\/<\/script><br \/>\n<br \/><\/p>\n<p><em> \u2018 The preceding article may include information circulated by third parties \u2019 <\/em><\/p>\n<p><em> \u2018 Some details of this article were extracted from the following source www.elcolombiano.com \u2019 <\/em><\/p>\n","protected":false},"excerpt":{"rendered":"<p>Si se le perdi\u00f3 y no tiene acceso al certificado digital, \u00a1tambi\u00e9n hay soluci\u00f3n! En la billetera o en celular es posible llevar este documento que ahora le permite entrar a todo sitio p\u00fablico: bares, restaurantes, conciertos, partidos de f\u00fatbol y discotecas. \u00bfLo tiene f\u00edsico? Le sirve. Lo \u00fanico que debe tener en cuenta es [&hellip;]<\/p>\n","protected":false},"author":2,"featured_media":231812,"comment_status":"open","ping_status":"closed","sticky":false,"template":"","format":"standard","meta":{"om_disable_all_campaigns":false,"jnews-multi-image_gallery":[],"jnews_single_post":[],"jnews_primary_category":[],"jnews_social_meta":[],"footnotes":""},"categories":[43],"tags":[36307],"class_list":["post-231811","post","type-post","status-publish","format-standard","has-post-thumbnail","hentry","category-gourmet","tag-laura-franco-salazar"],"_links":{"self":[{"href":"https:\/\/dimensionturistica.com\/es\/wp-json\/wp\/v2\/posts\/231811","targetHints":{"allow":["GET"]}}],"collection":[{"href":"https:\/\/dimensionturistica.com\/es\/wp-json\/wp\/v2\/posts"}],"about":[{"href":"https:\/\/dimensionturistica.com\/es\/wp-json\/wp\/v2\/types\/post"}],"author":[{"embeddable":true,"href":"https:\/\/dimensionturistica.com\/es\/wp-json\/wp\/v2\/users\/2"}],"replies":[{"embeddable":true,"href":"https:\/\/dimensionturistica.com\/es\/wp-json\/wp\/v2\/comments?post=231811"}],"version-history":[{"count":0,"href":"https:\/\/dimensionturistica.com\/es\/wp-json\/wp\/v2\/posts\/231811\/revisions"}],"wp:featuredmedia":[{"embeddable":true,"href":"https:\/\/dimensionturistica.com\/es\/wp-json\/wp\/v2\/media\/231812"}],"wp:attachment":[{"href":"https:\/\/dimensionturistica.com\/es\/wp-json\/wp\/v2\/media?parent=231811"}],"wp:term":[{"taxonomy":"category","embeddable":true,"href":"https:\/\/dimensionturistica.com\/es\/wp-json\/wp\/v2\/categories?post=231811"},{"taxonomy":"post_tag","embeddable":true,"href":"https:\/\/dimensionturistica.com\/es\/wp-json\/wp\/v2\/tags?post=231811"}],"curies":[{"name":"wp","href":"https:\/\/api.w.org\/{rel}","templated":true}]}}