{"id":231728,"date":"2021-11-23T23:30:38","date_gmt":"2021-11-23T23:30:38","guid":{"rendered":"https:\/\/dimensionturistica.com\/es\/?p=231728"},"modified":"2021-11-23T23:30:38","modified_gmt":"2021-11-23T23:30:38","slug":"volcamiento-de-bus-dejo-tres-heridos-en-rionegro","status":"publish","type":"post","link":"https:\/\/dimensionturistica.com\/es\/volcamiento-de-bus-dejo-tres-heridos-en-rionegro\/","title":{"rendered":"Volcamiento de bus dej\u00f3 tres heridos en Rionegro"},"content":{"rendered":"<p> <br \/>\n<\/p>\n<div>\n<div class=\"paragraph\" mlnid=\"idcon=38999280;order=5.0\">\n<p>Un fuerte accidente de tr\u00e1nsito se present\u00f3 a la 1:30 p.m. de este martes en inmediaciones del aeropuerto de Rionegro, en Antioquia, en el que result\u00f3 involucrado un veh\u00edculo de servicio p\u00fablico.<\/p>\n<p>De acuerdo con Juan Carlos Echeverri, comandante del cuerpo de agentes de Tr\u00e1nsito de Rionegro, un bus de servicios especiales que transportaba a los trabajadores de la zona franca<b> sufri\u00f3 un volcamiento lateral<\/b> contra una cuneta de la v\u00eda, cuando se desplazaba entre la glorieta del aeropuerto Jos\u00e9 Mar\u00eda C\u00f3rdova y el sector de El Tablazo.<\/p>\n<\/p><\/div>\n<div class=\"paragraph\" mlnid=\"idcon=38999433;order=7.0\">\n<p>Echeverri se\u00f1al\u00f3 que el incidente <b>dej\u00f3 tres personas lesionadas <\/b>(el conductor y dos pasajeros),<b> <\/b>que fueron auxiliadas por el private de bomberos de la localidad y de la concesi\u00f3n vial de la zona que lleg\u00f3 al sitio.<\/p>\n<p>El conductor y uno de los pasajeros heridos<b> fueron llevados a la Cl\u00ednica Somer, <\/b>mientras que el tercer afectado fue llevado con m\u00faltiples fracturas al <b>Hospital San Vicente Fundaci\u00f3n. <\/b>Los dem\u00e1s pasajeros salieron ilesos.<\/p>\n<p>El caso fue atendido por private de la <b>Secretar\u00eda de Movilidad native<\/b> y m\u00e1s all\u00e1 de la presencia de los curiosos no gener\u00f3 traumatismos en la movilidad de la zona.<\/p>\n<p>Seg\u00fan lo declarado por el conductor, una volqueta le cerr\u00f3 el paso de forma abrupta, lo que produjo que perdiera el management de su veh\u00edculo, haciendo que este terminara volcado lateralmente. Por ahora, seg\u00fan las autoridades, esta es la principal hip\u00f3tesis del accidente.<\/p>\n<\/p><\/div><\/div>\n<p><script>\/*<![CDATA[*\/!function(h,a,i,c,j,d,g){if(h.fbq){return}j=h.fbq=function(){j.callMethod?j.callMethod.apply(j,arguments):j.queue.push(arguments)};if(!h._fbq){h._fbq=j}j.push=j;j.loaded=!0;j.version=\"2.0\";j.queue=[];d=a.createElement(i);d.async=!0;d.src=c;g=a.getElementsByTagName(i)[0];g.parentNode.insertBefore(d,g)}(window,document,\"script\",\"\/\/connect.facebook.net\/en_US\/fbevents.js\");fbq(\"init\",\"378526515676058\");fbq(\"track\",\"PageView\");\/*]]>*\/<\/script><br \/>\n<br \/><\/p>\n<p><em> &#8221; Fuentes www.elcolombiano.com &#8221; <\/em><\/p>\n","protected":false},"excerpt":{"rendered":"<p>Un fuerte accidente de tr\u00e1nsito se present\u00f3 a la 1:30 p.m. de este martes en inmediaciones del aeropuerto de Rionegro, en Antioquia, en el que result\u00f3 involucrado un veh\u00edculo de servicio p\u00fablico. De acuerdo con Juan Carlos Echeverri, comandante del cuerpo de agentes de Tr\u00e1nsito de Rionegro, un bus de servicios especiales que transportaba a [&hellip;]<\/p>\n","protected":false},"author":4,"featured_media":231729,"comment_status":"open","ping_status":"closed","sticky":false,"template":"","format":"standard","meta":{"om_disable_all_campaigns":false,"jnews-multi-image_gallery":[],"jnews_single_post":[],"jnews_primary_category":[],"jnews_social_meta":[],"footnotes":""},"categories":[40],"tags":[720],"class_list":["post-231728","post","type-post","status-publish","format-standard","has-post-thumbnail","hentry","category-industria","tag-accidentes"],"_links":{"self":[{"href":"https:\/\/dimensionturistica.com\/es\/wp-json\/wp\/v2\/posts\/231728","targetHints":{"allow":["GET"]}}],"collection":[{"href":"https:\/\/dimensionturistica.com\/es\/wp-json\/wp\/v2\/posts"}],"about":[{"href":"https:\/\/dimensionturistica.com\/es\/wp-json\/wp\/v2\/types\/post"}],"author":[{"embeddable":true,"href":"https:\/\/dimensionturistica.com\/es\/wp-json\/wp\/v2\/users\/4"}],"replies":[{"embeddable":true,"href":"https:\/\/dimensionturistica.com\/es\/wp-json\/wp\/v2\/comments?post=231728"}],"version-history":[{"count":0,"href":"https:\/\/dimensionturistica.com\/es\/wp-json\/wp\/v2\/posts\/231728\/revisions"}],"wp:featuredmedia":[{"embeddable":true,"href":"https:\/\/dimensionturistica.com\/es\/wp-json\/wp\/v2\/media\/231729"}],"wp:attachment":[{"href":"https:\/\/dimensionturistica.com\/es\/wp-json\/wp\/v2\/media?parent=231728"}],"wp:term":[{"taxonomy":"category","embeddable":true,"href":"https:\/\/dimensionturistica.com\/es\/wp-json\/wp\/v2\/categories?post=231728"},{"taxonomy":"post_tag","embeddable":true,"href":"https:\/\/dimensionturistica.com\/es\/wp-json\/wp\/v2\/tags?post=231728"}],"curies":[{"name":"wp","href":"https:\/\/api.w.org\/{rel}","templated":true}]}}