{"id":231470,"date":"2021-11-23T18:05:30","date_gmt":"2021-11-23T18:05:30","guid":{"rendered":"https:\/\/dimensionturistica.com\/es\/?p=231470"},"modified":"2021-11-23T18:05:30","modified_gmt":"2021-11-23T18:05:30","slug":"crucero-le-champlain-llega-al-puerto-de-seybaplaya-campeche-el-primero-tras-dos-anos","status":"publish","type":"post","link":"https:\/\/dimensionturistica.com\/es\/crucero-le-champlain-llega-al-puerto-de-seybaplaya-campeche-el-primero-tras-dos-anos\/","title":{"rendered":"Crucero Le Champlain llega al puerto de Seybaplaya, Campeche; el primero tras dos a\u00f1os"},"content":{"rendered":"<p> <br \/>\n<\/p>\n<div id=\"cuerpo-nota\">\n<p>Despu\u00e9s de 24 meses, la ma\u00f1ana de este martes, arrib\u00f3 al <strong>puerto de Seybaplaya<\/strong> el crucero <strong>Le Champlain<\/strong> que en su inside tra\u00eda 50 turistas de diversas partes del mundo, principalmente franceses y americanos. Cabe destacar que, a diferencia del 2019, el arribo se efectu\u00f3 en lo oscurito, pues los medios de comunicaci\u00f3n no fueron invitados a pesar de que el espacio donde descendieron los viajeros es de casi 300 metros cuadrados.<\/p>\n<p class=\"image-align-center\"><img decoding=\"async\" alt=\"Especial\" height=\"576\" src=\"https:\/\/dimensionturistica.com\/es\/wp-content\/uploads\/2021\/11\/Crucero-Le-Champlain-llega-al-puerto-de-Seybaplaya-Campeche-el.jpeg\" width=\"768\"\/><\/p>\n<aside class=\"htmlinline\"\/>\n<aside class=\"relacionadas con-foto\">\n<h5>Noticias Relacionadas<\/h5>\n<\/aside>\n<p>De acuerdo con el Secretario de Turismo, Mauricio Arceo Pi\u00f1a, los ciudadanos que llegaron en la embarcaci\u00f3n recorrieron el Centro Hist\u00f3rico de Campeche,\u00a0los museos que en el primer cuadro de la ciudad se encuentran, las calles coloniales, la catedral de la ciudad, el museo casa 6 y la tienda de <strong>artesan\u00edas Tukuln\u00e1<\/strong>.\u00a0<\/p>\n<p>Como recordar\u00e1, fue exactamente dos a\u00f1os atr\u00e1s, el pasado noviembre de 2019 cuando lleg\u00f3 la primera de siete corridas pronosticadas de este nav\u00edo. En la llegada inaugural, a diferencia de la ocurrida el d\u00eda de hoy, la Secretar\u00eda de Turismo mont\u00f3 seis stands en el \u00e1rea de atraque para mostrar diversas estampas culturales e hist\u00f3ricas del estado como la tradicional limpieza de huesos en Pomuch, los ataques piratas y el folclor.\u00a0<\/p>\n<aside class=\"htmlinline\"\/>\n<p class=\"image-align-center\"><img decoding=\"async\" alt=\"Especial\" height=\"576\" src=\"https:\/\/dimensionturistica.com\/es\/wp-content\/uploads\/2021\/11\/1637690726_600_Crucero-Le-Champlain-llega-al-puerto-de-Seybaplaya-Campeche-el.jpeg\" width=\"768\"\/><\/p>\n<p>La trayectoria de este crucero, fue el mismo que se ten\u00eda trazado desde a\u00f1os atr\u00e1s, pues sali\u00f3 de Cozumel, Quintana Roo y borde\u00f3 la <strong>Pen\u00ednsula de Yucat\u00e1n<\/strong> para llegar a Seybaplaya; posterior a, navegar\u00e1 a Dos Bocas, Tabasco; despu\u00e9s, se dirigir\u00e1 a <strong>Progreso<\/strong>, Yucat\u00e1n para luego retornar a Cozumel.<\/p>\n<p>S\u00edguenos en <a rel=\"nofollow noopener\" target=\"_blank\" href=\"https:\/\/news.google.com\/publications\/CAAqBwgKMMLDmwswhs6zAw?oc=3&amp;ceid=MX:es-419&amp;hl=es-419&amp;gl=MX\">Google News<\/a> y recibe la mejor informaci\u00f3n.<\/p>\n<p>JG\n<\/p>\n<\/div>\n<p><script>\n      window.fbAsyncInit = function() {\n        FB.init({\n          appId      : '{292213061927134}',\n          status     : true,\n\t\t  version:  'v2.7',\n          xfbml      : true\n        });\nFB.Event.subscribe('comment.create', function (response) {grabacom_compa(299951)});\t\nFB.Event.subscribe('comment.remove',  function (response) {grabacom_compa(299951)});\t\nFB.Event.subscribe('edge.create',  function (response) {grabacom_compa(299951)});\nFB.Event.subscribe('edge.remove',  function (response) {grabacom_compa(299951)});\n      };\n(function(d, s, id) {\n  var js, fjs = d.getElementsByTagName(s)[0];\n  if (d.getElementById(id)) return;\n  js = d.createElement(s); js.id = id;\n  js.src = \"\/\/connect.facebook.net\/es_LA\/sdk.js#xfbml=1&version=v2.7&appId=292213061927134\";\n  fjs.parentNode.insertBefore(js, fjs);\n}(document, 'script', 'facebook-jssdk'));\n    <\/script><br \/>\n<br \/><\/p>\n<p><em> &#8221; Fuentes www.poresto.net &#8221; <\/em><\/p>\n","protected":false},"excerpt":{"rendered":"<p>Despu\u00e9s de 24 meses, la ma\u00f1ana de este martes, arrib\u00f3 al puerto de Seybaplaya el crucero Le Champlain que en su inside tra\u00eda 50 turistas de diversas partes del mundo, principalmente franceses y americanos. Cabe destacar que, a diferencia del 2019, el arribo se efectu\u00f3 en lo oscurito, pues los medios de comunicaci\u00f3n no fueron [&hellip;]<\/p>\n","protected":false},"author":4,"featured_media":231472,"comment_status":"open","ping_status":"closed","sticky":false,"template":"","format":"standard","meta":{"om_disable_all_campaigns":false,"jnews-multi-image_gallery":[],"jnews_single_post":[],"jnews_primary_category":[],"jnews_social_meta":[],"footnotes":""},"categories":[41],"tags":[1202,36265,36266],"class_list":["post-231470","post","type-post","status-publish","format-standard","has-post-thumbnail","hentry","category-cruceros","tag-campeche","tag-crucero-le-champlain","tag-puerto-seybaplaya"],"_links":{"self":[{"href":"https:\/\/dimensionturistica.com\/es\/wp-json\/wp\/v2\/posts\/231470","targetHints":{"allow":["GET"]}}],"collection":[{"href":"https:\/\/dimensionturistica.com\/es\/wp-json\/wp\/v2\/posts"}],"about":[{"href":"https:\/\/dimensionturistica.com\/es\/wp-json\/wp\/v2\/types\/post"}],"author":[{"embeddable":true,"href":"https:\/\/dimensionturistica.com\/es\/wp-json\/wp\/v2\/users\/4"}],"replies":[{"embeddable":true,"href":"https:\/\/dimensionturistica.com\/es\/wp-json\/wp\/v2\/comments?post=231470"}],"version-history":[{"count":0,"href":"https:\/\/dimensionturistica.com\/es\/wp-json\/wp\/v2\/posts\/231470\/revisions"}],"wp:featuredmedia":[{"embeddable":true,"href":"https:\/\/dimensionturistica.com\/es\/wp-json\/wp\/v2\/media\/231472"}],"wp:attachment":[{"href":"https:\/\/dimensionturistica.com\/es\/wp-json\/wp\/v2\/media?parent=231470"}],"wp:term":[{"taxonomy":"category","embeddable":true,"href":"https:\/\/dimensionturistica.com\/es\/wp-json\/wp\/v2\/categories?post=231470"},{"taxonomy":"post_tag","embeddable":true,"href":"https:\/\/dimensionturistica.com\/es\/wp-json\/wp\/v2\/tags?post=231470"}],"curies":[{"name":"wp","href":"https:\/\/api.w.org\/{rel}","templated":true}]}}