{"id":231330,"date":"2021-11-23T14:51:35","date_gmt":"2021-11-23T14:51:35","guid":{"rendered":"https:\/\/dimensionturistica.com\/es\/?p=231330"},"modified":"2021-11-23T14:51:35","modified_gmt":"2021-11-23T14:51:35","slug":"anclara-este-miercoles-velero-noruego-en-terminal-de-cruceros-sierra-maestra","status":"publish","type":"post","link":"https:\/\/dimensionturistica.com\/es\/anclara-este-miercoles-velero-noruego-en-terminal-de-cruceros-sierra-maestra\/","title":{"rendered":"Anclar\u00e1 este mi\u00e9rcoles velero noruego en Terminal de Cruceros Sierra Maestra"},"content":{"rendered":"<p> <br \/>\n<\/p>\n<div id=\"\">\n\t\t\t\t\t\t\t\t&#13;<\/p>\n<p><img decoding=\"async\" src=\"https:\/\/dimensionturistica.com\/es\/wp-content\/uploads\/2021\/11\/Anclara-este-miercoles-velero-noruego-en-Terminal-de-Cruceros-Sierra.jpg\" alt=\"El velero noruego Statsraad Lehmkuhl atracar\u00e1 este mi\u00e9rcoles en la Terminal de Cruceros Sierra Maestra en una visita que forma parte de la iniciativa One Ocean y su vuelta al mundo por el conocimiento, la educaci\u00f3n y la diplomacia.\"\/><\/p>\n<p>&#13;<\/p>\n<p>La Habana, 23 nov (ACN) El velero noruego Statsraad Lehmkuhl atracar\u00e1 este mi\u00e9rcoles en la Terminal de Cruceros Sierra Maestra en una visita que forma parte de la iniciativa One Ocean y su vuelta al mundo por el conocimiento, la educaci\u00f3n y la diplomacia.<\/p>\n<p>&#13;<\/p>\n<p>La llegada de la embarcaci\u00f3n debe ser a las 10 de la ma\u00f1ana, seg\u00fan especialistas del <strong><a rel=\"nofollow noopener\" target=\"_blank\" href=\"https:\/\/www.citma.gob.cu\/\">Ministerio de Ciencia, Tecnolog\u00eda y Medio Ambiente (CITMA)<\/a><\/strong>, los cuales atribuyeron su expedici\u00f3n al intercambio de nuevos conocimientos sobre el oc\u00e9ano y contribuir al cumplimiento de los Objetivos de Desarrollo Sostenible de la ONU.<\/p>\n<p>&#13;<\/p>\n<p>De acuerdo con el programa de su estancia, el recibimiento estar\u00e1 a cargo de representantes de la embajada de Noruega en Cuba, del CITMA y del Membership N\u00e1utico Internacional Hemingway de Cuba.<\/p>\n<p>&#13;<\/p>\n<p>Un d\u00eda despu\u00e9s ser\u00e1 inaugurada a bordo una Feria Expositiva, el viernes organizar\u00e1n, en el Lodge Nacional de Cuba, un Seminario sobre Sostenibilidad, Medio Ambiente y Gobernanza para el futuro del Oc\u00e9ano, en coordinaci\u00f3n con el Centro de Investigaciones Pesqueras y el Instituto de Investigaciones Marinas<\/p>\n<p>&#13;<\/p>\n<p>Representantes de Organismos de la Administraci\u00f3n Central del Estado y diplom\u00e1ticos de Noruega firmar\u00e1n en la propia embarcaci\u00f3n un proyecto denominado NORAD: Producci\u00f3n de alevines marinos en Cuba.<\/p>\n<p>&#13;<\/p>\n<p>Ese mismo d\u00eda realizar\u00e1n una visita de campo al criadero de peces pertenecientes al Centro de Investigaciones Pesqueras.<\/p>\n<p>&#13;<\/p>\n<p>La tripulaci\u00f3n del Statsraad Lehmkuhl levar\u00e1 anclas el pr\u00f3ximo domingo hacia Nassau, Bahamas.<\/p>\n<p>&#13;<\/p>\n<p>Este buque escuela, construido en 1914, posee tres m\u00e1stiles, y es propiedad y operado por la Fundaci\u00f3n Statsraad Lehmkuhl, con sede en Bergen, Noruega, donde ofrece servicios para varios prop\u00f3sitos, incluido para la noruega Royal Navy.<\/p>\n<p>&#13;<\/p>\n<p>La ONU aprob\u00f3 en 2015 la Agenda 2030 sobre el Desarrollo Sostenible, una oportunidad para que los pa\u00edses y sus sociedades emprendan un nuevo camino con el que mejorar la vida de todos, sin dejar a nadie atr\u00e1s.<\/p>\n<p>&#13;<\/p>\n<p>Cuenta con 17 Objetivos de Desarrollo Sostenible, que incluyen desde la eliminaci\u00f3n de la pobreza hasta el combate al cambio clim\u00e1tico, la educaci\u00f3n, la igualdad de la mujer, la defensa del medio ambiente o el dise\u00f1o de ciudades.<\/p>\n<p>&#13;<\/p>\n<p><strong>Lea tambi\u00e9n:\u00a0<a rel=\"nofollow noopener\" target=\"_blank\" href=\"http:\/\/www.acn.cu\/medio-ambiente\/87056-ejecutan-en-cuba-proyecto-para-aplicar-herramientas-de-inteligencia-artificial-en-el-tratamiento-de-la-covid-19\">Ejecutan en Cuba proyecto para aplicar herramientas de inteligencia artificial en el tratamiento de la COVID-19<\/a><\/strong><\/p>\n<\/p><\/div>\n\n<p><em> &#8221; Fuentes www.acn.cu &#8221; <\/em><\/p>\n","protected":false},"excerpt":{"rendered":"<p>&#13; &#13; La Habana, 23 nov (ACN) El velero noruego Statsraad Lehmkuhl atracar\u00e1 este mi\u00e9rcoles en la Terminal de Cruceros Sierra Maestra en una visita que forma parte de la iniciativa One Ocean y su vuelta al mundo por el conocimiento, la educaci\u00f3n y la diplomacia. &#13; La llegada de la embarcaci\u00f3n debe ser a [&hellip;]<\/p>\n","protected":false},"author":4,"featured_media":231331,"comment_status":"open","ping_status":"closed","sticky":false,"template":"","format":"standard","meta":{"om_disable_all_campaigns":false,"jnews-multi-image_gallery":[],"jnews_single_post":[],"jnews_primary_category":[],"jnews_social_meta":[],"footnotes":""},"categories":[41],"tags":[956,36261,36260,36259,36258],"class_list":["post-231330","post","type-post","status-publish","format-standard","has-post-thumbnail","hentry","category-cruceros","tag-cuba","tag-la-educacion-y-la-diplomacia","tag-one-ocean-y-su-vuelta-al-mundo-por-el-conocimiento","tag-terminal-de-cruceros-sierra-maestra","tag-velero-noruego-statsraad-lehmkuhl"],"_links":{"self":[{"href":"https:\/\/dimensionturistica.com\/es\/wp-json\/wp\/v2\/posts\/231330","targetHints":{"allow":["GET"]}}],"collection":[{"href":"https:\/\/dimensionturistica.com\/es\/wp-json\/wp\/v2\/posts"}],"about":[{"href":"https:\/\/dimensionturistica.com\/es\/wp-json\/wp\/v2\/types\/post"}],"author":[{"embeddable":true,"href":"https:\/\/dimensionturistica.com\/es\/wp-json\/wp\/v2\/users\/4"}],"replies":[{"embeddable":true,"href":"https:\/\/dimensionturistica.com\/es\/wp-json\/wp\/v2\/comments?post=231330"}],"version-history":[{"count":0,"href":"https:\/\/dimensionturistica.com\/es\/wp-json\/wp\/v2\/posts\/231330\/revisions"}],"wp:featuredmedia":[{"embeddable":true,"href":"https:\/\/dimensionturistica.com\/es\/wp-json\/wp\/v2\/media\/231331"}],"wp:attachment":[{"href":"https:\/\/dimensionturistica.com\/es\/wp-json\/wp\/v2\/media?parent=231330"}],"wp:term":[{"taxonomy":"category","embeddable":true,"href":"https:\/\/dimensionturistica.com\/es\/wp-json\/wp\/v2\/categories?post=231330"},{"taxonomy":"post_tag","embeddable":true,"href":"https:\/\/dimensionturistica.com\/es\/wp-json\/wp\/v2\/tags?post=231330"}],"curies":[{"name":"wp","href":"https:\/\/api.w.org\/{rel}","templated":true}]}}