{"id":231223,"date":"2021-11-23T11:33:28","date_gmt":"2021-11-23T11:33:28","guid":{"rendered":"https:\/\/dimensionturistica.com\/es\/?p=231223"},"modified":"2021-11-23T11:33:29","modified_gmt":"2021-11-23T11:33:29","slug":"viajes-a-austria-que-se-puede-reclamar-ante-el-cierre-del-pais-al-turismo","status":"publish","type":"post","link":"https:\/\/dimensionturistica.com\/es\/viajes-a-austria-que-se-puede-reclamar-ante-el-cierre-del-pais-al-turismo\/","title":{"rendered":"Viajes a Austria, \u00bfqu\u00e9 se puede reclamar ante el cierre del pa\u00eds al turismo?"},"content":{"rendered":"<p> <br \/>\n<\/p>\n<div>\n<div class=\"wysiwyg-photo\"><img decoding=\"async\" src=\"https:\/\/static.hosteltur.com\/app\/public\/uploads\/img\/releases\/2021\/11\/23\/L_121215_hofburg-imperial-palace-viena.jpg\" alt=\"Imagen nota de prensa Hosteltur\" width=\"1280\" height=\"680\"\/><\/div>\n<p><strong>Madrid, 23 de noviembre de 2021.<\/strong> Austria ha vuelto al confinamiento complete desde ayer lunes para frenar la cuarta oleada del Covid-19. Echar\u00e1n el cierre tanto el comercio no esencial (restaurantes, bares y hosteler\u00eda) como los museos, eventos culturales y espect\u00e1culos durante 20 d\u00edas, hasta el 12 de diciembre.<\/p>\n<p>Se trata del primer pa\u00eds de Europa que impone un nuevo confinamiento en todo el pa\u00eds. Esta decisi\u00f3n, seg\u00fan el Gobierno austr\u00edaco, supone prohibir los viajes por motivos de turismo. Pero, \u00bfqu\u00e9 pasa con los usuarios que ten\u00edan un viaje programado para estas fechas donde estar\u00e1n en vigor las nuevas restricciones?<\/p>\n<p>Hay que destacar que al margen de la prohibici\u00f3n absoluta de entrar al pa\u00eds cuando se trata de un viaje de ocio, se puede acceder a Austria por otras cuestiones, acreditando la vacunaci\u00f3n completa, de haber pasado el Covid-19 o un PCR negativo.<\/p>\n<p><strong>\u00bfQu\u00e9 hacer si se ten\u00eda previsto viajar a Austria entre ayer, 22 de noviembre y el 12 de diciembre? \u00bfC\u00f3mo reclamar? <\/strong><\/p>\n<p>En este sentido, reclamador.es se\u00f1ala que lo primero que hay que plantearse es si el pasajero dispone o no de un seguro de cancelaci\u00f3n contratado.<\/p>\n<p><strong>&#8211; Con seguro de viaje<\/strong><\/p>\n<p>Con la reactivaci\u00f3n de los viajes por ocio, los seguros de cancelaci\u00f3n o anulaci\u00f3n de viajes ya contemplan las circunstancias derivadas de la Covid-19. Es muy importante revisar detenidamente el condicionado de la p\u00f3liza para saber qu\u00e9 se puede reclamar en caso de tener contratado seguro cancelaci\u00f3n y no poder realizar el viaje como es el caso austr\u00edaco.<\/p>\n<p>reclamador.es, en vista a los cierres de pa\u00edses y posibles anulaciones de viajes en los pr\u00f3ximos meses, aconseja la suscripci\u00f3n de un seguro que cubra las posibles cancelaciones por Covid-19.<\/p>\n<p>Aunque antes no period frecuente esta cobertura, y de hecho se exclu\u00edan las pandemias para recibir la indemnizaci\u00f3n, la evoluci\u00f3n de esta ha hecho necesario que contemplen los diferentes escenarios ante los que se pueden encontrar los viajeros.<\/p>\n<p>Como en todo, recalca reclamador.es, hay que leer sus condiciones para ver la extensi\u00f3n de las coberturas y el importe que se indemniza, pero con car\u00e1cter common, puede decirse que protegen tanto del cierre perimetral o confinamiento \u201cpor sorpresa\u201d del lugar de destino, como de la imposibilidad de disfrutar de las vacaciones por ser el viajero quien ha contra\u00eddo la enfermedad o ser contacto estrecho.<\/p>\n<p><strong>&#8211; Sin seguro de viaje<\/strong><\/p>\n<p>Como Austria ha quedado confinado, estamos ante un caso de fuerza mayor y se podr\u00eda reclamar por ello.<\/p>\n<p>Si hablamos de billetes de avi\u00f3n, como ha sido el Gobierno de Austria quien ha restringido la entrada al pa\u00eds, el pasajero no tendr\u00eda derecho a reclamar gastos ni compensaci\u00f3n pero s\u00ed recibir\u00eda el reembolso del billete por parte de la aerol\u00ednea al tratarse de una causa de fuerza mayor.<\/p>\n<p>Adem\u00e1s, actualmente, hay muchas aerol\u00edneas que dentro de sus condiciones permiten cambiar las fechas del viaje, con un plan versatile, por ejemplo. El viajero tendr\u00e1 que comprobar la tarifa adquirida y contactar con la compa\u00f1\u00eda para optar por el reembolso o un cambio en las fechas del viaje.<\/p>\n<p>En caso de alojamientos, habr\u00eda que comprobar las condiciones de la cancelaci\u00f3n para saber si se puede hacer con complete libertad (hay ofertas que no lo permiten), o por el contrario se aplicar\u00e1 alguna penalizaci\u00f3n.<\/p>\n<p>En caso de entradas a museos y eventos culturales, salvo que haya contratado un seguro de cancelaci\u00f3n y \u00e9ste se haga cargo de los mismos, el usuario no podr\u00e1 optar a la devoluci\u00f3n de las mismas.<\/p>\n<\/p><\/div>\n\n<p><em> &#8221; Fuentes www.hosteltur.com &#8221; <\/em><\/p>\n","protected":false},"excerpt":{"rendered":"<p>Madrid, 23 de noviembre de 2021. Austria ha vuelto al confinamiento complete desde ayer lunes para frenar la cuarta oleada del Covid-19. Echar\u00e1n el cierre tanto el comercio no esencial (restaurantes, bares y hosteler\u00eda) como los museos, eventos culturales y espect\u00e1culos durante 20 d\u00edas, hasta el 12 de diciembre. Se trata del primer pa\u00eds de [&hellip;]<\/p>\n","protected":false},"author":4,"featured_media":231224,"comment_status":"open","ping_status":"closed","sticky":false,"template":"","format":"standard","meta":{"om_disable_all_campaigns":false,"jnews-multi-image_gallery":[],"jnews_single_post":[],"jnews_primary_category":[],"jnews_social_meta":[],"footnotes":""},"categories":[39],"tags":[1555],"class_list":["post-231223","post","type-post","status-publish","format-standard","has-post-thumbnail","hentry","category-viajes","tag-transportes"],"_links":{"self":[{"href":"https:\/\/dimensionturistica.com\/es\/wp-json\/wp\/v2\/posts\/231223","targetHints":{"allow":["GET"]}}],"collection":[{"href":"https:\/\/dimensionturistica.com\/es\/wp-json\/wp\/v2\/posts"}],"about":[{"href":"https:\/\/dimensionturistica.com\/es\/wp-json\/wp\/v2\/types\/post"}],"author":[{"embeddable":true,"href":"https:\/\/dimensionturistica.com\/es\/wp-json\/wp\/v2\/users\/4"}],"replies":[{"embeddable":true,"href":"https:\/\/dimensionturistica.com\/es\/wp-json\/wp\/v2\/comments?post=231223"}],"version-history":[{"count":0,"href":"https:\/\/dimensionturistica.com\/es\/wp-json\/wp\/v2\/posts\/231223\/revisions"}],"wp:featuredmedia":[{"embeddable":true,"href":"https:\/\/dimensionturistica.com\/es\/wp-json\/wp\/v2\/media\/231224"}],"wp:attachment":[{"href":"https:\/\/dimensionturistica.com\/es\/wp-json\/wp\/v2\/media?parent=231223"}],"wp:term":[{"taxonomy":"category","embeddable":true,"href":"https:\/\/dimensionturistica.com\/es\/wp-json\/wp\/v2\/categories?post=231223"},{"taxonomy":"post_tag","embeddable":true,"href":"https:\/\/dimensionturistica.com\/es\/wp-json\/wp\/v2\/tags?post=231223"}],"curies":[{"name":"wp","href":"https:\/\/api.w.org\/{rel}","templated":true}]}}