{"id":230776,"date":"2021-11-22T18:46:19","date_gmt":"2021-11-22T18:46:19","guid":{"rendered":"https:\/\/dimensionturistica.com\/es\/?p=230776"},"modified":"2021-11-22T18:46:20","modified_gmt":"2021-11-22T18:46:20","slug":"covid-europa-toma-medidas-por-la-cuarta-ola-de-la-pandemia-europa-internacional","status":"publish","type":"post","link":"https:\/\/dimensionturistica.com\/es\/covid-europa-toma-medidas-por-la-cuarta-ola-de-la-pandemia-europa-internacional\/","title":{"rendered":"Covid: Europa toma medidas por la cuarta ola de la pandemia &#8211; Europa &#8211; Internacional"},"content":{"rendered":"<p> <br \/>\n<\/p>\n<div itemprop=\"articleBody\">\n<p class=\"contenido\" id=\"p633937-m1115-1114-1116\" spellcheck=\"false\" data-ms-editor=\"true\">Los nuevos contagios por <b>coronavirus <\/b>en <b>Europa <\/b>llevaron\u00a0a restricciones como el confinamiento complete en Austria, la obligatoriedad de la vacuna o exigencia de un certificado de tener la pauta completa, mientras se suceden las protestas por estas u otras medidas.<\/p>\n<p>(Lea aqu\u00ed: <a rel=\"nofollow noopener\" target=\"_blank\" href=\"https:\/\/www.eltiempo.com\/mundo\/europa\/coronavirus-paises-que-han-restringido-a-quienes-no-se-vacunan-632504\">Las duras medidas contra los no vacunados en el mundo<\/a>)<\/p>\n<p> <span class=\"articulo-subtitulo\" id=\"p633937-m1159-2-1160\" spellcheck=\"false\" data-ms-editor=\"true\">Austria con la cifra de contagios m\u00e1s alta registrada<\/span><\/p>\n<p class=\"contenido\" id=\"p633937-m1165-3-1166\" spellcheck=\"false\" data-ms-editor=\"true\"><b>Austria <\/b>contabiliz\u00f3 en las \u00faltimas 24 horas 13.806 nuevos contagios por coronavirus, la cifra m\u00e1s alta registrada en un lunes desde el inicio de la pandemia en este pa\u00eds que hoy se ha convertido en el primero de\u00a0Europa que impone un confinamiento para frenar la precise oleada de la pandemia de covid. <\/p>\n<p>En los hospitales de algunas regiones las unidades de cuidados intensivos se han llenado con pacientes de covid y est\u00e1n al borde del colapso, lo que oblig\u00f3 a posponer numerosas operaciones y tratamientos de diversas enfermedades. <\/p>\n<p>El crecimiento altamente exponencial de los contagios es atribuido a la llegada de la temporada fr\u00eda, la agresividad de la variante delta y, sobre todo, al relativamente bajo \u00edndice de vacunaci\u00f3n. <\/p>\n<p>Hasta el momento, 5,9 millones de personas, es decir, un 66 por ciento del complete de 8,9 millones de habitantes, recibi\u00f3 la pauta completa de una vacuna contra el coronavirus.<\/p>\n<p>(Le puede interesar: <a rel=\"nofollow noopener\" target=\"_blank\" href=\"https:\/\/www.eltiempo.com\/mundo\/europa\/austria-decretan-confinamiento-total-por-casos-de-covid-19-633272\">Austria decreta confinamiento total de su poblaci\u00f3n por casos de covid-19<\/a>)<\/p>\n<div class=\"fotografia\" id=\"p633937-m1171-4-1172\">\n<div class=\"imagen-cuerpo-bk\">\n<figure itemscope=\"\" itemtype=\"https:\/\/schema.org\/ImageObject\" itemprop=\"image\" id=\"m1176-1175-1177\" class=\"foto-galeria-articulo\"><img decoding=\"async\" alt=\"Covid Austria\" src=\"data:image\/png;base64,iVBORw0KGgoAAAANSUhEUgAAAAIAAAABCAQAAABeK7cBAAAAC0lEQVR42mNkAAIAAAoAAv\/lxKUAAAAASUVORK5CYII=\" style=\" display: inline;\" width=\"652px\" height=\"366px\" data-original=\"\/files\/article_content_new\/uploads\/2021\/11\/22\/619bcc14eaffe.jpeg\"\/><meta itemprop=\"width\" content=\"652\"\/><meta itemprop=\"height\" content=\"366\"\/><meta itemprop=\"url\" content=\"https:\/\/www.eltiempo.com\/files\/article_content_new\/uploads\/2021\/11\/22\/619bcc14eaffe.jpeg\"\/><\/figure>\n<\/div>\n<div class=\"figcaption-cuerpo-bk credito-image-bk\"><figcaption class=\"foto-info\">\n<div class=\"titulo-foto-bk\">\n<p id=\"m1183-1-1184\" class=\"titulo\" spellcheck=\"false\" data-ms-editor=\"true\">Una mujer limpia la calle en un mercado navide\u00f1o cerrado el primer d\u00eda de un cierre nacional en Viena, Austria, el 22 de noviembre de 2021.<\/p>\n<\/div>\n<div class=\"credito-apertura-strong-bk credito-image-bk\">\n<strong>Foto:<\/strong><\/p>\n<p id=\"m1189-2-1190\" class=\"autor\" spellcheck=\"false\" data-ms-editor=\"true\">EFE \/ EPA \/ CHRISTIAN BRUNA<\/p>\n<\/div>\n<\/figcaption><\/div>\n<\/div>\n<p><span class=\"articulo-subtitulo\" id=\"p633937-m1197-5-1198\" spellcheck=\"false\" data-ms-editor=\"true\">Alemania con una\u00a0tasa insuficiente de vacunaci\u00f3n<\/span><\/p>\n<p class=\"contenido\" id=\"p633937-m1203-6-1204\" spellcheck=\"false\" data-ms-editor=\"true\">La incidencia acumulada sum\u00f3 en <b>Alemania <\/b>otro nuevo pico, con 386,5 nuevos contagios con coronavirus por cada 100.000 habitantes en siete d\u00edas, mientras la tasa insuficiente de vacunaci\u00f3n, del 68 por ciento, abre el debate sobre su obligatoriedad.<\/p>\n<p>Las autoridades sanitarias notificaron 30.643 nuevas infecciones en 24 horas y 62 muertos, mientras la cifra de casos activos se dispara a 637.200, seg\u00fan datos del Instituto Robert Koch (RKI) de virolog\u00eda actualizados la pasada madrugada.<\/p>\n<p>La tasa de vacunaci\u00f3n en Alemania sigue siendo de las m\u00e1s bajas de Europa, con apenas un 70,5 por ciento de la poblaci\u00f3n vacunada, el 68,0 por ciento, con la pauta completa, lo que ha abierto el debate sobe una posible obligatoriedad.<\/p>\n<p>(Tambi\u00e9n: <a rel=\"nofollow noopener\" target=\"_blank\" href=\"https:\/\/www.eltiempo.com\/mundo\/europa\/covid-parlamento-aleman-aprueba-su-plan-para-lidiar-con-pandemia-633096\">Parlamento alem\u00e1n aprueba su plan para luchar contra la pandemia<\/a>)<\/p>\n<div class=\"fotografia\" id=\"p633937-m1209-7-1210\">\n<div class=\"imagen-cuerpo-bk\">\n<figure itemscope=\"\" itemtype=\"https:\/\/schema.org\/ImageObject\" itemprop=\"image\" id=\"m1214-1213-1215\" class=\"foto-galeria-articulo\"><img decoding=\"async\" alt=\"Alemania covid\" src=\"data:image\/png;base64,iVBORw0KGgoAAAANSUhEUgAAAAIAAAABCAQAAABeK7cBAAAAC0lEQVR42mNkAAIAAAoAAv\/lxKUAAAAASUVORK5CYII=\" style=\" display: inline;\" width=\"652px\" height=\"366px\" data-original=\"\/files\/article_content_new\/uploads\/2021\/11\/22\/619bcc55bcc42.jpeg\"\/><meta itemprop=\"width\" content=\"652\"\/><meta itemprop=\"height\" content=\"366\"\/><meta itemprop=\"url\" content=\"https:\/\/www.eltiempo.com\/files\/article_content_new\/uploads\/2021\/11\/22\/619bcc55bcc42.jpeg\"\/><\/figure>\n<\/div>\n<div class=\"figcaption-cuerpo-bk credito-image-bk\"><figcaption class=\"foto-info\">\n<div class=\"titulo-foto-bk\">\n<p id=\"m1221-1-1222\" class=\"titulo\" spellcheck=\"false\" data-ms-editor=\"true\">Miembros de la cola p\u00fablica para las vacunas Covid-19 en una estaci\u00f3n de metro en Frankfurt, Alemania, el lunes 22 de noviembre de 2021.<\/p>\n<\/div>\n<div class=\"credito-apertura-strong-bk credito-image-bk\">\n<strong>Foto:<\/strong><\/p>\n<p id=\"m1227-2-1228\" class=\"autor\" spellcheck=\"false\" data-ms-editor=\"true\">Alex Kraus \/ Bloomberg<\/p>\n<\/div>\n<\/figcaption><\/div>\n<\/div>\n<p class=\"contenido\" id=\"p633937-m1235-8-1236\" spellcheck=\"false\" data-ms-editor=\"true\">En declaraciones a la cadena p\u00fablica ZDF, el presidente del RKI, Lothar Wieler, subray\u00f3 la importancia de vacunar al m\u00e1ximo n\u00famero de personas y a administrar la dosis de refuerzo a aquellos inmunizados ya con la pauta completa. <\/p>\n<p>No obstante, se mostr\u00f3 m\u00e1s contenido en lo que respecta a la obligatoriedad de la vacuna, que deber\u00eda ser estudiada como \u00faltimo recurso, agreg\u00f3.<\/p>\n<p><span class=\"articulo-subtitulo\" id=\"p633937-m1241-9-1242\" spellcheck=\"false\" data-ms-editor=\"true\">Pa\u00edses bajos, arrestos en protestas por las restricciones<\/span><\/p>\n<p class=\"contenido\" id=\"p633937-m1247-10-1248\" spellcheck=\"false\" data-ms-editor=\"true\">Una treinta de personas fueron arrestadas durante la pasada noche por provocar disturbios en diferentes ciudades de <b>Pa\u00edses Bajos<\/b> en protestas por las restricciones aplicadas por la pandemia, mientras la Polic\u00eda hace un llamamiento a los padres para evitar poner \u201cen peligro la vida\u201d de sus hijos, despu\u00e9s de que un tercio de detenidos los \u00faltimos d\u00edas fueran menores.<\/p>\n<p>Las ciudades afectadas declararon una \u201corden de emergencia\u201d municipal, que permite a los polic\u00edas actuar e imponer restricciones para frenar a esos grupos de j\u00f3venes que se convocaron por redes sociales para provocar disturbios, lanzar fuegos artificiales, causar incendios con la quema de coches, bicis y motos, y lanzar piedras y objetos a los agentes.<\/p>\n<p>(Le puede interesar: <a rel=\"nofollow noopener\" target=\"_blank\" href=\"https:\/\/www.eltiempo.com\/mundo\/europa\/europa-nueva-ola-de-covid-19-ya-sacude-al-continente-con-fuerza-633636\">Una nueva ola de covid-19 ya sacude a Europa con fuerza<\/a>)<\/p>\n<p><span class=\"articulo-subtitulo\" id=\"p633937-m1253-11-1254\" spellcheck=\"false\" data-ms-editor=\"true\">Italia en investigaciones por &#8216;corona-fiestas&#8217;<\/span><\/p>\n<p class=\"contenido\" id=\"p633937-m1259-12-1260\" spellcheck=\"false\" data-ms-editor=\"true\">La Fiscal\u00eda de Bolzano (norte de Italia) ha abierto una investigaci\u00f3n sobre las llamadas &#8220;corona-fiestas&#8221;, una pr\u00e1ctica que se ha puesto de moda, sobre todo entre los j\u00f3venes, para contagiarse del coronavirus con la intenci\u00f3n de superar la enfermedad y poder obtener el certificado sanitario.<\/p>\n<p>La intenci\u00f3n de los participantes es contagiarse para superar el covid-19, uno de los criterios -junto a la vacunaci\u00f3n y la negatividad- para obtener el certificado sanitario y que en Italia es obligatorio para el trabajo y el ocio. <\/p>\n<p>Esta pr\u00e1ctica, extendida en Alemania y Austria, lleg\u00f3 incluso a involucrar a ni\u00f1os de escuelas primarias, cuyos padres antivacunas les llevan a reunirse con positivos de covid para desarrollar el contagio y la inmunizaci\u00f3n.<\/p>\n<p>(Lea aqu\u00ed:<a rel=\"nofollow noopener\" target=\"_blank\" href=\"https:\/\/www.eltiempo.com\/mundo\/europa\/covid-italia-investiga-las-corona-fiestas-para-infectarse-633871\"> As\u00ed son las &#8216;corona-fiestas&#8217; que investigan en Italia<\/a>)<\/p>\n<div class=\"fotografia\" id=\"p633937-m1265-13-1266\">\n<div class=\"imagen-cuerpo-bk\">\n<figure itemscope=\"\" itemtype=\"https:\/\/schema.org\/ImageObject\" itemprop=\"image\" id=\"m1270-1269-1271\" class=\"foto-galeria-articulo\"><img decoding=\"async\" alt=\"Italia covid\" src=\"data:image\/png;base64,iVBORw0KGgoAAAANSUhEUgAAAAIAAAABCAQAAABeK7cBAAAAC0lEQVR42mNkAAIAAAoAAv\/lxKUAAAAASUVORK5CYII=\" style=\" display: inline;\" width=\"652px\" height=\"366px\" data-original=\"\/files\/article_content_new\/uploads\/2021\/11\/22\/619bd08821c02.jpeg\"\/><meta itemprop=\"width\" content=\"652\"\/><meta itemprop=\"height\" content=\"366\"\/><meta itemprop=\"url\" content=\"https:\/\/www.eltiempo.com\/files\/article_content_new\/uploads\/2021\/11\/22\/619bd08821c02.jpeg\"\/><\/figure>\n<\/div>\n<div class=\"figcaption-cuerpo-bk credito-image-bk\"><figcaption class=\"foto-info\">\n<div class=\"titulo-foto-bk\">\n<p id=\"m1277-1-1278\" class=\"titulo\" spellcheck=\"false\" data-ms-editor=\"true\">La gente participa en un mitin &#8216;No Inexperienced Cross&#8217; en Tur\u00edn, Italia, el 20 de noviembre de 2021, por la obligatoriedad del certificado covid o &#8216;pase verde&#8217;<\/p>\n<\/div>\n<div class=\"credito-apertura-strong-bk credito-image-bk\">\n<strong>Foto:<\/strong><\/p>\n<p id=\"m1283-2-1284\" class=\"autor\" spellcheck=\"false\" data-ms-editor=\"true\">EFE \/ EPA \/ TINO ROMANO<\/p>\n<\/div>\n<\/figcaption><\/div>\n<\/div>\n<p><span class=\"articulo-subtitulo\" id=\"p633937-m1291-14-1292\" spellcheck=\"false\" data-ms-editor=\"true\">Grecia, restricciones a la poblaci\u00f3n no vacunada<\/span><\/p>\n<p class=\"contenido\" id=\"p633937-m1297-15-1298\" spellcheck=\"false\" data-ms-editor=\"true\">Los no vacunados no podr\u00e1n acceder desde este lunes al inside de los restaurantes, cines, teatros, museos, gimnasios y edificios p\u00fablicos en Grecia, donde se implementa, adem\u00e1s, la caducidad para el certificado de vacunaci\u00f3n de los mayores de 60 a\u00f1os que no se hayan puesto la dosis de refuerzo transcurridos siete meses de la segunda. <\/p>\n<p>Toda la poblaci\u00f3n sin vacunar y sin haber pasado el covid-19, a excepci\u00f3n de los menores entre 4 y 17 a\u00f1os, tendr\u00e1 adem\u00e1s prohibido el acceso a estadios deportivos, exhibiciones y congresos.<\/p>\n<p><span class=\"articulo-subtitulo\" id=\"p633937-m1303-16-1304\" spellcheck=\"false\" data-ms-editor=\"true\">Europa este con una alta\u00a0incidencia de contagio<\/span><\/p>\n<p class=\"contenido\" id=\"p633937-m1309-17-1310\" spellcheck=\"false\" data-ms-editor=\"true\">Eslovaquia y Rep\u00fablica Checa vuelven a los puestos de cabeza en el mundo, junto con Eslovenia y Austria, en cuanto a incidencia de contagio del covid, con 1.229 y 929 positivos en siete d\u00edas por cada 100.000 habitantes, respectivamente.<\/p>\n<p>Mientras que en Eslovaquia el Gobierno considera seguir el ejemplo de la vecina Austria, que acaba de anunciar la vacuna obligatoria contra el covid-19 a partir de febrero pr\u00f3ximo, en la Rep\u00fablica Checa eso se descarta por el momento.<\/p>\n<p><span class=\"articulo-subtitulo\" id=\"p633937-m1315-18-1316\" spellcheck=\"false\" data-ms-editor=\"true\">Reino Unido impulsa vacuna de refuerzo contra el covid<\/span><\/p>\n<div class=\"fotografia vertical\" id=\"p633937-m1321-19-1322\">\n<div class=\"imagen-cuerpo-bk\">\n<figure itemscope=\"\" itemtype=\"https:\/\/schema.org\/ImageObject\" itemprop=\"image\" id=\"m1326-1325-1327\" class=\"foto-galeria-articulo\"><img decoding=\"async\" alt=\"Boris Johnson\" src=\"data:image\/png;base64,iVBORw0KGgoAAAANSUhEUgAAAAIAAAABCAQAAABeK7cBAAAAC0lEQVR42mNkAAIAAAoAAv\/lxKUAAAAASUVORK5CYII=\" style=\" display: inline;\" width=\"312px\" height=\"470px\" data-original=\"\/files\/article_vertical_content_new\/uploads\/2021\/06\/13\/60c61e96ce88f.jpeg\"\/><meta itemprop=\"width\" content=\"312\"\/><meta itemprop=\"height\" content=\"470\"\/><meta itemprop=\"url\" content=\"https:\/\/www.eltiempo.com\/files\/article_vertical_content_new\/uploads\/2021\/06\/13\/60c61e96ce88f.jpeg\"\/><\/figure>\n<\/div>\n<div class=\"figcaption-cuerpo-bk credito-image-bk\"><figcaption class=\"foto-info\">\n<div class=\"titulo-foto-bk\">\n<p id=\"m1333-1-1334\" class=\"titulo\" spellcheck=\"false\" data-ms-editor=\"true\">Boris Johnson, primer ministro del Reino Unido.<\/p>\n<\/div>\n<div class=\"credito-apertura-strong-bk credito-image-bk\">\n<strong>Foto:<\/strong><\/p>\n<p id=\"m1339-2-1340\" class=\"autor\" spellcheck=\"false\" data-ms-editor=\"true\">EFE\/EPA\/NEIL HALL \/ POOL<\/p>\n<\/div>\n<\/figcaption><\/div>\n<\/div>\n<p class=\"contenido\" id=\"p633937-m1347-20-1348\" spellcheck=\"false\" data-ms-editor=\"true\">El primer ministro brit\u00e1nico, Boris Johnson, anim\u00f3 este lunes a la poblaci\u00f3n a recibir la vacuna de refuerzo contra el covid-19.<\/p>\n<p>Esto con el fin de ayudar a impulsar el crecimiento econ\u00f3mico, si bien Johnson reconoci\u00f3 que no todo marcha sobre ruedas.<\/p>\n<p>&#8220;Recibe (la vacuna) de refuerzo en cuanto sea posible porque es vacunando que nuestro pa\u00eds ha podido tener al personal otra vez en sus puestos de trabajo, abrir nuestros teatros, nuestros restaurantes&#8221; y llevar una vida que parece &#8220;normal&#8221;, agreg\u00f3.<\/p>\n<p>(Adem\u00e1s: <a rel=\"nofollow noopener\" target=\"_blank\" href=\"https:\/\/www.eltiempo.com\/mundo\/europa\/por-que-aumentan-los-casos-de-contagios-y-muertes-por-covid-en-europa-632407\">Las razones por las que Europa es de nuevo foco de la pandemia<\/a>)<\/p>\n<p><span class=\"articulo-subtitulo\" id=\"p633937-m1353-21-1354\" spellcheck=\"false\" data-ms-editor=\"true\">Rusia con una alta cifra\u00a0de muertes por\u00a0covid-19<\/span><\/p>\n<p class=\"contenido\" id=\"p633937-m1359-22-1360\" spellcheck=\"false\" data-ms-editor=\"true\">El n\u00famero de nuevos contagios de covid-19 en Rusia bajaron este lunes de los 36.000, casi 1.300 menos que la v\u00edspera, pero la cifra de muertes por la enfermedad contagiosa sigue cerca del r\u00e9cord con 1.241 decesos en la \u00faltima jornada, seg\u00fan los datos del centro operativo de lucha contra el coronavirus. <\/p>\n<p>Rusia es el quinto pa\u00eds del mundo despu\u00e9s de Estados Unidos, la India, Brasil y el Reino Unido por el n\u00famero de contagios documentados.<\/p>\n<div class=\"fotografia\" id=\"p633937-m1365-23-1366\">\n<div class=\"imagen-cuerpo-bk\">\n<figure itemscope=\"\" itemtype=\"https:\/\/schema.org\/ImageObject\" itemprop=\"image\" id=\"m1370-1369-1371\" class=\"foto-galeria-articulo\"><img decoding=\"async\" alt=\"Covid-19 en Mosc\u00fa\" src=\"data:image\/png;base64,iVBORw0KGgoAAAANSUhEUgAAAAIAAAABCAQAAABeK7cBAAAAC0lEQVR42mNkAAIAAAoAAv\/lxKUAAAAASUVORK5CYII=\" style=\" display: inline;\" width=\"652px\" height=\"366px\" data-original=\"\/files\/article_content_new\/uploads\/2021\/10\/28\/617aa36903302.jpeg\"\/><meta itemprop=\"width\" content=\"652\"\/><meta itemprop=\"height\" content=\"366\"\/><meta itemprop=\"url\" content=\"https:\/\/www.eltiempo.com\/files\/article_content_new\/uploads\/2021\/10\/28\/617aa36903302.jpeg\"\/><\/figure>\n<\/div>\n<div class=\"figcaption-cuerpo-bk credito-image-bk\"><figcaption class=\"foto-info\">\n<div class=\"titulo-foto-bk\">\n<p id=\"m1377-1-1378\" class=\"titulo\" spellcheck=\"false\" data-ms-editor=\"true\">Los trabajadores del Ministerio de Situaciones de Emergencia de Rusia desinfectan la estaci\u00f3n de tren de Kievsky como parte de la campa\u00f1a para prevenir la propagaci\u00f3n del covid-19 en Mosc\u00fa.<\/p>\n<\/div>\n<div class=\"credito-apertura-strong-bk credito-image-bk\">\n<strong>Foto:<\/strong><\/p>\n<p id=\"m1383-2-1384\" class=\"autor\" spellcheck=\"false\" data-ms-editor=\"true\">Serguei Ilnitsky. Efe<\/p>\n<\/div>\n<\/figcaption><\/div>\n<\/div>\n<p><span class=\"articulo-subtitulo\" id=\"p633937-m1391-24-1392\" spellcheck=\"false\" data-ms-editor=\"true\">Casi un mill\u00f3n de empleos tur\u00edsticos en riesgo<\/span><\/p>\n<p class=\"contenido\" id=\"p633937-m1397-25-1398\" spellcheck=\"false\" data-ms-editor=\"true\">Hasta 900.000 puestos de trabajo estar\u00e1n en riesgo si la Uni\u00f3n Europea (UE) vuelve a imponer limitaciones a la movilidad para frenar nuevas oleadas de la pandemia de coronavirus este invierno, alert\u00f3 este lunes el Consejo Mundial del Viaje y el Turismo (WTTC, en ingl\u00e9s).<\/p>\n<p>El organismo, que agrupa a miembros de la industria tur\u00edstica, afirm\u00f3 en comunicado conjunto con la Comisi\u00f3n de Viajes Europea (ETC, en ingl\u00e9s) que nuevas &#8220;restricciones severas&#8221; pueden provocar p\u00e9rdidas de hasta 35.000 millones de euros en el conjunto de la UE.<\/p>\n<p>Los representantes del sector urgieron a los 27 Estados miembros del bloque comunitario a abordar una &#8220;respuesta coordinada&#8221; ante el repunte de casos de covid-19.<\/p>\n<div class=\"fotografia\" id=\"p633937-m1403-26-1404\">\n<div class=\"imagen-cuerpo-bk\">\n<figure itemscope=\"\" itemtype=\"https:\/\/schema.org\/ImageObject\" itemprop=\"image\" id=\"m1408-1407-1409\" class=\"foto-galeria-articulo\"><img decoding=\"async\" alt=\"Vacuna Europa\" src=\"data:image\/png;base64,iVBORw0KGgoAAAANSUhEUgAAAAIAAAABCAQAAABeK7cBAAAAC0lEQVR42mNkAAIAAAoAAv\/lxKUAAAAASUVORK5CYII=\" style=\" display: inline;\" width=\"652px\" height=\"366px\" data-original=\"\/files\/article_content_new\/uploads\/2021\/11\/12\/618ef37cee421.jpeg\"\/><meta itemprop=\"width\" content=\"652\"\/><meta itemprop=\"height\" content=\"366\"\/><meta itemprop=\"url\" content=\"https:\/\/www.eltiempo.com\/files\/article_content_new\/uploads\/2021\/11\/12\/618ef37cee421.jpeg\"\/><\/figure>\n<\/div>\n<div class=\"figcaption-cuerpo-bk credito-image-bk\"><figcaption class=\"foto-info\">\n<div class=\"titulo-foto-bk\">\n<p id=\"m1415-1-1416\" class=\"titulo\" spellcheck=\"false\" data-ms-editor=\"true\">La Uni\u00f3n Europea exige a los ciudadanos extranjeros estar vacunados con los f\u00e1rmacos establecidos por EMA o la OMS.<\/p>\n<\/div>\n<\/figcaption><\/div>\n<\/div>\n<p class=\"contenido\" id=\"p633937-m1429-27-1430\" spellcheck=\"false\" data-ms-editor=\"true\">&#8220;El sector no puede permitirse respuestas nacionales inconsistentes y continuamente cambiantes&#8221;, se\u00f1alaron. La presidenta de la WTTC, Julia Simpson, subray\u00f3 la &#8220;urgente&#8221; necesidad de &#8220;restaurar la confianza para viajar&#8221; y &#8220;no crear mayor incertidumbre&#8221;. <\/p>\n<p>&#8220;El despliegue de las vacunas en el conjunto de la Uni\u00f3n Europea est\u00e1 entre los mejores del mundo, con el 65 por ciento de la poblaci\u00f3n ya completamente vacunada&#8221;, agreg\u00f3 Simpson, que llam\u00f3 a los gobiernos a no retroceder en el &#8220;progreso logrado en los \u00faltimos meses&#8221;. <\/p>\n<p>Regresar a las limitaciones a los viajes tendr\u00eda &#8220;consecuencias catastr\u00f3ficas para los puestos de trabajo&#8221;, recalc\u00f3. El presidente de la ETC, Lu\u00eds Ara\u00fajo, se\u00f1al\u00f3 por su parte que la UE &#8220;debe evitar mayor incertidumbre y fragmentaci\u00f3n&#8221;, y pidi\u00f3 a los Estados miembros que &#8220;trabajen juntos para asegurar la libertad de movimientos&#8221; en todo el bloque comunitario. <\/p>\n<p>&#8220;Con los actuales elevados \u00edndices de vacunaci\u00f3n, la entrada en vigor del certificado covid europeo y estrictos protocolos de seguridad, los viajes seguros son completamente posibles&#8221;, declar\u00f3.\u00a0<\/p>\n<p class=\"contenido\" id=\"p633937-m1435-28-1436\" spellcheck=\"false\" data-ms-editor=\"true\"><i>EFE<\/i><\/p>\n<p><span class=\"articulo-subtitulo\" id=\"p633937-m1441-29-1442\" spellcheck=\"false\" data-ms-editor=\"true\">M\u00e1s noticias<\/span><\/p>\n<p class=\"contenido\" id=\"p633937-m1447-30-1448\" spellcheck=\"false\" data-ms-editor=\"true\">&#8211;\u00a0<a rel=\"nofollow noopener\" target=\"_blank\" href=\"https:\/\/www.eltiempo.com\/mundo\/europa\/rusia-agencia-de-espionaje-desmiente-planes-para-invadir-ucrania-633894\">Agencia de espionaje rusa desmiente planes para invadir Ucrania<\/a><br \/>&#8211;\u00a0<a rel=\"nofollow noopener\" target=\"_blank\" href=\"https:\/\/www.eltiempo.com\/mundo\/europa\/espana-la-lava-del-volcan-llega-de-nuevo-al-mar-y-confinan-a-poblacion-633902\">La lava llega de nuevo al mar en La Palma y obliga a confinar poblaci\u00f3n<\/a><\/p>\n<\/div>\n\n<p><em> &#8221; Fuentes www.eltiempo.com &#8221; <\/em><\/p>\n","protected":false},"excerpt":{"rendered":"<p>Los nuevos contagios por coronavirus en Europa llevaron\u00a0a restricciones como el confinamiento complete en Austria, la obligatoriedad de la vacuna o exigencia de un certificado de tener la pauta completa, mientras se suceden las protestas por estas u otras medidas. (Lea aqu\u00ed: Las duras medidas contra los no vacunados en el mundo) Austria con la [&hellip;]<\/p>\n","protected":false},"author":4,"featured_media":230777,"comment_status":"open","ping_status":"closed","sticky":false,"template":"","format":"standard","meta":{"om_disable_all_campaigns":false,"jnews-multi-image_gallery":[],"jnews_single_post":[],"jnews_primary_category":[],"jnews_social_meta":[],"footnotes":""},"categories":[39],"tags":[1356,1653,2855,10944],"class_list":["post-230776","post","type-post","status-publish","format-standard","has-post-thumbnail","hentry","category-viajes","tag-covid","tag-europa","tag-restricciones","tag-vacunacion"],"_links":{"self":[{"href":"https:\/\/dimensionturistica.com\/es\/wp-json\/wp\/v2\/posts\/230776","targetHints":{"allow":["GET"]}}],"collection":[{"href":"https:\/\/dimensionturistica.com\/es\/wp-json\/wp\/v2\/posts"}],"about":[{"href":"https:\/\/dimensionturistica.com\/es\/wp-json\/wp\/v2\/types\/post"}],"author":[{"embeddable":true,"href":"https:\/\/dimensionturistica.com\/es\/wp-json\/wp\/v2\/users\/4"}],"replies":[{"embeddable":true,"href":"https:\/\/dimensionturistica.com\/es\/wp-json\/wp\/v2\/comments?post=230776"}],"version-history":[{"count":0,"href":"https:\/\/dimensionturistica.com\/es\/wp-json\/wp\/v2\/posts\/230776\/revisions"}],"wp:featuredmedia":[{"embeddable":true,"href":"https:\/\/dimensionturistica.com\/es\/wp-json\/wp\/v2\/media\/230777"}],"wp:attachment":[{"href":"https:\/\/dimensionturistica.com\/es\/wp-json\/wp\/v2\/media?parent=230776"}],"wp:term":[{"taxonomy":"category","embeddable":true,"href":"https:\/\/dimensionturistica.com\/es\/wp-json\/wp\/v2\/categories?post=230776"},{"taxonomy":"post_tag","embeddable":true,"href":"https:\/\/dimensionturistica.com\/es\/wp-json\/wp\/v2\/tags?post=230776"}],"curies":[{"name":"wp","href":"https:\/\/api.w.org\/{rel}","templated":true}]}}