{"id":230341,"date":"2021-11-22T05:57:19","date_gmt":"2021-11-22T05:57:19","guid":{"rendered":"https:\/\/dimensionturistica.com\/es\/?p=230341"},"modified":"2021-11-22T05:57:19","modified_gmt":"2021-11-22T05:57:19","slug":"la-diputacion-recoge-las-peticiones-del-sector-turistico-para-marcar-los-objetivos-del-patronato","status":"publish","type":"post","link":"https:\/\/dimensionturistica.com\/es\/la-diputacion-recoge-las-peticiones-del-sector-turistico-para-marcar-los-objetivos-del-patronato\/","title":{"rendered":"La Diputaci\u00f3n recoge las peticiones del sector tur\u00edstico para marcar los objetivos del Patronato"},"content":{"rendered":"<p> <br \/>\n<\/p>\n<div>\n<p>CASTELL\u00d3. <span>La diputada provincial de Turismo, <strong>Virginia Mart\u00ed<\/strong>, se ha reunido durante las \u00faltimas semanas con los principales agentes del sector para analizar los resultados de 2021 y recoger aportaciones que permitan reforzar la reactivaci\u00f3n econ\u00f3mica de la provincia en 2022. Estos encuentros se han enmarcado en las comisiones sectoriales.<\/span><\/p>\n<p><span>Las conclusiones extra\u00eddas de estas comisiones, seg\u00fan ha destacado Virginia Mart\u00ed, \u201cnos ayudar\u00e1n a confeccionar el presupuesto del Patronato, porque tenemos claro que hay que tener en cuenta las reivindicaciones y necesidades del sector para ir todos de la mano\u201d. En este sentido, en las pr\u00f3ximas semanas se dar\u00e1 luz verde a la aprobaci\u00f3n definitiva de las cuentas en seno del Pleno del Patronato.<\/span><\/p>\n<h4><span>Comisiones de trabajo<\/span><\/h4>\n<p><span><span>El organismo aut\u00f3nomo re\u00fane habitualmente las comisiones de trabajo a lo largo del a\u00f1o para tratar cuestiones diversas de la operativa de trabajo del patronato. En este \u00faltimo trimestre, de manera extraordinaria, ha citado a los diferentes estamentos del Patronato a para valorar las l\u00edneas de trabajo desarrolladas y hacer aportaciones a la confecci\u00f3n de los presupuestos del patronato para la siguiente anualidad.<\/span><\/span><\/p>\n<p>Los encuentros han servido para iniciar de la mano del sector una revisi\u00f3n del proyecto <strong>Castell\u00f3n S\u00e9nior<\/strong>, cuya licitaci\u00f3n para la segunda mitad de 2023 iniciar\u00e1 su tramitaci\u00f3n en breve, como elemento desestacionalizador de la demanda y dinamizador de un sector estrat\u00e9gico para la provincia como es el sector tur\u00edstico.<\/p>\n<h4><span><span>Miembros de la comisi\u00f3n<\/span><\/span><\/h4>\n<p><span><span>Los agentes participantes en las comisiones han sido Ashotur (patronal del sector), Altur-Hosbec (Asociaci\u00f3n de hoteles de la provincia), CV Activa (Asociaci\u00f3n de Turismo Activo de la Comunitat Valenciana), Aevav (Asociaci\u00f3n Valenciana de Agencias de Viajes), Asociaci\u00f3n de Gu\u00edas oficiales de la Comunitat Valenciana, Musica Professional CV (Asociaci\u00f3n de Promotores de Festivales de la Comunitat Valenciana) y representantes de las empresas de transporte discrecional.<\/span><\/span><\/p>\n<p><span><span>Asimismo, tambi\u00e9n forman parte de estas comisiones los representes de la comisiones sectoriales de producto de Castell\u00f3 Ruta de Sabor y las entidades p\u00fablicas de la comisi\u00f3n de vertebraci\u00f3n territorial en la que se integran representantes de los municipios tur\u00edsticos de costa y de los espacios tur\u00edsticos de inside que est\u00e1n desarrollando Planes de Dinamizaci\u00f3n y Gobernanza Tur\u00edstica.<\/span><\/span><\/p>\n<\/div>\n\n<p><em> &#8221; Fuentes castellonplaza.com &#8221; <\/em><\/p>\n","protected":false},"excerpt":{"rendered":"<p>CASTELL\u00d3. La diputada provincial de Turismo, Virginia Mart\u00ed, se ha reunido durante las \u00faltimas semanas con los principales agentes del sector para analizar los resultados de 2021 y recoger aportaciones que permitan reforzar la reactivaci\u00f3n econ\u00f3mica de la provincia en 2022. Estos encuentros se han enmarcado en las comisiones sectoriales. Las conclusiones extra\u00eddas de estas [&hellip;]<\/p>\n","protected":false},"author":4,"featured_media":230342,"comment_status":"open","ping_status":"closed","sticky":false,"template":"","format":"standard","meta":{"om_disable_all_campaigns":false,"jnews-multi-image_gallery":[],"jnews_single_post":[],"jnews_primary_category":[],"jnews_social_meta":[],"footnotes":""},"categories":[40],"tags":[36165,544],"class_list":["post-230341","post","type-post","status-publish","format-standard","has-post-thumbnail","hentry","category-industria","tag-patronato-de-turismo","tag-turismo"],"_links":{"self":[{"href":"https:\/\/dimensionturistica.com\/es\/wp-json\/wp\/v2\/posts\/230341","targetHints":{"allow":["GET"]}}],"collection":[{"href":"https:\/\/dimensionturistica.com\/es\/wp-json\/wp\/v2\/posts"}],"about":[{"href":"https:\/\/dimensionturistica.com\/es\/wp-json\/wp\/v2\/types\/post"}],"author":[{"embeddable":true,"href":"https:\/\/dimensionturistica.com\/es\/wp-json\/wp\/v2\/users\/4"}],"replies":[{"embeddable":true,"href":"https:\/\/dimensionturistica.com\/es\/wp-json\/wp\/v2\/comments?post=230341"}],"version-history":[{"count":0,"href":"https:\/\/dimensionturistica.com\/es\/wp-json\/wp\/v2\/posts\/230341\/revisions"}],"wp:featuredmedia":[{"embeddable":true,"href":"https:\/\/dimensionturistica.com\/es\/wp-json\/wp\/v2\/media\/230342"}],"wp:attachment":[{"href":"https:\/\/dimensionturistica.com\/es\/wp-json\/wp\/v2\/media?parent=230341"}],"wp:term":[{"taxonomy":"category","embeddable":true,"href":"https:\/\/dimensionturistica.com\/es\/wp-json\/wp\/v2\/categories?post=230341"},{"taxonomy":"post_tag","embeddable":true,"href":"https:\/\/dimensionturistica.com\/es\/wp-json\/wp\/v2\/tags?post=230341"}],"curies":[{"name":"wp","href":"https:\/\/api.w.org\/{rel}","templated":true}]}}