{"id":230332,"date":"2021-11-22T05:26:33","date_gmt":"2021-11-22T05:26:33","guid":{"rendered":"https:\/\/dimensionturistica.com\/es\/?p=230332"},"modified":"2021-11-22T05:26:34","modified_gmt":"2021-11-22T05:26:34","slug":"el-tiron-del-turismo-nacional-salva-del-cierre-a-1-500-agencias-de-viajes-companias","status":"publish","type":"post","link":"https:\/\/dimensionturistica.com\/es\/el-tiron-del-turismo-nacional-salva-del-cierre-a-1-500-agencias-de-viajes-companias\/","title":{"rendered":"El tir\u00f3n del turismo nacional salva del cierre a 1.500 agencias de viajes | Compa\u00f1\u00edas"},"content":{"rendered":"<p> <br \/>\n<\/p>\n<div id=\"cuerpo_noticia\" itemprop=\"articleBody\">\n<p>Las agencias de viajes empiezan a ver la luz al last del t\u00fanel. Tras 18 meses sin ingresos, con una gran parte de los puntos de venta cerrados y <a rel=\"nofollow noopener\" target=\"_blank\" href=\"https:\/\/cincodias.elpais.com\/cincodias\/2021\/09\/17\/companias\/1631871627_872778.html\">con m\u00e1s del 80% de personal en ERTE<\/a>, la reactivaci\u00f3n del turismo nacional ha tenido un efecto bals\u00e1mico en una de las actividades m\u00e1s da\u00f1adas en el coronavirus. \u201cHemos recuperado el 50% de la producci\u00f3n cuando antes del verano apenas est\u00e1bamos al 10%. Seguimos en una situaci\u00f3n cr\u00edtica, pero somos m\u00e1s optimistas, porque la evoluci\u00f3n est\u00e1 siendo mucho mejor\u201d, recalca <strong>Carlos Garrido, presidente de la Confederaci\u00f3n Espa\u00f1ola de Agencias de Viajes (CEAV)<\/strong>, en una entrevista con Cinco D\u00edas.<\/p>\n<p><strong>El escenario de noviembre es completamente diferente al del inicio de 2021<\/strong>. A principio de a\u00f1o, la patronal manten\u00eda su previsi\u00f3n de que hab\u00eda al menos 3.000 de los 9.000 puntos de venta de viajes en Espa\u00f1a que estaban en riesgo de desaparecer, con 1.500 agencias cerradas desde el principio de la pandemia y otras 1.500 amenazadas por la falta de demanda. \u201cAhora podemos decir que esas 1.500 amenazadas se libran del cierre, aunque todav\u00eda sigue existiendo incertidumbre\u201d, recalca Garrido. Los \u00faltimos datos sobre la reactivaci\u00f3n del turismo nacional, <a rel=\"nofollow noopener\" target=\"_blank\" href=\"https:\/\/cincodias.elpais.com\/cincodias\/2021\/11\/03\/economia\/1635927388_605964.html\">a la espera de un regreso paulatino del internacional<\/a>, son muy optimistas. \u201cLa venta del vacacional en Espa\u00f1a est\u00e1 en niveles de 2019. La venta conjunta del puente de noviembre, de diciembre y navidad ya est\u00e1 en cifras precrisis\u201d, recalc\u00f3.<\/p>\n<section class=\"sumario_apoyos centro\" id=\"sumario_1|apoyos\">\n<\/section>\n<p>Pese a ese mensaje de optimismo, el presidente de CEAV alerta sobre <strong>la importante destrucci\u00f3n de empleo acumulada (se han perdido 20.000 de los 80.000 puestos de trabajo del sector)<\/strong> y sobre la lentitud en la recuperaci\u00f3n de los viajeros extranjeros. \u201cNo creemos que se recupere en su totalidad hasta 2023. Falta que vuelva el turismo de negocios y convenciones, el viajero de largo radio procedente de Asia y toda la parte vacacional de sol y playa\u201d.<\/p>\n<p>Pese a ese mensaje de optimismo, <strong>el presidente de CEAV alert\u00f3 sobre la importante destrucci\u00f3n de empleo acumulada (se han perdido 20.000 de los 80.000 puestos de trabajo del sector)<\/strong> y sobre la lentitud en la recuperaci\u00f3n de los viajeros extranjeros. \u201cNo creemos que se recupere en su totalidad hasta 2023. Falta que vuelva el turismo de negocios y convenciones, el viajero de largo radio procedente de Asia y toda la parte vacacional de sol y playa\u201d.<\/p>\n<p><a rel=\"nofollow noopener\" target=\"_blank\" href=\"https:\/\/www.lamoncloa.gob.es\/serviciosdeprensa\/notasprensa\/inclusion\/Paginas\/2021\/031121-erteoctubre.aspx\">Las \u00faltimas cifras del empleo suspendido en Espa\u00f1a<\/a>, correspondientes a octubre, corroboran esa divergencia entre la recuperaci\u00f3n de la actividad y del empleo en las agencias de viajes. En octubre hab\u00eda 11.347 empleados en ERTE, lo que supone que apenas se ha reincorporado uno de cada dos trabajadores al mercado laboral en diez meses, cuando la tasa en otras actividades ligadas al turismo ha sido mucho mayor. En octubre, las agencias de viajes solo hab\u00edan recuperado el 53% del empleo perdido por el coronavirus, mientras que el n\u00famero de puestos de trabajo creados fue mucho m\u00e1s intenso en las otras dos ramas principales del turismo (bares y restaurantes y hoteles). <strong>En bares y restaurantes hab\u00eda 243.833 empleados en ERTE en enero; nueve meses despu\u00e9s, la cifra cay\u00f3 un 82,9% hasta los 41.678 trabajadores. En hoteles, la recuperaci\u00f3n de empleo fue del 80,2% entre enero y octubre, pasando de 112.980 puestos de trabajo suspendidos a 22.401. Unas cifras muy superiores a las de las agencias de viajes, en las que solo se recuper\u00f3 el 46,2% del empleo,<\/strong> con 11.347 empleados en ERTE frente a los 21.213 de enero.<\/p>\n<p>A la destrucci\u00f3n de empleo y al cierre de puntos de venta se une la incertidumbre ante el proceso de consolidaci\u00f3n entre las agencias de viajes. Tras la fusi\u00f3n de Avoris y Globalia se ha producido <a rel=\"nofollow noopener\" target=\"_blank\" href=\"https:\/\/cincodias.elpais.com\/cincodias\/2021\/06\/30\/companias\/1625075787_183006.html\">la integraci\u00f3n entre las agencias de Viajes El Corte Ingl\u00e9s y Logitravel<\/a>, creando dos gigantes de la distribuci\u00f3n que controlar\u00e1n una parte importante del mercado. Garrido resta importancia a este hecho y cree que ser\u00e1 beneficioso para las empresas medianas y peque\u00f1as. \u201cEl sector necesita estas estructuras porque sirven para movilizar a todas las empresas. <strong>En un sector tan colaborativo, estas grandes fusiones crean una gran turoperacion y un intercambio de ventas desde las m\u00e1s peque\u00f1as a las m\u00e1s grandes\u201d.<\/strong><\/p>\n<section class=\"sumario_despiece centro\" id=\"sumario_2|despiece\">\n<a rel=\"nofollow noopener\" target=\"_blank\" name=\"sumario_2\"><\/p>\n<div class=\"sumario__interior\">\n<header class=\"sumario-encabezado\">\n<h4 class=\"sumario-titulo\"><span class=\"sin_enlace\">Dos grandes operaciones de concentraci\u00f3n<\/span><\/h4>\n<\/header>\n<div class=\"sumario-texto\">\n<p><strong>Globalia y Avoris<\/strong>. La fusi\u00f3n de ambas compa\u00f1\u00edas gener\u00f3 un gigante con 9.000 trabajadores y 1.500 puntos de ventas, muchos de ellos franquiciados, y con una facturaci\u00f3n de 2.800 millones. Eso tan solo en la teor\u00eda porque ambas firmas pidieron, en paralelo a la integraci\u00f3n, un cr\u00e9dito de 320 millones a la SEPI para asegurar su viabilidad. La falta de demanda provoc\u00f3 que Globalia presentara un ERTE despu\u00e9s del verano que afect\u00f3 a 6.000 trabajadores.<\/p>\n<p><strong>El Corte Ingl\u00e9s y Logitravel.<\/strong> Ambas compa\u00f1\u00edas se integraron antes del verano de 2021 creando una nueva empresa, de la que Viajes El Corte Ingl\u00e9s tendr\u00e1 el 75%. Esta integraci\u00f3n cuenta con 1.500 puntos de ventas y 6.000 empleados y tampoco supera a la de Avoris y Globalia en ingresos, ya que cuenta con una facturaci\u00f3n de 2.700 millones de euros.<\/p>\n<\/div>\n<\/div>\n<\/section>\n<\/div>\n\n<p><em> &#8221; Fuentes cincodias.elpais.com &#8221; <\/em><\/p>\n","protected":false},"excerpt":{"rendered":"<p>Las agencias de viajes empiezan a ver la luz al last del t\u00fanel. Tras 18 meses sin ingresos, con una gran parte de los puntos de venta cerrados y con m\u00e1s del 80% de personal en ERTE, la reactivaci\u00f3n del turismo nacional ha tenido un efecto bals\u00e1mico en una de las actividades m\u00e1s da\u00f1adas en [&hellip;]<\/p>\n","protected":false},"author":4,"featured_media":230333,"comment_status":"open","ping_status":"closed","sticky":false,"template":"","format":"standard","meta":{"om_disable_all_campaigns":false,"jnews-multi-image_gallery":[],"jnews_single_post":[],"jnews_primary_category":[],"jnews_social_meta":[],"footnotes":""},"categories":[39],"tags":[12074,752,9641,3020,1524,3636,1268,1415,16881,13845,6799,3179,29568,544,681,683],"class_list":["post-230332","post","type-post","status-publish","format-standard","has-post-thumbnail","hentry","category-viajes","tag-1-500","tag-agencia","tag-asegurar","tag-cierre","tag-espanol","tag-estar","tag-nacional","tag-nivel","tag-patronal","tag-precrisis","tag-reserva","tag-salvar","tag-tiron","tag-turismo","tag-viaje","tag-viajero"],"_links":{"self":[{"href":"https:\/\/dimensionturistica.com\/es\/wp-json\/wp\/v2\/posts\/230332","targetHints":{"allow":["GET"]}}],"collection":[{"href":"https:\/\/dimensionturistica.com\/es\/wp-json\/wp\/v2\/posts"}],"about":[{"href":"https:\/\/dimensionturistica.com\/es\/wp-json\/wp\/v2\/types\/post"}],"author":[{"embeddable":true,"href":"https:\/\/dimensionturistica.com\/es\/wp-json\/wp\/v2\/users\/4"}],"replies":[{"embeddable":true,"href":"https:\/\/dimensionturistica.com\/es\/wp-json\/wp\/v2\/comments?post=230332"}],"version-history":[{"count":0,"href":"https:\/\/dimensionturistica.com\/es\/wp-json\/wp\/v2\/posts\/230332\/revisions"}],"wp:featuredmedia":[{"embeddable":true,"href":"https:\/\/dimensionturistica.com\/es\/wp-json\/wp\/v2\/media\/230333"}],"wp:attachment":[{"href":"https:\/\/dimensionturistica.com\/es\/wp-json\/wp\/v2\/media?parent=230332"}],"wp:term":[{"taxonomy":"category","embeddable":true,"href":"https:\/\/dimensionturistica.com\/es\/wp-json\/wp\/v2\/categories?post=230332"},{"taxonomy":"post_tag","embeddable":true,"href":"https:\/\/dimensionturistica.com\/es\/wp-json\/wp\/v2\/tags?post=230332"}],"curies":[{"name":"wp","href":"https:\/\/api.w.org\/{rel}","templated":true}]}}