{"id":229855,"date":"2021-11-21T09:01:23","date_gmt":"2021-11-21T09:01:23","guid":{"rendered":"https:\/\/dimensionturistica.com\/es\/?p=229855"},"modified":"2021-11-21T09:01:23","modified_gmt":"2021-11-21T09:01:23","slug":"como-surgio-y-se-conceptualizo-el-proyecto-y-como-se-ideo-el-menu-con-la-complicidad-de-dom-perignon","status":"publish","type":"post","link":"https:\/\/dimensionturistica.com\/es\/como-surgio-y-se-conceptualizo-el-proyecto-y-como-se-ideo-el-menu-con-la-complicidad-de-dom-perignon\/","title":{"rendered":"c\u00f3mo surgi\u00f3 y se conceptualiz\u00f3 el proyecto y c\u00f3mo se ide\u00f3 el men\u00fa, con la complicidad de Dom P\u00e9rignon"},"content":{"rendered":"<p> <br \/>\n<\/p>\n<div>\n<h2 itemprop=\"name\" class=\"entry_title\"><span itemprop=\"dateCreated\" class=\"date entry_date updated\">20 Nov 2021<meta itemprop=\"interactionCount\" content=\"UserComments: 0\"\/><\/span> As\u00ed es (y funciona) ADMO, el restaurante ef\u00edmero de Alain Ducasse y Albert Adri\u00e0 en Par\u00eds<\/h2>\n<p><b>Con la \u2018excusa\u2019 de un restaurante ef\u00edmero, dos de los cooks m\u00e1s c\u00e9lebres e influyentes de los \u00faltimos tiempos est\u00e1n experimentando en Par\u00eds un formato gastron\u00f3mico conceptualmente ultrainnovador. \u2018Asomado\u2019 a la Torre Eiffel, ADMO materializa la alianza entre Alain Ducasse y Albert Adri\u00e0, con la complicidad de Dom P\u00e9rignon. El reto es crear una propuesta culinaria conjunta, que incluso d\u00e9 pie a una \u201ccocina europea\u201d. Con este proyecto \u2014que funcionar\u00e1 durante 100 d\u00edas hasta principios de marzo de 2022\u2014, el cocinero franc\u00e9s y el espa\u00f1ol escriben un cap\u00edtulo hist\u00f3rico de la gastronom\u00eda world. Explicamos c\u00f3mo surgi\u00f3 y se conceptualiz\u00f3 el proyecto, c\u00f3mo se ide\u00f3 el men\u00fa y c\u00f3mo funciona ADMO.<\/b><\/p>\n<p><img decoding=\"async\" class=\"aligncenter size-large wp-image-59372\" src=\"https:\/\/www.gastroeconomy.com\/wp-content\/uploads\/2021\/11\/Gastroeconomy_ADMO-1-961x1024.jpg\" alt=\"\" width=\"961\" height=\"1024\" srcset=\"https:\/\/www.gastroeconomy.com\/wp-content\/uploads\/2021\/11\/Gastroeconomy_ADMO-1-961x1024.jpg 961w, https:\/\/www.gastroeconomy.com\/wp-content\/uploads\/2021\/11\/Gastroeconomy_ADMO-1-281x300.jpg 281w, https:\/\/www.gastroeconomy.com\/wp-content\/uploads\/2021\/11\/Gastroeconomy_ADMO-1-768x819.jpg 768w, https:\/\/www.gastroeconomy.com\/wp-content\/uploads\/2021\/11\/Gastroeconomy_ADMO-1-700x746.jpg 700w, https:\/\/www.gastroeconomy.com\/wp-content\/uploads\/2021\/11\/Gastroeconomy_ADMO-1.jpg 1440w\" sizes=\"(max-width: 961px) 100vw, 961px\"\/><\/p>\n<p><b>Langosta azul de Normand\u00eda a la brasa con remolacha cocinada en las cenizas e infusionada con caldo de pimienta<\/b>; lleva un condimento elaborado con almejas, cereza, semilla de lino y remolacha, jugo de vino de remolacha, especias, jarabe de chinotto (naranjo moruno ) y aceite de pimienta negra; y, adem\u00e1s, una emulsi\u00f3n elaborada con coral bogavante y aceite de pimienta negra. Lo presenta <b>Pol Perell\u00f3<\/b>, una de las caras de la sala de elBulli, que cerr\u00f3 como restaurante el 30 de julio de 2011.<\/p>\n<p><b>\u00bfDe qui\u00e9n es este plato indudablemente complejo? <\/b>\u00bfQui\u00e9n es el autor de su planteamiento o, en concreto, de las salsas o emulsiones con las que se condimenta la receta? El comensal nunca llegar\u00e1 a saber si es obra de<b> Alain Ducasse, Albert Adri\u00e0 o Romain Meder<\/b>. Lo \u00fanico cierto es que sale de la cocina de un <b>restaurante temporal<\/b>, que funcionar\u00e1 durante poco m\u00e1s de tres meses y en el que se han<b> unido dos cooks de estilos muy diferentes<\/b> con su equipo clave, con un acuerdo: los platos que componen el men\u00fa degustaci\u00f3n que proponen no tendr\u00e1n nombre y apellido, sino que ser\u00e1n presentados como el resultado de la<b> \u2018sui generis\u2019 colaboraci\u00f3n entre dos de los cooks m\u00e1s influyentes de los \u00faltimos tiempos<\/b>.<\/p>\n<p>Cuenta <b>Albert Adri\u00e0<\/b> que <b>Alain Ducasse<\/b> viaj\u00f3 a Barcelona antes de la pandemia. Dedic\u00f3 all\u00ed un fin de semana a visitar restaurantes, entre ellos, los del chef catal\u00e1n, entonces en elBarri. El recorrido por espacios como Tickets o Enigma chifl\u00f3 al franc\u00e9s, que anunci\u00f3 a Adri\u00e0: \u201cAlg\u00fan d\u00eda, tenemos que hacer algo juntos en Par\u00eds\u201d.<\/p>\n<p><img decoding=\"async\" class=\"aligncenter size-large wp-image-59404\" src=\"https:\/\/www.gastroeconomy.com\/wp-content\/uploads\/2021\/11\/Gastroeconomy_ADMO_33-1-961x1024.jpg\" alt=\"\" width=\"961\" height=\"1024\" srcset=\"https:\/\/www.gastroeconomy.com\/wp-content\/uploads\/2021\/11\/Gastroeconomy_ADMO_33-1-961x1024.jpg 961w, https:\/\/www.gastroeconomy.com\/wp-content\/uploads\/2021\/11\/Gastroeconomy_ADMO_33-1-281x300.jpg 281w, https:\/\/www.gastroeconomy.com\/wp-content\/uploads\/2021\/11\/Gastroeconomy_ADMO_33-1-768x819.jpg 768w, https:\/\/www.gastroeconomy.com\/wp-content\/uploads\/2021\/11\/Gastroeconomy_ADMO_33-1-700x746.jpg 700w, https:\/\/www.gastroeconomy.com\/wp-content\/uploads\/2021\/11\/Gastroeconomy_ADMO_33-1.jpg 1440w\" sizes=\"(max-width: 961px) 100vw, 961px\"\/><\/p>\n<h3>Cambios con la pandemia<\/h3>\n<p>Lleg\u00f3 la pandemia, el par\u00f3n hostelero mundial, que, adem\u00e1s, tuvo consecuencias para los dos cooks. <a target=\"_blank\" href=\"https:\/\/www.gastroeconomy.com\/2021\/05\/cierra-el-tres-estrellas-de-alain-ducasse-en-el-hotel-plaza-athenee\/\" rel=\"noopener\"><b>Ducasse<\/b> dej\u00f3 <b>Plaza Ath\u00e9n\u00e9e<\/b>, hotel de lujo donde se ubicaba <b>uno de sus triestrellados<\/b><\/a>\u00a0(los otros dos son <b>Le Louis XV<\/b>, en H\u00f4tel de Paris, en M\u00f3naco; y<b> Alain Ducasse at The Dorchester<\/b>, en Londres). Finaliz\u00f3 el contrato con el lodge del Grupo Dorchester Assortment y no fue renovado (en su lugar, Ducasse fue reemplazado por el televisivo Jean Imbert). Por su parte, <a target=\"_blank\" href=\"https:\/\/www.gastroeconomy.com\/2021\/04\/elbarri-de-su-legado-a-su-adios-y-su-futuro\/\" rel=\"noopener\"><b>Albert Adri\u00e0<\/b> nunca lleg\u00f3 a reabrir sus restaurantes de Barcelona<\/a> tras el cierre en marzo de 2020 por la emergencia sanitaria; la solicitud de concurso de acreedores del grupo de sus socios, los hermanos Iglesias, desemboc\u00f3 en la<b> disoluci\u00f3n de elBarri<\/b><b>\u00a0<\/b>y el cierre definitivo de sus negocios, salvo <b>Enigma<\/b>, propiedad del chef catal\u00e1n \u2014al margen de Grupo Iglesias\u2014 que baraja reabrirlo en 2022.<\/p>\n<p>Una curiosidad: en la <b>edici\u00f3n 2019 de la lista \u2018The World\u2019s 50 Finest Eating places\u2019<\/b>, el chef franc\u00e9s estaba representado por <b>Alain Ducasse au Plaza Ath\u00e9n\u00e9e<\/b>, en el puesto 16; el catal\u00e1n contaba con doble presencia en el High 100 mundial, con <b>Tickets <\/b>en el n\u00famero 20 y<b> Enigma<\/b> en el 82. Sin listado en 2020 por la pandemia, la edici\u00f3n 2021 se present\u00f3 el 5 de octubre en Amberes, en una gala en la que William Drew, editor de \u201850 Best\u2019 consider\u00f3 como temporales las salidas de Ducasse y Adri\u00e0 del r\u00e1nking, con el<b> convencimiento de que ambos cooks volver\u00e1n a 50 Finest en el futuro<\/b>.<\/p>\n<p><img decoding=\"async\" class=\"aligncenter size-large wp-image-59403\" src=\"https:\/\/www.gastroeconomy.com\/wp-content\/uploads\/2021\/11\/Gastroeconomy_ADMO_32-1-961x1024.jpg\" alt=\"\" width=\"961\" height=\"1024\" srcset=\"https:\/\/www.gastroeconomy.com\/wp-content\/uploads\/2021\/11\/Gastroeconomy_ADMO_32-1-961x1024.jpg 961w, https:\/\/www.gastroeconomy.com\/wp-content\/uploads\/2021\/11\/Gastroeconomy_ADMO_32-1-281x300.jpg 281w, https:\/\/www.gastroeconomy.com\/wp-content\/uploads\/2021\/11\/Gastroeconomy_ADMO_32-1-768x819.jpg 768w, https:\/\/www.gastroeconomy.com\/wp-content\/uploads\/2021\/11\/Gastroeconomy_ADMO_32-1-700x746.jpg 700w, https:\/\/www.gastroeconomy.com\/wp-content\/uploads\/2021\/11\/Gastroeconomy_ADMO_32-1.jpg 1440w\" sizes=\"(max-width: 961px) 100vw, 961px\"\/><\/p>\n<h3>Proyectos de cada chef<\/h3>\n<p>Pero los dos cocineros siguen, en todo caso, con <b>otros proyectos<\/b>. <b>Ducasse <\/b>lidera un grupo que suma una treintena de restaurantes bajo modelos diferentes (incluido el nuevo <b>Sapid<\/b>, inaugurado el pasado septiembre en Par\u00eds, como la versi\u00f3n m\u00e1s \u2018casual\u2019 de su filosof\u00eda \u2018Naturalit\u00e9\u2019), en 10 pa\u00edses y que casi alcanzan una veintena de estrellas Michelin.<\/p>\n<p><b>Albert Adri\u00e0<\/b> tiene, por un lado, sede en Londres, con <a target=\"_blank\" href=\"https:\/\/www.gastroeconomy.com\/2018\/11\/albert-adria-estrena-cakes-bubbles-en-londres\/\" rel=\"noopener\"><b>Cakes &amp; Bubbles<\/b>, un formato de pasteler\u00eda-champagne bar en Hotel Caf\u00e9 Royal<\/a>\u00a0y es asesor de Jos\u00e9 Grand\u00e9s en <b>Little Spain<\/b>, mercado gastron\u00f3mico de ThinkGoodGroup en Nueva York. A la vez, dedica su tiempo a <b>desarrollar proyectos con marcas<\/b> (como Dom P\u00e9rignon), a veces, ligados a <b>asesor\u00edas de I+D<\/b> (Lays, Turrones Vicens-Xoxolata Jolonch, Bacardi o Europastry, empresa de panader\u00eda con la que acaba de lanzar Lykke, \u2019cake assortment\u2019 by Albert Adri\u00e0). En plena pandemia, el chef convirti\u00f3 Enigma en una especie de \u2018lab de labs\u2019, con diferentes zonas dedicadas a cada proyecto y colaboraciones, de los que rinde cuentas en su perfil de Instagram <b>\u2018Albert Adri\u00e0 Projects\u2019<\/b>.<\/p>\n<p><img decoding=\"async\" class=\"aligncenter size-large wp-image-59417\" src=\"https:\/\/www.gastroeconomy.com\/wp-content\/uploads\/2021\/11\/Gastroeconomy_ADMO_54-1024x683.png\" alt=\"\" width=\"1024\" height=\"683\" srcset=\"https:\/\/www.gastroeconomy.com\/wp-content\/uploads\/2021\/11\/Gastroeconomy_ADMO_54-1024x683.png 1024w, https:\/\/www.gastroeconomy.com\/wp-content\/uploads\/2021\/11\/Gastroeconomy_ADMO_54-300x200.png 300w, https:\/\/www.gastroeconomy.com\/wp-content\/uploads\/2021\/11\/Gastroeconomy_ADMO_54-768x512.png 768w, https:\/\/www.gastroeconomy.com\/wp-content\/uploads\/2021\/11\/Gastroeconomy_ADMO_54-700x467.png 700w\" sizes=\"(max-width: 1024px) 100vw, 1024px\"\/><\/p>\n<h3>5 talentos, 100 d\u00edas<\/h3>\n<p>Justo antes del verano, <b>Ducasse llam\u00f3 a Adri\u00e0<\/b>. \u201c\u00bfQuieres divertirte? Hagamos algo juntos\u201d, le plante\u00f3. Y justo ah\u00ed naci\u00f3 el germen de su proyecto, que <a target=\"_blank\" href=\"https:\/\/www.gastroeconomy.com\/2021\/08\/albert-adria-y-alain-ducasse-se-alian-para-abrir-restaurante-en-paris\/\" rel=\"noopener\">ambos chefs comunicaron a trav\u00e9s sus perfiles en Instagram a principios de agosto<\/a>: <b>abrir un restaurante conjunto, planteado como un formato ef\u00edmero, en Par\u00eds<\/b>.<\/p>\n<p>Tan ef\u00edmero como que <b>solo funcionar\u00e1 durante 100 d\u00edas<\/b>. Empezaron a contar justo el 9 de noviembre, as\u00ed que el calendario ya ha comenzado a correr para un proyecto ins\u00f3lito por formato y por los cooks que lo protagonizan. <b>ADMO es el restaurante ef\u00edmero de Alain Ducasse y Albert Adri\u00e0<\/b>, como cocineros que encabezan un <b>equipo de 5 talentos<\/b>, que se completa con <b>Vincent Chaperon<\/b>, <b>Chef de Cave<\/b> de Dom P\u00e9rignon, \u2018maison\u2019 que es pieza clave en el proyecto; <b>Romain Meder<\/b>, mano derecha de Ducasse; y la joven<b> Jessica Pr\u00e9alpato<\/b>, elegida Mejor Pastelera del Mundo en la edici\u00f3n 2019 de la lista \u2018The World\u2019s 50 Finest Eating places\u2019.<\/p>\n<p><b>ADMO<\/b> (nombre que corresponde a las iniciales del apellido de Adri\u00e0, Ducasse y Meder m\u00e1s la \u2018o\u2019 de Ombres) ocupa <b>Les Ombres<\/b>, el restaurante situado en la <b>azotea del Museo de Quai Branly\u2013Jacques Chirac<\/b> y, sobre todo, asomado directamente a la <b>Torre Eiffel<\/b>, que los comensales divisan desde sus mesas a trav\u00e9s de una c\u00fapula acristalada. \u201cEn muchas pel\u00edculas para justificar que est\u00e1n rodadas en Par\u00eds, se ve a trav\u00e9s de una ventana la Torre Eiffel, que, en ADMO, casi parece que se va caer encima del restaurante\u201d, comenta Adri\u00e0, en una cena organizada el pasado martes por Dom P\u00e9rignon, coincidiendo con la <b>presentaci\u00f3n de \u2018Dom P\u00e9rignon Ros\u00e9 Vintage 2008\u2019<\/b>, un peculiar champ\u00e1n lanzado period acompa\u00f1ar este \u201cexperimento\u201d de Ducasse y Adri\u00e0.<\/p>\n<p><img decoding=\"async\" class=\"aligncenter size-large wp-image-59381\" src=\"https:\/\/www.gastroeconomy.com\/wp-content\/uploads\/2021\/11\/Gastroeconomy_ADMO_9-1-1024x1024.jpg\" alt=\"\" width=\"1024\" height=\"1024\" srcset=\"https:\/\/www.gastroeconomy.com\/wp-content\/uploads\/2021\/11\/Gastroeconomy_ADMO_9-1-1024x1024.jpg 1024w, https:\/\/www.gastroeconomy.com\/wp-content\/uploads\/2021\/11\/Gastroeconomy_ADMO_9-1-150x150.jpg 150w, https:\/\/www.gastroeconomy.com\/wp-content\/uploads\/2021\/11\/Gastroeconomy_ADMO_9-1-300x300.jpg 300w, https:\/\/www.gastroeconomy.com\/wp-content\/uploads\/2021\/11\/Gastroeconomy_ADMO_9-1-768x767.jpg 768w, https:\/\/www.gastroeconomy.com\/wp-content\/uploads\/2021\/11\/Gastroeconomy_ADMO_9-1-570x570.jpg 570w, https:\/\/www.gastroeconomy.com\/wp-content\/uploads\/2021\/11\/Gastroeconomy_ADMO_9-1-500x500.jpg 500w, https:\/\/www.gastroeconomy.com\/wp-content\/uploads\/2021\/11\/Gastroeconomy_ADMO_9-1-1000x1000.jpg 1000w, https:\/\/www.gastroeconomy.com\/wp-content\/uploads\/2021\/11\/Gastroeconomy_ADMO_9-1-700x700.jpg 700w, https:\/\/www.gastroeconomy.com\/wp-content\/uploads\/2021\/11\/Gastroeconomy_ADMO_9-1.jpg 1440w\" sizes=\"(max-width: 1024px) 100vw, 1024px\"\/><\/p>\n<h3>\u201cCocina europea\u201d<\/h3>\n<p>Definido como un<b> \u201cproyecto ef\u00edmero y experimental\u201d<\/b>, un objetivo, seg\u00fan Ducasse, suena casi a formidable sue\u00f1o: <b>\u201ccrear una cocina europea\u201d<\/b>. Si eso resulta realmente complicado como \u2018misi\u00f3n general\u2019, todav\u00eda lo parece m\u00e1s si se piensa que quienes afrontan el desaf\u00edo son <b>dos cooks de marcada personalidad, con estilos y filosof\u00edas aparentemente contrapuestas<\/b>. \u201cEs el <b>inicio de una bella historia juntos<\/b> y vamos a seguir adelante; es un nuevo paso en la gastronom\u00eda\u201d, sentencia Ducasse, que lo argumenta as\u00ed: \u201cEl hecho de que tengamos esta cocina aqu\u00ed en Francia, delante de la Torre Eiffel, <b>significa casi romper un tab\u00fa<\/b>; es una colaboraci\u00f3n que va m\u00e1s all\u00e1 y es una cocina europea; es una cuesti\u00f3n de <b>apertura de mente y de fronteras<\/b>. El talento no tiene nacionalidad, ni color de piel o religi\u00f3n. La inspiraci\u00f3n generada en ADMO nos conduce a una especie de reconciliaci\u00f3n\u201d, reflexiona Ducasse, que incluso vincula esta cocina sin fronteras con \u201ccasi un posicionamiento pol\u00edtico. El <b>liderazgo<\/b> es la comunidad de hombres y mueres que comparten las mismas mesas. Cuando uno est\u00e1 compartiendo en la mesa, no hay religi\u00f3n, ni conflictos; en el momento en el que se est\u00e1 comiendo, las diferencias desaparecen. Hay escuelas de guerra en el mundo, pero no escuelas de paz; solo hay paz mientras se come. Esta es la<b> inauguraci\u00f3n de una nueva forma de pensar la cocina en un camino hacia la paz<\/b>\u201d, sentencia el franc\u00e9s en clave filos\u00f3fica.<\/p>\n<p><img decoding=\"async\" class=\"aligncenter size-large wp-image-59365\" src=\"https:\/\/www.gastroeconomy.com\/wp-content\/uploads\/2021\/11\/Gastroeconomy_ADMO_24-1024x837.jpg\" alt=\"\" width=\"1024\" height=\"837\" srcset=\"https:\/\/www.gastroeconomy.com\/wp-content\/uploads\/2021\/11\/Gastroeconomy_ADMO_24-1024x837.jpg 1024w, https:\/\/www.gastroeconomy.com\/wp-content\/uploads\/2021\/11\/Gastroeconomy_ADMO_24-300x245.jpg 300w, https:\/\/www.gastroeconomy.com\/wp-content\/uploads\/2021\/11\/Gastroeconomy_ADMO_24-768x628.jpg 768w, https:\/\/www.gastroeconomy.com\/wp-content\/uploads\/2021\/11\/Gastroeconomy_ADMO_24-700x572.jpg 700w, https:\/\/www.gastroeconomy.com\/wp-content\/uploads\/2021\/11\/Gastroeconomy_ADMO_24.jpg 1101w\" sizes=\"(max-width: 1024px) 100vw, 1024px\"\/><\/p>\n<h3>\u2018La extra\u00f1a pareja\u2019<\/h3>\n<p>ADMO materializa <b>una experiencia gastron\u00f3mica \u00fanica<\/b>, basada en una <b>alianza experimental entre Adri\u00e0 y Ducasse<\/b>, con sus equipos y con <b>Dom P\u00e9rignon como c\u00f3mplice<\/b>. No es que dos cooks realmente c\u00e9lebres e influyentes, referencias mundiales, hayan creado un men\u00fa conjunto en un restaurante ef\u00edmero en Par\u00eds; es que nunca se hab\u00eda planteado un proyecto tan \u2018sui generis\u2019 como este. Pertenecen a diferentes generaciones (Ducasse, 1956; Adri\u00e0, 1969) y estilos, con Ducasse como art\u00edfice de una cocina francesa de ra\u00edz cl\u00e1sica sujeta a la temporalidad del producto, en torno a su filosof\u00eda de \u2018Naturalit\u00e9\u2019 y con Adri\u00e0 como parte basic de la \u2018revoluci\u00f3n made in elBulli\u2019 y autor del \u2018movimiento elBarri\u2019. Su alianza es <b>un cap\u00edtulo hist\u00f3rico de la gastronom\u00eda<\/b>, un <b>aut\u00e9ntico bombazo en el mercado culinario world<\/b>: dos cooks muy conocidos en todo el mundo, sobre los que puede existir una concept preconcebida sobre la cocina de cada uno, se unen en un formato \u00fanico, donde no se trata de fusionar cocinas, sino de explorar una <b>cocina \u2018nueva\u2019 <\/b>a partir de la colaboraci\u00f3n de todos los talentos implicados y de la uni\u00f3n de su \u2018expertise\u2019. Es decir, quien se sienta en ADMO no encuentra ni la cocina de Ducasse, ni de la Albert Adri\u00e0 en Enigma o Tickets. \u201c<b>ADMO es una conversaci\u00f3n entre gustos y culturas<\/b>\u201d, recuerda Vincent Chaperon.<\/p>\n<p>\u201cSomos <b>\u2018la extra\u00f1a pareja\u2019<\/b>\u201d, asume Albert Adri\u00e0, que pasa sus d\u00edas en Par\u00eds compartiendo tiempo, concepts y reflexiones con Alain Ducasse. \u201cEs un reto, pero tambi\u00e9n es un di\u00e1logo, un proyecto que, guste o no, no deja indiferente\u201d, outline Albert Adri\u00e0, que deja claro que \u00e9l ha llegado a Par\u00eds para<b> cocinar en casa de Ducasse<\/b> y, por lo tanto, someterse a sus reglas. \u201c<b>ADMO es un reto muy complicado<\/b>, que incluso casi nos bloque\u00f3 mentalmente al principio, pero tambi\u00e9n lo veo como ese di\u00e1logo en el que <b>vengo a cocinar a casa de un amigo como Alain y, por lo tanto, me tengo que adaptar a sus costumbres<\/b>. Reconozco que <b>tenemos una complicidad tremenda<\/b>; vamos los dos juntos, somos uno en este proyecto\u201d, admite Adri\u00e0, que prefiri\u00f3 parar cualquier apertura de negocios (como Enigma) \u201cpara dedicarme solo a ADMO. Nos vamos haciendo maduros. Entr\u00e9 en la pandemia con 50 a\u00f1os y sal\u00ed con 52. Soy de los que ha aprendido mucho, me ha tocado de cerca y quiero aprovechar para disfrutar la vida m\u00e1s que nunca y hacer lo que realmente me gusta. Cuando acabemos estos 100 d\u00edas, me habr\u00e9 llenado de una <b>experiencia que no es solo individual, sino colectiva<\/b>. Creo, por supuesto, que est\u00e1n cambiando los tiempos\u201d.<\/p>\n<p><img decoding=\"async\" class=\"aligncenter size-large wp-image-59376\" src=\"https:\/\/www.gastroeconomy.com\/wp-content\/uploads\/2021\/11\/Gastroeconomy_ADMO_4-1-1024x1024.jpg\" alt=\"\" width=\"1024\" height=\"1024\" srcset=\"https:\/\/www.gastroeconomy.com\/wp-content\/uploads\/2021\/11\/Gastroeconomy_ADMO_4-1-1024x1024.jpg 1024w, https:\/\/www.gastroeconomy.com\/wp-content\/uploads\/2021\/11\/Gastroeconomy_ADMO_4-1-150x150.jpg 150w, https:\/\/www.gastroeconomy.com\/wp-content\/uploads\/2021\/11\/Gastroeconomy_ADMO_4-1-300x300.jpg 300w, https:\/\/www.gastroeconomy.com\/wp-content\/uploads\/2021\/11\/Gastroeconomy_ADMO_4-1-768x768.jpg 768w, https:\/\/www.gastroeconomy.com\/wp-content\/uploads\/2021\/11\/Gastroeconomy_ADMO_4-1-570x570.jpg 570w, https:\/\/www.gastroeconomy.com\/wp-content\/uploads\/2021\/11\/Gastroeconomy_ADMO_4-1-500x500.jpg 500w, https:\/\/www.gastroeconomy.com\/wp-content\/uploads\/2021\/11\/Gastroeconomy_ADMO_4-1-1000x1000.jpg 1000w, https:\/\/www.gastroeconomy.com\/wp-content\/uploads\/2021\/11\/Gastroeconomy_ADMO_4-1-700x700.jpg 700w, https:\/\/www.gastroeconomy.com\/wp-content\/uploads\/2021\/11\/Gastroeconomy_ADMO_4-1.jpg 1440w\" sizes=\"(max-width: 1024px) 100vw, 1024px\"\/><\/p>\n<h3>C\u00f3mo se construy\u00f3 ADMO<\/h3>\n<p><b>\u00bfC\u00f3mo se ha creado la propuesta gastron\u00f3mica de ADMO?<\/b> Es decir, \u00bfc\u00f3mo se rompe un tab\u00fa a pie de la Torre Eiffel, c\u00f3mo se rompen fronteras para crear una cocina europea y, en suma, c\u00f3mo se compone un men\u00fa entre tantas manos y cabezas pensantes?<\/p>\n<p>Es mi\u00e9rcoles 17 de noviembre y <b>Ducasse, Adri\u00e0, Chaperon<\/b>, <b>Meder<\/b> y <b>Pr\u00e9alpato <\/b>detallan el proyecto, sentados en el bar del <b>Resort Le Meurice<\/b>, en Par\u00eds, ante un grupo de periodistas internacionales, tras la cena organizada la noche anterior por Dom P\u00e9rignon en ADMO, en la que present\u00f3 su<b> \u2018Ros\u00e9 Vintage 2008\u2019, aliado del restaurante ef\u00edmero<\/b>. \u201cFuimos construyendo ADMO capa a capa como una cebolla. <b>Cada capa te va abriendo un nuevo mundo en una colaboraci\u00f3n grupal<\/b>; no ha sido tanto centrarnos en recetas o salsas, sino juntar filosof\u00edas a partir de la idea de \u2018Naturalit\u00e9\u2019 de Alain. Lo que no pod\u00eda ocurrir es que cada uno fuera a lo suyo, sino <b>crear una \u00fanica cocina haciendo un trabajo colectivo porque ah\u00ed est\u00e1 el experimento y no deben importar los egos<\/b>\u201d.<\/p>\n<p>Eso significa que <b>ADMO<\/b> despacha un<b> men\u00fa de 7 platos<\/b>, m\u00e1s aperitivos, a un precio de 380 euros (sin bebidas), donde cada receta no est\u00e1 identificada con el nombre concreto de un chef, sino que \u2018todos los platos son de todos\u2019. En ADMO, existe como alternativa otro<b> men\u00fa m\u00e1s breve (5 platos) de mediod\u00eda<\/b>, por 200 euros. Son unos precios en consonancia o, incluso, m\u00e1s econ\u00f3micos que los vigentes la alta cocina parisina.<\/p>\n<p><img decoding=\"async\" class=\"aligncenter size-large wp-image-59353\" src=\"https:\/\/www.gastroeconomy.com\/wp-content\/uploads\/2021\/11\/Gastroeconomy_ADMO_12-1024x1024.jpg\" alt=\"\" width=\"1024\" height=\"1024\" srcset=\"https:\/\/www.gastroeconomy.com\/wp-content\/uploads\/2021\/11\/Gastroeconomy_ADMO_12-1024x1024.jpg 1024w, https:\/\/www.gastroeconomy.com\/wp-content\/uploads\/2021\/11\/Gastroeconomy_ADMO_12-150x150.jpg 150w, https:\/\/www.gastroeconomy.com\/wp-content\/uploads\/2021\/11\/Gastroeconomy_ADMO_12-300x300.jpg 300w, https:\/\/www.gastroeconomy.com\/wp-content\/uploads\/2021\/11\/Gastroeconomy_ADMO_12-768x768.jpg 768w, https:\/\/www.gastroeconomy.com\/wp-content\/uploads\/2021\/11\/Gastroeconomy_ADMO_12-570x570.jpg 570w, https:\/\/www.gastroeconomy.com\/wp-content\/uploads\/2021\/11\/Gastroeconomy_ADMO_12-500x500.jpg 500w, https:\/\/www.gastroeconomy.com\/wp-content\/uploads\/2021\/11\/Gastroeconomy_ADMO_12-1000x1000.jpg 1000w, https:\/\/www.gastroeconomy.com\/wp-content\/uploads\/2021\/11\/Gastroeconomy_ADMO_12-700x700.jpg 700w, https:\/\/www.gastroeconomy.com\/wp-content\/uploads\/2021\/11\/Gastroeconomy_ADMO_12.jpg 1440w\" sizes=\"(max-width: 1024px) 100vw, 1024px\"\/><\/p>\n<h3>Platos del men\u00fa de ADMO<\/h3>\n<p>En<b> reuniones en Barcelona y Par\u00eds<\/b>, los cooks compartieron <b>concepts sobre platos, productos, concepto de restaurante y liturgias<\/b>. Alain Ducasse, \u00fanico superviviente de un accidente de avi\u00f3n en 1984 \u2014en la ruta Saint Tropez-Courchevel y cuyas consecuencias super\u00f3 tras casi 15 operaciones\u2014, act\u00faa con absoluta seguridad, la misma con la que fue examinando el men\u00fa de ADMO y dictaminando sobre cada plato.<\/p>\n<p><b>Albert Adri\u00e0<\/b> aporta detalles sobre el proceso: \u201cPrimero, tuve que aprender la filosof\u00eda de Alain y la forma de trabajar de Romain\u201d. Pone un ejemplo con el plato de <b>Mole, coliflor e h\u00edgado de rape<\/b>. \u201cLa base de la salsa es m\u00eda [procedente del mole de Hoja Santa, el restaurante mexicano de elBarri] y Romain le dio un toque. El mole es muy agresivo y \u00e9l lo acerc\u00f3 a una salsa de caza. Hay un 50% cada uno en la salsa, que, finalmente, es tres veces mejor\u201d. En este sentido, <b>Romain Meder<\/b> apunta que el deseo de \u201cver c\u00f3mo estos mundos diversos pueden unirse, c\u00f3mo estos diferentes tipos de m\u00fasica pueden unirse para crear una hermosa armon\u00eda\u201d.<\/p>\n<p>El<b> men\u00fa despachado en ADMO<\/b> el 16 de noviembre en la cena organizada por Dom P\u00e9rignon arranc\u00f3 con<b> aperitivos<\/b> (<b>\u2018amus-bouche\u2019<\/b>) como Almendra, apio y caviar; Casta\u00f1a, anchoas y curry; \u2018Brillat-Savarin, merengue y trufa de Alba; Barqueta crujiente con salmonete y c\u00edtricos y Mollete con ostra y wakame. Prosigui\u00f3 con Navaja, hierbas y verbena y Algarroba, lim\u00f3n y cilantro, como <b>\u2018hors d\u2019oeuvre\u2019<\/b>. Justo entonces, lleg\u00f3 la imponente <b>mantequilla<\/b> de Le Ponclet dans le Finist\u00e8re con dos tipos de panes, convertida en un plato con protagonismo propio por decisi\u00f3n de Ducasse \u2014y no como acompa\u00f1amiento de la comida\u2014. A continuaci\u00f3n, dos <b>entrantes<\/b>: Piel de bacalao con erizo y caldo de champi\u00f1\u00f3n y Esparde\u00f1as con garbanzos y caviar. Como <b>platos principales<\/b>, Langosta azul de Normand\u00eda con remolacha y la citada receta de mole.<\/p>\n<p>A la hora del<b> postre<\/b>, donde interviene <b>Jessica Pr\u00e9alpato<\/b>, llega una receta de Kaki, calamansi y granada: y, como una especie de descarado \u2018petit fours\u2019: un \u2018kiwi gold\u2019 preparado para comer. \u201cNo es una cuesti\u00f3n de egos; es un experimento de 4 meses. Desde el punto de vista ego\u00edsta, me interesa entrar en la cabeza de Albert. Mi principal prop\u00f3sito es aprender siempre algo nuevo y no quedarme en la rutina\u201d, admite la pastelera.<\/p>\n<p>En cualquier caso, <b>ADMO no servir\u00e1 un men\u00fa fijo<\/b>, sino cambiante en funci\u00f3n de la temporalidad de las materias primas. \u201cEs la naturaleza la que nos da las pautas y gu\u00eda los men\u00fas\u201d, observa el c\u00e9lebre chef franc\u00e9s. \u201cLlegan productos nuevos y Alain nos exige cambiar los platos constantemente con su visi\u00f3n de la <b>\u2018Naturalit\u00e9\u2019<\/b>\u201d, a\u00f1ade Adri\u00e0.<\/p>\n<p><img decoding=\"async\" class=\"aligncenter size-large wp-image-59364\" src=\"https:\/\/www.gastroeconomy.com\/wp-content\/uploads\/2021\/11\/Gastroeconomy_ADMO_23-1024x768.jpg\" alt=\"\" width=\"1024\" height=\"768\" srcset=\"https:\/\/www.gastroeconomy.com\/wp-content\/uploads\/2021\/11\/Gastroeconomy_ADMO_23-1024x768.jpg 1024w, https:\/\/www.gastroeconomy.com\/wp-content\/uploads\/2021\/11\/Gastroeconomy_ADMO_23-300x225.jpg 300w, https:\/\/www.gastroeconomy.com\/wp-content\/uploads\/2021\/11\/Gastroeconomy_ADMO_23-768x576.jpg 768w, https:\/\/www.gastroeconomy.com\/wp-content\/uploads\/2021\/11\/Gastroeconomy_ADMO_23-800x600.jpg 800w, https:\/\/www.gastroeconomy.com\/wp-content\/uploads\/2021\/11\/Gastroeconomy_ADMO_23-700x525.jpg 700w, https:\/\/www.gastroeconomy.com\/wp-content\/uploads\/2021\/11\/Gastroeconomy_ADMO_23.jpg 1440w\" sizes=\"(max-width: 1024px) 100vw, 1024px\"\/><\/p>\n<h3>Vincent Chaperon, conceptualizador<\/h3>\n<p><b>ADMO no se entiende sin Dom P\u00e9rignon<\/b>, \u2018socio\u2019 hist\u00f3rico de cooks de renombre; entre ellos, Albert Adri\u00e0, con quien ha desarrollado diferentes colaboraciones. Pero el restaurante ef\u00edmero de Par\u00eds supera a cualquiera, con una figura clave: <b>Vincent Chaperon<\/b>. Es el <b>Chef de Cave de Dom P\u00e9rignon<\/b>, pero, sobre todo, es un perfil \u2018sui generis\u2019 en el mundo del vino: \u201cEs fundamental crear espacios para que cada uno con su subjetividad pueda entrar en la experiencia de disfrutar de Dom P\u00e9rignon. Ese es el secreto de la emoci\u00f3n. Soy un <b>hombre conceptualizador<\/b>\u201d.<\/p>\n<p>Es, justo eso, lo que ha hecho en ADMO: conceptualizar. Este experto fue clave en las sesiones de degustaci\u00f3n donde \u201cse compartieron opiniones, imaginaron maridajes\u201d y, sobre todo, todo ello \u201ccontribuy\u00f3 a las decisiones sobre qu\u00e9 platos figurar\u00edan en el men\u00fa final\u201d, explican los organizadores de este proyecto ef\u00edmero. <b>Dom P\u00e9rignon <\/b>fue clave a la hora de conceptualizar los platos y observar su versatilidad para decidir los vinos que deben acompa\u00f1arlos. \u201cVincent <b>ha seguido el proyecto personalmente desde el comienzo<\/b>; es la persona que m\u00e1s ha probado nuestro men\u00fa y m\u00e1s nos ha ayudado a redondearlo\u201d, recalca Albert Adri\u00e0.<\/p>\n<p>Con <b>Dom P\u00e9rignon como c\u00f3mplice en ADMO<\/b>, el men\u00fa ha pasado pues muchos filtros, incluido el de Chaperon. \u201cAl probar el men\u00fa, tenemos la profunda sensaci\u00f3n de que no sabemos qu\u00e9 parte del mundo va a tocar en el siguiente bocado. No se trata de fusi\u00f3n de cocinas; es una cuesti\u00f3n de armon\u00eda. <b>El objetivo de Dom P\u00e9rignon es que ADMO sea un di\u00e1logo entre equipos<\/b>; debe ser respeto a la libertad y la individualidad. No se trata de una fusi\u00f3n, sino de una cuesti\u00f3n de armon\u00eda, en la que podemos aportar nuestro conocimiento. El lujo se encarna de diferentes maneras; es la elevaci\u00f3n y aqu\u00ed encontramos lujo de muchas maneras; el lujo nos ayuda a mejorar y madurar como personas\u201d, reflexiona Vincent Chaperon, que cree que \u201cAlbert tiene ahora m\u00e1s libertad que nunca\u201d.<\/p>\n<p>En la<b> conceptualizaci\u00f3n de ADMO<\/b>, entra <b>un champ\u00e1n concreto<\/b>, elegido por Chaperon para acompa\u00f1ar el proyecto:<b> Dom P\u00e9rignon Ros\u00e9 Classic 2008<\/b>, que es \u201cequivalente al \u2018proyecto ADMO\u2019. Conceptualmente, es <b>un experimento totalmente nuevo<\/b>. Por eso, era lo que mejor correspond\u00eda con ADMO. Es un vino rosado, pero super pr\u00e9mium; un vino peculiar que necesit\u00f3 13 a\u00f1os de elaboraci\u00f3n para alcanzar su poderosa vitalidad, algo que no se puede encasillar en una categor\u00eda especifica, casi un extraterrestre, algo nuevo e innovador. Nos gusta el comfort, pero hay que dejar que este vino encuentre su lugar; en la vida, hay que atreverse a explorar\u201d, argumenta Chaperon.<\/p>\n<p>Se podr\u00eda decir que es <b>un champ\u00e1n casi experimental, como ADMO. <\/b>\u201cIndependientemente de la a\u00f1ada, <b>\u2018Dom P\u00e9rignon Ros\u00e9\u2019 es siempre un experimento<\/b>, un desaf\u00edo siempre nuevo\u201d, que procede de \u201celaborar un vino tinto en la regi\u00f3n vin\u00edcola m\u00e1s septentrional de Europa\u201d, lo que implica \u201caceptar la rareza, las dificultades y la meticulosa precisi\u00f3n. Hay que buscar nuevas t\u00e9cnicas y nuevas ideas, empujar los l\u00edmites del ensamblaje, porque hay que equilibrar la potencia y la profundidad del vino tinto den-tro del concepto hol\u00edstico de armon\u00eda que define Dom P\u00e9rignon. Y hay que alargar la maduraci\u00f3n porque Dom P\u00e9rignon Ros\u00e9 tarda m\u00e1s en alcanzar este equilibrio\u201d, especifica.<\/p>\n<p>En la cena organizada el pasado martes por la \u2018maison\u2019 francesa, <b>la experiencia en ADMO arranc\u00f3 con la degustaci\u00f3n de esta referencia<\/b>, sin una cata explicativa t\u00e9cnica, sino con unas sencillas explicaciones y reflexiones de Chaperon justo despu\u00e9s de que cada asistente probara de pie el champ\u00e1n en la terraza al aire libre de Les Ombres, mientras observaba la Torre Eiffel (que se ilumina cada hora en punto) y escuchaba m\u00fasica con una cascos.<\/p>\n<p>Desde hace un a\u00f1o, <b>Dom P\u00e9rignon<\/b> tiene como <b>presidenta y CEO <\/b>a la espa\u00f1ola <b>Berta de Pablos-Barbier<\/b>, para quien \u201cunir talentos para crear algo como ADMO se alinea con nuestra visi\u00f3n innovadora\u201d.<\/p>\n<p><img decoding=\"async\" class=\"aligncenter size-large wp-image-59329\" src=\"https:\/\/www.gastroeconomy.com\/wp-content\/uploads\/2021\/11\/Gastroeconomy_ADMO_50-823x1024.jpg\" alt=\"\" width=\"823\" height=\"1024\" srcset=\"https:\/\/www.gastroeconomy.com\/wp-content\/uploads\/2021\/11\/Gastroeconomy_ADMO_50-823x1024.jpg 823w, https:\/\/www.gastroeconomy.com\/wp-content\/uploads\/2021\/11\/Gastroeconomy_ADMO_50-241x300.jpg 241w, https:\/\/www.gastroeconomy.com\/wp-content\/uploads\/2021\/11\/Gastroeconomy_ADMO_50-768x955.jpg 768w, https:\/\/www.gastroeconomy.com\/wp-content\/uploads\/2021\/11\/Gastroeconomy_ADMO_50-700x871.jpg 700w, https:\/\/www.gastroeconomy.com\/wp-content\/uploads\/2021\/11\/Gastroeconomy_ADMO_50.jpg 1242w\" sizes=\"(max-width: 823px) 100vw, 823px\"\/><\/p>\n<h3>Equipo en ADMO<\/h3>\n<p>Por supuesto, la localizaci\u00f3n en Par\u00eds determina ADMO. \u201cSi estuvi\u00e9ramos delante de la Sagrada Familia, el restaurante ser\u00eda diferente. Si Alain o Romain hubiesen venido a Barcelona, tambi\u00e9n tendr\u00edan que haberse adaptado\u201d, advierte Adri\u00e0, que confiesa que \u201c<b>lo que estoy viviendo y aprendiendo es brutal<\/b>, un adjetivo que aqu\u00ed les encanta. <b>ADMO llega en el momento indicado en el lugar exacto<\/b>. Habr\u00eda sido imposible esta intensidad ante de la pandemia\u201d.<\/p>\n<p>M\u00e1s all\u00e1 del reto de aunar talentos creativos, ADMO ha supuesto una <b>tremenda complejidad log\u00edstica y organizativa<\/b>. Por eso, en esta alianza Ducasse-Adri\u00e0, hay m\u00e1s actores: <b>los equipos que aportan ambos cooks<\/b>, en buena parte, private de confianza para conformar una mayor\u00eda del equipo que atiende este restaurante temporal en cocina, sala y gesti\u00f3n. Por un lado, se ha mantenido la plantilla de <b>Les Ombres<\/b>. Por otro, se ha incorporado <b>private de ambos cooks<\/b>. En la sala, funciona un equipo de una decena de profesionales, a los que se suman extras que a diario llegan de diferentes restaurantes de Ducasse. \u201cTiene un equipo que es un \u2018Ferrari\u2019\u201d, afirma Albert Adri\u00e0.<\/p>\n<p>Adri\u00e0 estren\u00f3 ADMO con una pieza clave en la sala, <b>Pol Perell\u00f3<\/b> (con el que trabaj\u00f3 durante a\u00f1os en la sala de elBulli) y, adem\u00e1s, apoyado por algunos de<b> \u2018Los Lobos\u2019<\/b>, grupo de profesionales de confianza que llevan a\u00f1os acompa\u00f1\u00e1ndole en sus aperturas, tanto en elBarri, como en otros proyectos como Coronary heart Ibiza. En este primer mes de arranque, ha estado <b>Rub\u00e9n Gonz\u00e1lez Zubiri<\/b>, que fue una de sus manos derechas en las cocinas de elBarri y que, desde septiembre de 2020, es copropietario con <b>Patricia Lugo <\/b>(que tambi\u00e9n est\u00e1 unas semanas en ADMO, acompa\u00f1ando a Perell\u00f3 en la sala) y<b> Jon Urrutikoetxea<\/b> de Hamabi, en Pamplona.<\/p>\n<p>En los primeros d\u00edas, pasaron por ADMO para conocer y probar la propuesta Rafa Zafra y Ricardo Acquista (ambos \u2018ex Bulli\u2019 y \u2018ex Barri\u2019), socios en Estimar y Casa Jondal; as\u00ed como Ferran Centelles, que fue sumiller de elbulli y hoy estudioso en elBullifoundation. Adem\u00e1s, con Adri\u00e0 est\u00e1 en Par\u00eds <b>Trist\u00e1n L\u00f3pez Steward<\/b>, cocinero convertido en estrecho colaborador y asistente del chef.<\/p>\n<p><img decoding=\"async\" class=\"aligncenter size-large wp-image-59366\" src=\"https:\/\/www.gastroeconomy.com\/wp-content\/uploads\/2021\/11\/Gastroeconomy_ADMO_25-1024x772.jpg\" alt=\"\" width=\"1024\" height=\"772\" srcset=\"https:\/\/www.gastroeconomy.com\/wp-content\/uploads\/2021\/11\/Gastroeconomy_ADMO_25-1024x772.jpg 1024w, https:\/\/www.gastroeconomy.com\/wp-content\/uploads\/2021\/11\/Gastroeconomy_ADMO_25-300x226.jpg 300w, https:\/\/www.gastroeconomy.com\/wp-content\/uploads\/2021\/11\/Gastroeconomy_ADMO_25-768x579.jpg 768w, https:\/\/www.gastroeconomy.com\/wp-content\/uploads\/2021\/11\/Gastroeconomy_ADMO_25-700x527.jpg 700w, https:\/\/www.gastroeconomy.com\/wp-content\/uploads\/2021\/11\/Gastroeconomy_ADMO_25.jpg 1440w\" sizes=\"(max-width: 1024px) 100vw, 1024px\"\/><\/p>\n<h3>\u00bf\u00c9xito?<\/h3>\n<p><b>ADMO funcionar\u00e1 hasta el 9 de marzo 2022<\/b>, sin que sus promotores den por hecho, en absoluto, el \u00e9xito de su experimento. \u201cSiempre que hay riesgos, hay miedo. Por supuesto, pensamos en <b>el cliente, que es una parte muy importante a la hora de eliminar el ego en tu trabajo<\/b>\u201d, razona Adri\u00e0. \u201cEs una propuesta arriesgada, pero intentaremos tener \u00e9xito\u201d, a\u00f1ade Ducasse.<\/p>\n<p>Sobre la mesa, queda sin responder la <b>pregunta sobre si este proyecto temporal podr\u00eda transformarse en un restaurante permanente Ducasse-Adri\u00e0 en Par\u00eds<\/b>. \u201cEs una buena pregunta\u201d, reconoce Ducasse, que no ofrece respuesta. \u201cSolo llevamos trabajando 5 d\u00edas; no podemos decir nada sobre ello\u201d, cube Adri\u00e0.<\/p>\n<p>No lo olvidemos: estos dos \u2018grandes\u2019 <b>est\u00e1n \u2018solo\u2019 experimentando\u2019 <\/b>y sus comensales con \u2018conejillos de indias\u2019 de un <b>formato conceptualmente ultrainnovador<\/b>, con la \u2018excusa\u2019 de un restaurante ef\u00edmero. Al chef espa\u00f1ol le visita cada noche Ducasse en ADMO al remaining del servicio. \u201c<b>Estoy viviendo algo brutal<\/b>; Alain nos est\u00e1 cuidando de una forma incre\u00edble\u201d, admite Albert Adri\u00e0. \u201cMe encantar\u00eda que viera esto toda la gente de elBarri; se dar\u00edan cuenta de que no \u00e9ramos tan tontos con lo que hac\u00edamos\u201d.<\/p>\n<p>Por cierto, falta que su hermano Ferran visite ADMO. \u201cYa he aprendido y es un error que venga los primeros d\u00edas de una apertura\u201d, concluye.<\/p>\n<p><b>ADMO. <\/b>Les Ombres au Mus\u00e9e du QuaiBranly\u2013Jacques Chirac. 27 Qquai Branly. Par\u00eds. www.lesombres-restaurant.com<\/p>\n<p><em>Fuente de las fotos: MFG-Gastroeconomy y Dom P\u00e9rignon. La foto del equipo procede del perfil de Ferran Centelles en Instagram.<\/em><\/p>\n<\/p><\/div>\n\n<p><em> \u2018 The preceding article may include information circulated by third parties \u2019 <\/em><\/p>\n<p><em> \u2018 Some details of this article were extracted from the following source www.gastroeconomy.com \u2019 <\/em><\/p>\n","protected":false},"excerpt":{"rendered":"<p>20 Nov 2021 As\u00ed es (y funciona) ADMO, el restaurante ef\u00edmero de Alain Ducasse y Albert Adri\u00e0 en Par\u00eds Con la \u2018excusa\u2019 de un restaurante ef\u00edmero, dos de los cooks m\u00e1s c\u00e9lebres e influyentes de los \u00faltimos tiempos est\u00e1n experimentando en Par\u00eds un formato gastron\u00f3mico conceptualmente ultrainnovador. \u2018Asomado\u2019 a la Torre Eiffel, ADMO materializa la [&hellip;]<\/p>\n","protected":false},"author":2,"featured_media":229856,"comment_status":"open","ping_status":"closed","sticky":false,"template":"","format":"standard","meta":{"om_disable_all_campaigns":false,"jnews-multi-image_gallery":[],"jnews_single_post":[],"jnews_primary_category":[],"jnews_social_meta":[],"footnotes":""},"categories":[43],"tags":[],"class_list":["post-229855","post","type-post","status-publish","format-standard","has-post-thumbnail","hentry","category-gourmet"],"_links":{"self":[{"href":"https:\/\/dimensionturistica.com\/es\/wp-json\/wp\/v2\/posts\/229855","targetHints":{"allow":["GET"]}}],"collection":[{"href":"https:\/\/dimensionturistica.com\/es\/wp-json\/wp\/v2\/posts"}],"about":[{"href":"https:\/\/dimensionturistica.com\/es\/wp-json\/wp\/v2\/types\/post"}],"author":[{"embeddable":true,"href":"https:\/\/dimensionturistica.com\/es\/wp-json\/wp\/v2\/users\/2"}],"replies":[{"embeddable":true,"href":"https:\/\/dimensionturistica.com\/es\/wp-json\/wp\/v2\/comments?post=229855"}],"version-history":[{"count":0,"href":"https:\/\/dimensionturistica.com\/es\/wp-json\/wp\/v2\/posts\/229855\/revisions"}],"wp:featuredmedia":[{"embeddable":true,"href":"https:\/\/dimensionturistica.com\/es\/wp-json\/wp\/v2\/media\/229856"}],"wp:attachment":[{"href":"https:\/\/dimensionturistica.com\/es\/wp-json\/wp\/v2\/media?parent=229855"}],"wp:term":[{"taxonomy":"category","embeddable":true,"href":"https:\/\/dimensionturistica.com\/es\/wp-json\/wp\/v2\/categories?post=229855"},{"taxonomy":"post_tag","embeddable":true,"href":"https:\/\/dimensionturistica.com\/es\/wp-json\/wp\/v2\/tags?post=229855"}],"curies":[{"name":"wp","href":"https:\/\/api.w.org\/{rel}","templated":true}]}}