{"id":229513,"date":"2021-11-20T12:08:58","date_gmt":"2021-11-20T12:08:58","guid":{"rendered":"https:\/\/dimensionturistica.com\/es\/?p=229513"},"modified":"2021-11-20T12:08:59","modified_gmt":"2021-11-20T12:08:59","slug":"preven-plena-recuperacion-turistica-para-2022","status":"publish","type":"post","link":"https:\/\/dimensionturistica.com\/es\/preven-plena-recuperacion-turistica-para-2022\/","title":{"rendered":"Prev\u00e9n plena recuperaci\u00f3n tur\u00edstica para 2022"},"content":{"rendered":"<p> <br \/>\n<\/p>\n<div mlnid=\"idcon=638626;order=7.0\">\n<p class=\"p_0\">M\u00c9RIDA, YUC.- La industria tur\u00edstica alcanzar\u00e1 una plena recuperaci\u00f3n en 2022 tras el impacto de la pandemia por COVID-19, seg\u00fan prev\u00e9 el secretario mexicano de Turismo, Miguel Torruco.<\/p>\n<p class=\"p_1\">Al clausurar ayer la 45 edici\u00f3n del Tianguis Tur\u00edstico M\u00e9xico, que se realiz\u00f3 en M\u00e9rida, Yucat\u00e1n, Torruco destac\u00f3 que en esta feria se han sobrepasado todas las metas tanto por el n\u00famero de empresas registradas como por los compradores.<\/p>\n<p>  <!-- escritorio -->  <\/p>\n<p class=\"p_2\">Hasta 2019, el sector tur\u00edstico mexicano creci\u00f3 ininterrumpidamente hasta convertirse en la octava potencia tur\u00edstica del mundo, antes de que en 2020 la pandemia del COVID-19 frenase las actividades del sector por las restricciones y en los viajes impuestas por las autoridades sanitarias en todo el mundo.<\/p>\n<p class=\"p_3\">Torruco inform\u00f3 que en M\u00e9rida hubo empresas de 43 pa\u00edses, con 3 mil 492 expositores de 936 empresas, superando igualmente las cifras hist\u00f3ricas de Acapulco 2019, con 3 mil 408 expositores de 851 empresas.<\/p>\n<p class=\"p_4\">Sobre el volumen preliminar de ventas, reportado voluntariamente por el 17 por ciento de las empresas participantes, se inform\u00f3 que ascendieron a 598 millones de pesos.<\/p>\n<p class=\"p_5\">Los destinos m\u00e1s solicitados fueron: Canc\u00fan, Riviera Maya, M\u00e9rida, Ciudad de M\u00e9xico y Los Cabos.<\/p>\n<\/p><\/div>\n<p><script src=\"https:\/\/connect.facebook.net\/es_ES\/all.js#xfbml=1\"><\/script><br \/>\n<br \/><\/p>\n<p><em> &#8221; Fuentes vanguardia.com.mx &#8221; <\/em><\/p>\n","protected":false},"excerpt":{"rendered":"<p>M\u00c9RIDA, YUC.- La industria tur\u00edstica alcanzar\u00e1 una plena recuperaci\u00f3n en 2022 tras el impacto de la pandemia por COVID-19, seg\u00fan prev\u00e9 el secretario mexicano de Turismo, Miguel Torruco. Al clausurar ayer la 45 edici\u00f3n del Tianguis Tur\u00edstico M\u00e9xico, que se realiz\u00f3 en M\u00e9rida, Yucat\u00e1n, Torruco destac\u00f3 que en esta feria se han sobrepasado todas las [&hellip;]<\/p>\n","protected":false},"author":4,"featured_media":229514,"comment_status":"open","ping_status":"closed","sticky":false,"template":"","format":"standard","meta":{"om_disable_all_campaigns":false,"jnews-multi-image_gallery":[],"jnews_single_post":[],"jnews_primary_category":[],"jnews_social_meta":[],"footnotes":""},"categories":[40],"tags":[544],"class_list":["post-229513","post","type-post","status-publish","format-standard","has-post-thumbnail","hentry","category-industria","tag-turismo"],"_links":{"self":[{"href":"https:\/\/dimensionturistica.com\/es\/wp-json\/wp\/v2\/posts\/229513","targetHints":{"allow":["GET"]}}],"collection":[{"href":"https:\/\/dimensionturistica.com\/es\/wp-json\/wp\/v2\/posts"}],"about":[{"href":"https:\/\/dimensionturistica.com\/es\/wp-json\/wp\/v2\/types\/post"}],"author":[{"embeddable":true,"href":"https:\/\/dimensionturistica.com\/es\/wp-json\/wp\/v2\/users\/4"}],"replies":[{"embeddable":true,"href":"https:\/\/dimensionturistica.com\/es\/wp-json\/wp\/v2\/comments?post=229513"}],"version-history":[{"count":0,"href":"https:\/\/dimensionturistica.com\/es\/wp-json\/wp\/v2\/posts\/229513\/revisions"}],"wp:featuredmedia":[{"embeddable":true,"href":"https:\/\/dimensionturistica.com\/es\/wp-json\/wp\/v2\/media\/229514"}],"wp:attachment":[{"href":"https:\/\/dimensionturistica.com\/es\/wp-json\/wp\/v2\/media?parent=229513"}],"wp:term":[{"taxonomy":"category","embeddable":true,"href":"https:\/\/dimensionturistica.com\/es\/wp-json\/wp\/v2\/categories?post=229513"},{"taxonomy":"post_tag","embeddable":true,"href":"https:\/\/dimensionturistica.com\/es\/wp-json\/wp\/v2\/tags?post=229513"}],"curies":[{"name":"wp","href":"https:\/\/api.w.org\/{rel}","templated":true}]}}