{"id":227918,"date":"2021-11-17T20:33:14","date_gmt":"2021-11-17T20:33:14","guid":{"rendered":"https:\/\/dimensionturistica.com\/es\/?p=227918"},"modified":"2021-11-17T20:33:15","modified_gmt":"2021-11-17T20:33:15","slug":"turismo-actividad-con-vocacion-social-amlo-durante-la-inauguracion-del-tianguis-turistico-merida-2021","status":"publish","type":"post","link":"https:\/\/dimensionturistica.com\/es\/turismo-actividad-con-vocacion-social-amlo-durante-la-inauguracion-del-tianguis-turistico-merida-2021\/","title":{"rendered":"Turismo, actividad con vocaci\u00f3n social: AMLO, durante la inauguraci\u00f3n del Tianguis Tur\u00edstico M\u00e9rida 2021"},"content":{"rendered":"<p> <br \/>\n<\/p>\n<div id=\"contenido\" style=\"height:600px; overflow:hidden;\">\n<h4 class=\"fontLector\">&#13;<br \/>\n16 noviembre, 2021.-&#8220;Salir del t\u00fanel de oscuridad en qu\u00e9 estuvimos por la pandemia. T\u00fanel de mucho sufrimiento, de perdidas humanas. Estamos ya saliendo y eso es lo que significa este acto&#8221;, dijo hoy el presidente Andr\u00e9s Manuel L\u00f3pez Obrador en referencia a Tianguis Tur\u00edstico M\u00e9rida 2021, durante la inauguraci\u00f3n de su edici\u00f3n 45 en la capital del estado de Yucat\u00e1n. <\/h4>\n<p>Andr\u00e9s Manuel L\u00f3pez Obrador se refiri\u00f3 al turismo como &#8220;una actividad econ\u00f3mica con vocaci\u00f3n social porque no solo se genera riqueza sino se distribuye&#8221;. <\/p>\n<p>Tambi\u00e9n destac\u00f3 la velocidad con la que el mundo se ha sobrepuesto a la pandemia de Covid-19, con la elaboraci\u00f3n de la vacuna en cuesti\u00f3n de un a\u00f1o.  En nuestro pa\u00eds, &#8220;tenemos un porcentaje de vacunaci\u00f3n  de alrededor de 85%, casi todos con dosis. Hoy dimos a conocer que iniciamos la vacunaci\u00f3n en adolescentes de 15 a 17 a\u00f1os&#8221;, a\u00f1adi\u00f3. <\/p>\n<p>El Tianguis Tur\u00edstico es el evento m\u00e1s importante de este sector en nuestro pa\u00eds. Es un foro de negocios y punto de encuentro entre los actores que conforman la industria de los viajes en M\u00e9xico: secretar\u00edas de Turismo de los estados, aerol\u00edneas, cadenas hoteleras, operadores tur\u00edsticos y agencias de viaje, entre otros. No es un evento abierto al p\u00fablico en common. <\/p>\n<p>Durante el acto de apertura, tamb\u00e9n particip\u00f3 Miguel Torruco Marqu\u00e9s, secretario de Turismo del Gobierno de M\u00e9xico (Sectur), que expres\u00f3 que debido a la pandemia, se registr\u00f3 un decrecimiento de 46% de vuelos internacionales en M\u00e9xico. Para \u00e9l &#8220;no se toc\u00f3 fondo, se conserv\u00f3 la paz social y la estabilidad econ\u00f3mica&#8221;. <\/p>\n<p>Torruco estima que en 2021 se registrar\u00e1 la llegada de 31 millones de turistas internacionales a M\u00e9xico, y que el pa\u00eds se encontrar\u00e1 en el tercer lugar a nivel mundial en cuanto a llegadas internacionales debido a las restricciones de viajes que fueron impuestas desde el a\u00f1o pasado en muchos pa\u00edses. <\/p>\n<p>Con respecto al Tren Maya, el titular de la Sectur record\u00f3 que se trata de la &#8220;mayor inversi\u00f3n de turismo en los \u00faltimos 60 a\u00f1os&#8221; y que pasar\u00e1 por 190 atractivos tur\u00edsticos. <\/p>\n<p>Por su parte, el gobernador del estado de Yucat\u00e1n, Mauricio Vila Dosal, retom\u00f3 el tema del Tren Maya, al afirmar que  &#8220;es una gran oportunidad para atraer turismo. El Tren Maya es lo que nos permitir\u00e1 atraerlos con un medio de transporte seguro&#8221;. <\/p>\n<p>En cuanto al trabajo del estado en materia tur\u00edstica, dijo que actualmente se est\u00e1n desarrollando 150 proyectos tur\u00edsticos en Yucat\u00e1n.<\/p>\n<p>Vila Dosal record\u00f3 que la edici\u00f3n 45 con sede en M\u00e9rida, tuvo que organizarse tres veces debido a la pandemia. <\/p>\n<p>Tianguis Tur\u00edstico M\u00e9rida 2021<br \/>&#13;<br \/>\nPara esta edici\u00f3n 2021, que ocurre del 16 al 19 de noviembre, se cuenta con mil 539 compradores de 970 empresas, las cuales provienen de 42 naciones, adem\u00e1s de 936 empresas expositoras. Para estos d\u00edas se han programado 57 mil citas preestablecidas de negocios. <\/p>\n<p>El programa incluye conferencias magistrales, anuncios de nuevos productos tur\u00edsticos y seminarios. <\/p>\n<p>Protocolos de protecci\u00f3n contra Covid-19<br \/>&#13;<br \/>\nPara el Tianguis Tur\u00edstico M\u00e9rida 2021 se est\u00e1n tomando nuevos protocolos de bioseguridad tras la pandemia, como el requisito de certificado de vacunaci\u00f3n completo o prueba negativa de Covid-19 para todos los asistentes.<br \/>&#13;<\/p>\n<\/p><\/div>\n<p><script>(function(d, s, id) {\n\t\tvar js, fjs = d.getElementsByTagName(s)[0];\n\t\tif (d.getElementById(id)) return;\n\t\tjs = d.createElement(s); js.id = id;\n\t\tjs.src = \"https:\/\/connect.facebook.net\/es_LA\/sdk.js#xfbml=1&version=v2.8&appId=1813481202241291\";\n\t\tfjs.parentNode.insertBefore(js, fjs);\n\t}(document, 'script', 'facebook-jssdk'));<\/script><br \/>\n<br \/><\/p>\n<p><em> &#8221; Fuentes todotexcoco.com &#8221; <\/em><\/p>\n","protected":false},"excerpt":{"rendered":"<p>&#13; 16 noviembre, 2021.-&#8220;Salir del t\u00fanel de oscuridad en qu\u00e9 estuvimos por la pandemia. T\u00fanel de mucho sufrimiento, de perdidas humanas. Estamos ya saliendo y eso es lo que significa este acto&#8221;, dijo hoy el presidente Andr\u00e9s Manuel L\u00f3pez Obrador en referencia a Tianguis Tur\u00edstico M\u00e9rida 2021, durante la inauguraci\u00f3n de su edici\u00f3n 45 en [&hellip;]<\/p>\n","protected":false},"author":4,"featured_media":227919,"comment_status":"open","ping_status":"closed","sticky":false,"template":"","format":"standard","meta":{"om_disable_all_campaigns":false,"jnews-multi-image_gallery":[],"jnews_single_post":[],"jnews_primary_category":[],"jnews_social_meta":[],"footnotes":""},"categories":[40],"tags":[35940,35941,35939,35938,544],"class_list":["post-227918","post","type-post","status-publish","format-standard","has-post-thumbnail","hentry","category-industria","tag-actividad-con-vocacion-social-amlo","tag-durante-la-inauguracion-del-tianguis-turistico-merida-2021","tag-noticias-merida","tag-noticias-yucatan","tag-turismo"],"_links":{"self":[{"href":"https:\/\/dimensionturistica.com\/es\/wp-json\/wp\/v2\/posts\/227918","targetHints":{"allow":["GET"]}}],"collection":[{"href":"https:\/\/dimensionturistica.com\/es\/wp-json\/wp\/v2\/posts"}],"about":[{"href":"https:\/\/dimensionturistica.com\/es\/wp-json\/wp\/v2\/types\/post"}],"author":[{"embeddable":true,"href":"https:\/\/dimensionturistica.com\/es\/wp-json\/wp\/v2\/users\/4"}],"replies":[{"embeddable":true,"href":"https:\/\/dimensionturistica.com\/es\/wp-json\/wp\/v2\/comments?post=227918"}],"version-history":[{"count":0,"href":"https:\/\/dimensionturistica.com\/es\/wp-json\/wp\/v2\/posts\/227918\/revisions"}],"wp:featuredmedia":[{"embeddable":true,"href":"https:\/\/dimensionturistica.com\/es\/wp-json\/wp\/v2\/media\/227919"}],"wp:attachment":[{"href":"https:\/\/dimensionturistica.com\/es\/wp-json\/wp\/v2\/media?parent=227918"}],"wp:term":[{"taxonomy":"category","embeddable":true,"href":"https:\/\/dimensionturistica.com\/es\/wp-json\/wp\/v2\/categories?post=227918"},{"taxonomy":"post_tag","embeddable":true,"href":"https:\/\/dimensionturistica.com\/es\/wp-json\/wp\/v2\/tags?post=227918"}],"curies":[{"name":"wp","href":"https:\/\/api.w.org\/{rel}","templated":true}]}}