{"id":227915,"date":"2021-11-17T20:27:01","date_gmt":"2021-11-17T20:27:01","guid":{"rendered":"https:\/\/dimensionturistica.com\/es\/?p=227915"},"modified":"2021-11-17T20:27:02","modified_gmt":"2021-11-17T20:27:02","slug":"arriban-dos-cruceros-a-mazatlan-con-mas-de-4-mil-turistas","status":"publish","type":"post","link":"https:\/\/dimensionturistica.com\/es\/arriban-dos-cruceros-a-mazatlan-con-mas-de-4-mil-turistas\/","title":{"rendered":"Arriban dos cruceros a Mazatl\u00e1n con m\u00e1s de 4 mil turistas"},"content":{"rendered":"<p> <br \/>\n<\/p>\n<div itemprop=\"text\">\n<div class=\"paragraph\" mlnid=\"idcon=1377559;order=6.0\">\n<p><b>Dos cruceros arribaron esta ma\u00f1ana a Mazatl\u00e1n<\/b>, el <b>Koningsman<\/b> a las 7:30 horas con mil 296 turistas, y el <b>Carnival Panorama<\/b> a las 9:00 horas, con 2 mil 956.<\/p>\n<p><b>El Koningsman viene de Cabo San Lucas<\/b> y se dirige a Puerto Vallarta, se espera que deje Mazatl\u00e1n a las 17:00 horas.<\/p>\n<\/p><\/div>\n<div class=\"paragraph\" mlnid=\"idcon=1377609;order=10.0\">\n<p>En tanto <b>el Carnival Panorama se dirige a Cabo San Lucas,<\/b> y viene desde Puerto Vallarta, se espera que zarpe de Mazatl\u00e1n a las 18:00 horas.<\/p>\n<p>Los principales puntos tur\u00edsticos que suelen visitar los pasajeros son la <b>Plazuela Machado, El Clavadista,<\/b> as\u00ed como el <b>Centro Hist\u00f3rico<\/b> en common.<\/p>\n<\/p><\/div>\n<div class=\"paragraph\" mlnid=\"idcon=1377613;order=14.0\">\n<p>Tambi\u00e9n <b>degustan la comida que ofrece Mazatl\u00e1n.<\/b><\/p>\n<p>De acuerdo a estimaciones de empresarios,<b> cada turista gasta aproximadamente 200 d\u00f3lares en su estancia en Mazatl\u00e1n<\/b>, por lo que la inyecci\u00f3n econ\u00f3mica que llega a Mazatl\u00e1n es de mucha ayuda a quienes trabajan del turismo en el puerto.<\/p>\n<\/p><\/div>\n<div class=\"paragraph\" mlnid=\"idcon=1377617;order=18.0\">\n<p>El lunes, durante un encuentro de Gobernadores de noroeste del Pa\u00eds, s<b>e propuso la creaci\u00f3n de un crucero nacional ara la Riviera del Pac\u00edfico.<\/b><\/p>\n<\/p><\/div>\n<div class=\"paragraph\" mlnid=\"idcon=1377621;order=22.0\">\n<p><b>200 d\u00f3lares<\/b><\/p>\n<p>deja en promedio cada turista en su visita a Mazatl\u00e1n<\/p>\n<p><b>1,296 turistas<\/b><\/p>\n<p>en el Koningsman<\/p>\n<p><b>2 mil 956 turistas<\/b><\/p>\n<p>en el Carnival Panorama<\/p>\n<\/p><\/div><\/div>\n\n<p><em> &#8221; Fuentes www.noroeste.com.mx &#8221; <\/em><\/p>\n","protected":false},"excerpt":{"rendered":"<p>Dos cruceros arribaron esta ma\u00f1ana a Mazatl\u00e1n, el Koningsman a las 7:30 horas con mil 296 turistas, y el Carnival Panorama a las 9:00 horas, con 2 mil 956. El Koningsman viene de Cabo San Lucas y se dirige a Puerto Vallarta, se espera que deje Mazatl\u00e1n a las 17:00 horas. En tanto el Carnival [&hellip;]<\/p>\n","protected":false},"author":4,"featured_media":227916,"comment_status":"open","ping_status":"closed","sticky":false,"template":"","format":"standard","meta":{"om_disable_all_campaigns":false,"jnews-multi-image_gallery":[],"jnews_single_post":[],"jnews_primary_category":[],"jnews_social_meta":[],"footnotes":""},"categories":[41],"tags":[18734],"class_list":["post-227915","post","type-post","status-publish","format-standard","has-post-thumbnail","hentry","category-cruceros","tag-antonio-olazabal"],"_links":{"self":[{"href":"https:\/\/dimensionturistica.com\/es\/wp-json\/wp\/v2\/posts\/227915","targetHints":{"allow":["GET"]}}],"collection":[{"href":"https:\/\/dimensionturistica.com\/es\/wp-json\/wp\/v2\/posts"}],"about":[{"href":"https:\/\/dimensionturistica.com\/es\/wp-json\/wp\/v2\/types\/post"}],"author":[{"embeddable":true,"href":"https:\/\/dimensionturistica.com\/es\/wp-json\/wp\/v2\/users\/4"}],"replies":[{"embeddable":true,"href":"https:\/\/dimensionturistica.com\/es\/wp-json\/wp\/v2\/comments?post=227915"}],"version-history":[{"count":0,"href":"https:\/\/dimensionturistica.com\/es\/wp-json\/wp\/v2\/posts\/227915\/revisions"}],"wp:featuredmedia":[{"embeddable":true,"href":"https:\/\/dimensionturistica.com\/es\/wp-json\/wp\/v2\/media\/227916"}],"wp:attachment":[{"href":"https:\/\/dimensionturistica.com\/es\/wp-json\/wp\/v2\/media?parent=227915"}],"wp:term":[{"taxonomy":"category","embeddable":true,"href":"https:\/\/dimensionturistica.com\/es\/wp-json\/wp\/v2\/categories?post=227915"},{"taxonomy":"post_tag","embeddable":true,"href":"https:\/\/dimensionturistica.com\/es\/wp-json\/wp\/v2\/tags?post=227915"}],"curies":[{"name":"wp","href":"https:\/\/api.w.org\/{rel}","templated":true}]}}