{"id":227903,"date":"2021-11-17T20:18:47","date_gmt":"2021-11-17T20:18:47","guid":{"rendered":"https:\/\/dimensionturistica.com\/es\/?p=227903"},"modified":"2021-11-17T20:18:47","modified_gmt":"2021-11-17T20:18:47","slug":"que-pruebas-de-covid-19-son-aceptadas-para-viajar","status":"publish","type":"post","link":"https:\/\/dimensionturistica.com\/es\/que-pruebas-de-covid-19-son-aceptadas-para-viajar\/","title":{"rendered":"\u00bfQu\u00e9 pruebas de Covid-19 son aceptadas para viajar?"},"content":{"rendered":"<p> <br \/>\n<\/p>\n<div>\n<p>A casi dos a\u00f1os de la pandemia del <strong>Covid-19 <\/strong>\u00a0todos sabemos que para <strong>viajar <\/strong>a algunos lugares internaciones se tiene que presentar una <strong>prueba <\/strong>negativa del mencionado virus, incluso, aunque haya personas con esquema de vacunaci\u00f3n completo, existen destinos que piden ambos requisitos.\u00a0<\/p>\n<p>La <strong>prueba <\/strong>negativa a <strong>Covid-19 <\/strong>se tiene que presentar en el aeropuerto de partida, antes de subirse al avi\u00f3n. La recomendaci\u00f3n principal es llevar los documentos impresos y en digital para no tener ninguna dificultad al mostrarlas.<\/p>\n<p><strong>Lo mejor es hacerce la prueba de Covid-19 <\/strong>con anticipaci\u00f3n <strong>viaje <\/strong>al que va realizar, debido a los requisitos de cada pa\u00eds son diferentes, se sugiere que todos los viajeros consulten previamente las caracter\u00edsticas que deben cumplir sus pruebas.<\/p>\n<p><strong>Leer m\u00e1s:\u00a0<\/strong><a rel=\"nofollow noopener\" target=\"_blank\" href=\"https:\/\/www.debate.com.mx\/viajes\/Conoce-las-cabanas-Kali-Tree-suspendidas-en-los-arboles-en-Zacatlan-de-las-Manzanas-Puebla-20211116-0134.html\">Viajes\u00a0Conoce las caba\u00f1as Kali-Tree, suspendidas en los \u00e1rboles, en Zacatl\u00e1n de las Manzanas, Puebla<\/a><\/p>\n<h2>\u00bfQu\u00e9 pruebas de Covid-19 son aceptadas para viajar?<\/h2>\n<p>Una de las <strong>pruebas <\/strong>aceptadas para <strong>viajar <\/strong>es la PCR, esta es smart, lo que sigifica que logra hallar la prote\u00edna m\u00e1s all\u00e1 de la superficie del virus. La muestra se obtiene por hisopado nasofar\u00edngeo en cuesti\u00f3n de minutos y los resultados pueden tardar un par de horas. La PCR da positivo aun durante los \u00faltimos d\u00edas de la enfermedad.<\/p>\n<p>Tambi\u00e9n se puede realizar la ant\u00edgenos, que identifica el virus cuando est\u00e1 en el pico dela infecci\u00f3n, la toma tambi\u00e9n se obtiene por hisopado nasofar\u00edngeo y, aunque no es tan smart como la PCR no deja de ser confiable y los resultado se entegan significativamente m\u00e1s r\u00e1pido.<\/p>\n<p><strong>Leer m\u00e1s:<\/strong>\u00a0<a rel=\"nofollow noopener\" target=\"_blank\" href=\"https:\/\/www.debate.com.mx\/viajes\/Eres-de-Ohio-o-pretendes-visitarlo-entonces-tienes-que-visitar-la-Cueva-de-Navidad-gratuita-20211117-0143.html\">Eres de Ohio o pretendes visitarlo, entonces tienes que visitar la Cueva de Navidad gratuita<\/a><\/p>\n<p>La elecci\u00f3n qu\u00e9 <strong>prueba <\/strong>hacerse es 100 \u00a0por ciento del pasajero, y probablemente sea tomada a partir del presupuesto asignado por viaje o e la seguridad que quiera tener ante la enfermead.<\/p>\n<div class=\"ck-video-player\"> <amp-iframe width=\"640\" height=\"360\" sandbox=\"allow-scripts allow-same-origin allow-presentation\" allowfullscreen=\"\" frameborder=\"0\" layout=\"responsive\" src=\"https:\/\/iframe.debate.com.mx\/ajax\/get_share_video.html?id=\/videos\/video-flash\/2019\/06\/18\/10000000_2264345223828283_1534087423801488677_n.mp4\" class=\"i-amphtml-layout-responsive i-amphtml-layout-size-defined\" i-amphtml-layout=\"responsive\"><i-amphtml-sizer style=\"display:block;padding-top:56.25%\"\/> <amp-img src=\"https:\/\/www.debate.com.mx\/img\/2019\/06\/18\/10000000_2264345223828283_1534087423801488677_n-mp4_15608893246651280_1.jpg\" layout=\"fill\" placeholder=\"\" class=\"i-amphtml-layout-fill i-amphtml-layout-size-defined\" i-amphtml-layout=\"fill\"\/> <\/amp-iframe><figcaption> AMLO sostiene Video llamada con Mark Zuckerberg <\/figcaption><\/div>\n<\/div>\n<div>\n<p class=\"authorbox__description\">Sandra Audelo se gradu\u00f3 de la carrera en Ciencias de la Comunicaci\u00f3n, por la Universidad de Occidente. Su comienzo dentro del periodismo inici\u00f3 en Debate.com.mx en el a\u00f1o 2017. Actualmente redacta\u00a0noticias para la secci\u00f3n de Estados, especialmente de Sonora, Baja California, Nuevo Le\u00f3n, Tamaulipas y Chihuahua.<\/p>\n<p>  <a rel=\"nofollow noopener\" target=\"_blank\" href=\"https:\/\/www.debate.com.mx\/staff\/sandra.audelo\" title=\"Sandra Audelo\" class=\"authorbox__link\">Ver m\u00e1s<\/a> <\/div>\n\n<p><em> &#8221; Fuentes www.debate.com.mx &#8221; <\/em><\/p>\n","protected":false},"excerpt":{"rendered":"<p>A casi dos a\u00f1os de la pandemia del Covid-19 \u00a0todos sabemos que para viajar a algunos lugares internaciones se tiene que presentar una prueba negativa del mencionado virus, incluso, aunque haya personas con esquema de vacunaci\u00f3n completo, existen destinos que piden ambos requisitos.\u00a0 La prueba negativa a Covid-19 se tiene que presentar en el aeropuerto [&hellip;]<\/p>\n","protected":false},"author":4,"featured_media":227904,"comment_status":"open","ping_status":"closed","sticky":false,"template":"","format":"standard","meta":{"om_disable_all_campaigns":false,"jnews-multi-image_gallery":[],"jnews_single_post":[],"jnews_primary_category":[],"jnews_social_meta":[],"footnotes":""},"categories":[39],"tags":[55,545],"class_list":["post-227903","post","type-post","status-publish","format-standard","has-post-thumbnail","hentry","category-viajes","tag-coronavirus","tag-viajes"],"_links":{"self":[{"href":"https:\/\/dimensionturistica.com\/es\/wp-json\/wp\/v2\/posts\/227903","targetHints":{"allow":["GET"]}}],"collection":[{"href":"https:\/\/dimensionturistica.com\/es\/wp-json\/wp\/v2\/posts"}],"about":[{"href":"https:\/\/dimensionturistica.com\/es\/wp-json\/wp\/v2\/types\/post"}],"author":[{"embeddable":true,"href":"https:\/\/dimensionturistica.com\/es\/wp-json\/wp\/v2\/users\/4"}],"replies":[{"embeddable":true,"href":"https:\/\/dimensionturistica.com\/es\/wp-json\/wp\/v2\/comments?post=227903"}],"version-history":[{"count":0,"href":"https:\/\/dimensionturistica.com\/es\/wp-json\/wp\/v2\/posts\/227903\/revisions"}],"wp:featuredmedia":[{"embeddable":true,"href":"https:\/\/dimensionturistica.com\/es\/wp-json\/wp\/v2\/media\/227904"}],"wp:attachment":[{"href":"https:\/\/dimensionturistica.com\/es\/wp-json\/wp\/v2\/media?parent=227903"}],"wp:term":[{"taxonomy":"category","embeddable":true,"href":"https:\/\/dimensionturistica.com\/es\/wp-json\/wp\/v2\/categories?post=227903"},{"taxonomy":"post_tag","embeddable":true,"href":"https:\/\/dimensionturistica.com\/es\/wp-json\/wp\/v2\/tags?post=227903"}],"curies":[{"name":"wp","href":"https:\/\/api.w.org\/{rel}","templated":true}]}}