{"id":227764,"date":"2021-11-17T17:00:47","date_gmt":"2021-11-17T17:00:47","guid":{"rendered":"https:\/\/dimensionturistica.com\/es\/?p=227764"},"modified":"2021-11-17T17:00:48","modified_gmt":"2021-11-17T17:00:48","slug":"pareja-compra-pantalla-y-se-les-cae-durante-viaje-en-moto","status":"publish","type":"post","link":"https:\/\/dimensionturistica.com\/es\/pareja-compra-pantalla-y-se-les-cae-durante-viaje-en-moto\/","title":{"rendered":"pareja compra pantalla y se les cae durante viaje en moto"},"content":{"rendered":"<p> <br \/>\n<\/p>\n<div>\n<p>No cabe duda que uno de los principales temas de conversaci\u00f3n y de actividades del pasado fin de semana fue <a rel=\"nofollow noopener\" target=\"_blank\" href=\"https:\/\/www.eluniversal.com.mx\/techbit\"><strong>El Buen\u00a0Fin<\/strong><\/a>, evento que consiste en la <strong>promoci\u00f3n <\/strong>y distribuci\u00f3n de productos y servicios por diversas empresas con el fin de fomentar el\u00a0<strong>comercio<\/strong>, a\u00a0trav\u00e9s de <strong>ofertas<\/strong>, <strong>descuentos <\/strong>y\/o rebajas sobre el precio, y cr\u00e9ditos a meses sin intereses.\u00a0<br \/>\u00a0<br \/>Sin\u00a0embargo,\u00a0no todo fue perfecto, ya que algunos compradores cometieron algunos errores que hicieron de\u00a0este fin\u00a0de semana de ofertas se convirtiera en un tormento.\u00a0<br \/>\u00a0<\/p>\n<h2> Pareja se queda sin Buen Fin\u00a0\u00a0\u00a0<\/h2>\n<p>\u00a0<br \/>Este es el caso de\u00a0una pareja que compr\u00f3 una <a rel=\"nofollow noopener\" target=\"_blank\" href=\"http:\/\/www.eluniversal.com.mx\/\"><strong>pantalla plana <\/strong><\/a>y que decidi\u00f3 <strong>llev\u00e1rsela <\/strong>de la tienda, no en auto, ni en camioneta o taxi, sino\u00a0en su <strong>motocicleta<\/strong>. La pareja fue captada en video mientras circulaban con su\u00a0<strong>pantalla<\/strong>,\u00a0pero de un momento a otro, esta se les\u00a0fue de las manos y termin\u00f3 en el asfalto.\u00a0<br \/>\u00a0<br \/>La pareja fue captada en <strong>video <\/strong>mientras sal\u00edan del estacionamiento de\u00a0la tienda comercial en la que adquirieron su <strong>pantalla<\/strong>. Todo\u00a0transcurre\u00a0con normalidad, el conductor maneja\u00a0despacio\u00a0y sin problema, sin\u00a0embargo\u00a0ninguno de los dos\u00a0se percat\u00f3\u00a0de\u00a0una estructura met\u00e1lica en la salida\u00a0del estacionamiento, la cual\u00a0mide la altura de los autos que pueden ingresar al lugar.\u00a0<br \/>\u00a0<br \/>Sin darse cuenta del obst\u00e1culo, la moto contin\u00faa avanzando al tiempo que la <strong>pantalla <\/strong>choca con la estructura\u00a0y se golpea contra el suelo; adem\u00e1s de que la mujer que la cargaba queda doblada y aplastada por la\u00a0<strong>Good Television\u00a0<\/strong>debido a su peso.\u00a0<br \/>\u00a0<br \/>El suceso fue captado por un conductor que se encontraba cerca de la pareja, quien sin imaginar lo que pasar\u00eda, grab\u00f3 el chusco momento.\u00a0<br \/>\u00a0<\/p>\n<p> <iframe loading=\"lazy\" allow=\"autoplay; clipboard-write; encrypted-media; picture-in-picture; web-share\" allowfullscreen=\"true\" frameborder=\"0\" height=\"476\" scrolling=\"no\" src=\"https:\/\/www.facebook.com\/plugins\/video.php?height=476&amp;href=https%3A%2F%2Fwww.facebook.com%2Fsanantonio.carrillo%2Fvideos%2F586161346053456%2F&amp;show_text=false&amp;width=476&amp;t=0\" style=\"border:none;overflow:hidden\" width=\"476\"><\/iframe><\/p>\n<h2> Video se vuelve viral en redes\u00a0<\/h2>\n<p>\u00a0<br \/>El video fue compartido en <strong>web <\/strong>y r\u00e1pidamente se volvi\u00f3 <strong>viral<\/strong>,\u00a0contando hasta el momento con m\u00e1s de<strong> mil reproducciones <\/strong>y m\u00e1s de <strong>18 mil comentarios<\/strong>\u00a0de personas a quienes les pareci\u00f3 muy divertido el &#8220;tr\u00e1gico&#8221; momento, adem\u00e1s de se\u00f1alar que transportar el televisor en una motocicleta fue una p\u00e9sima thought.\u00a0<br \/>\u00a0<br \/>Seg\u00fan la descripci\u00f3n del video, mismo que ha sido compartido en diferentes redes sociales, las im\u00e1genes de la pareja con una <strong>Good Television <\/strong>en <strong>motocicleta <\/strong>fueron captadas este <strong>Buen Fin<\/strong>, no obstante, se desconoce en qu\u00e9\u00a0plaza comercial fue\u00a0y si en realidad se dio en estas fechas.\u00a0\u00a0<br \/>\u00a0<br \/>De acuerdo con el Gobierno de la Ciudad de M\u00e9xico, para esta edici\u00f3n 2021 se obtuvieron alrededor de 239 mil millones de pesos en ventas, duplicando la demanda del 2020.\u00a0\u00a0<\/p>\n<p>Leer tambi\u00e9n:\u00a0<a rel=\"nofollow noopener\" target=\"_blank\" href=\"https:\/\/www.eluniversal.com.mx\/techbit\/como-cambiar-la-letra-de-whatsapp-sin-bajar-otras-apps\">\u00bfC\u00f3mo puedes cambiar la letra de WhatsApp sin bajar otras apps?<\/a><\/p>\n<p>Recibe todos los viernes Whats up Weekend, nuestro publication con lo \u00faltimo en gastronom\u00eda, viajes, tecnolog\u00eda, autos, moda y belleza. Suscr\u00edbete aqu\u00ed:\u00a0<a rel=\"nofollow noopener\" target=\"_blank\" href=\"https:\/\/www.eluniversal.com.mx\/mi-cuenta\">https:\/\/www.eluniversal.com.mx\/mi-cuenta<\/a><\/p>\n<p>\u00a0<br \/>\u00a0<\/p>\n<\/div>\n<p><script async defer crossorigin=\"anonymous\" src=\"https:\/\/connect.facebook.net\/es_LA\/sdk.js#xfbml=1&#038;version=v10.0&#038;appId=163316950407128&#038;autoLogAppEvents=1\"><\/script><br \/>\n<br \/><\/p>\n<p><em> &#8221; Fuentes www.eluniversal.com.mx &#8221; <\/em><\/p>\n","protected":false},"excerpt":{"rendered":"<p>No cabe duda que uno de los principales temas de conversaci\u00f3n y de actividades del pasado fin de semana fue El Buen\u00a0Fin, evento que consiste en la promoci\u00f3n y distribuci\u00f3n de productos y servicios por diversas empresas con el fin de fomentar el\u00a0comercio, a\u00a0trav\u00e9s de ofertas, descuentos y\/o rebajas sobre el precio, y cr\u00e9ditos a [&hellip;]<\/p>\n","protected":false},"author":4,"featured_media":227765,"comment_status":"open","ping_status":"closed","sticky":false,"template":"","format":"standard","meta":{"om_disable_all_campaigns":false,"jnews-multi-image_gallery":[],"jnews_single_post":[],"jnews_primary_category":[],"jnews_social_meta":[],"footnotes":""},"categories":[39],"tags":[35922,35921,35923,2462],"class_list":["post-227764","post","type-post","status-publish","format-standard","has-post-thumbnail","hentry","category-viajes","tag-motocicleta-pantalla-buenfin","tag-pantalla-moto","tag-video-moto-pantalla","tag-viral"],"_links":{"self":[{"href":"https:\/\/dimensionturistica.com\/es\/wp-json\/wp\/v2\/posts\/227764","targetHints":{"allow":["GET"]}}],"collection":[{"href":"https:\/\/dimensionturistica.com\/es\/wp-json\/wp\/v2\/posts"}],"about":[{"href":"https:\/\/dimensionturistica.com\/es\/wp-json\/wp\/v2\/types\/post"}],"author":[{"embeddable":true,"href":"https:\/\/dimensionturistica.com\/es\/wp-json\/wp\/v2\/users\/4"}],"replies":[{"embeddable":true,"href":"https:\/\/dimensionturistica.com\/es\/wp-json\/wp\/v2\/comments?post=227764"}],"version-history":[{"count":0,"href":"https:\/\/dimensionturistica.com\/es\/wp-json\/wp\/v2\/posts\/227764\/revisions"}],"wp:featuredmedia":[{"embeddable":true,"href":"https:\/\/dimensionturistica.com\/es\/wp-json\/wp\/v2\/media\/227765"}],"wp:attachment":[{"href":"https:\/\/dimensionturistica.com\/es\/wp-json\/wp\/v2\/media?parent=227764"}],"wp:term":[{"taxonomy":"category","embeddable":true,"href":"https:\/\/dimensionturistica.com\/es\/wp-json\/wp\/v2\/categories?post=227764"},{"taxonomy":"post_tag","embeddable":true,"href":"https:\/\/dimensionturistica.com\/es\/wp-json\/wp\/v2\/tags?post=227764"}],"curies":[{"name":"wp","href":"https:\/\/api.w.org\/{rel}","templated":true}]}}