{"id":227156,"date":"2021-11-16T18:42:35","date_gmt":"2021-11-16T18:42:35","guid":{"rendered":"https:\/\/dimensionturistica.com\/es\/?p=227156"},"modified":"2021-11-16T18:42:36","modified_gmt":"2021-11-16T18:42:36","slug":"viajes-interprovinciales-carnet-de-vacunacion-covid-19-que-pasa-con-los-mayores-de-45-anos-que-no-tienen-su-segunda-dosis-por-contagio-y-quieren-viajar-nndc-lima","status":"publish","type":"post","link":"https:\/\/dimensionturistica.com\/es\/viajes-interprovinciales-carnet-de-vacunacion-covid-19-que-pasa-con-los-mayores-de-45-anos-que-no-tienen-su-segunda-dosis-por-contagio-y-quieren-viajar-nndc-lima\/","title":{"rendered":"viajes interprovinciales | Carnet de vacunaci\u00f3n | COVID-19: \u00bfQu\u00e9 pasa con los mayores de 45 a\u00f1os que no tienen su segunda dosis por contagio y quieren viajar? nndc | LIMA"},"content":{"rendered":"<p> <br \/>\n<\/p>\n<div id=\"\">\n<p itemprop=\"description\" class=\"story-contents__font-paragraph \"><b>Tras disponerse en el <\/b><a rel=\"nofollow noopener\" target=\"_blank\" itemprop=\"url\" href=\"https:\/\/busquedas.elperuano.pe\/normaslegales\/decreto-supremo-que-prorroga-el-estado-de-emergencia-naciona-decreto-supremo-n-167-2021-pcm-2006935-1\/\"><b>Decreto Supremo 167-2021-PCM<\/b><\/a><b> que los mayores de 45 a\u00f1os solo podr\u00e1n abordar viajes interprovinciales terrestres si acreditan sus dos dosis de la vacuna contra el COVID-19, la jefa de inmunizaciones del Minsa, Gabriela Jim\u00e9nez, respondi\u00f3 a posibles casos que podr\u00edan darse respecto a la inoculaci\u00f3n de este grupo etario antes de viajar.<\/b><\/p>\n<p itemprop=\"description\" class=\"story-contents__font-paragraph \">En entrevista a TV Per\u00fa, Gabriela Jim\u00e9nez fue consultada sobre qu\u00e9 pasar\u00eda si una persona mayor a forty five a\u00f1os &#8211; que no recibi\u00f3 su segunda dosis por contagio COVID-19 &#8211; desea viajar. Al respecto, la funcionaria respondi\u00f3 que esto implicar\u00eda la presentaci\u00f3n de un documento como acreditaci\u00f3n para su caso.<\/p>\n<p itemprop=\"description\" class=\"story-contents__font-paragraph \"><i>\u201cToda persona que ha sido infectada y est\u00e1 en el tiempo de espera para la administraci\u00f3n de su siguiente dosis (2da vacuna), va a tener una hoja de acta de la afectaci\u00f3n por COVID-19; entonces, el m\u00e9dico genera un acta y eso puede ser una prueba importante para que manifieste (al momento de viajar) la raz\u00f3n de todav\u00eda no haberse inoculado<\/i>\u201d, se\u00f1al\u00f3.<\/p>\n<p itemprop=\"description\" class=\"story-contents__font-paragraph \">En tal sentido, la persona que desee viajar y no haya podido aplicarse su segunda vacuna, tendr\u00e1 que presentar la documentaci\u00f3n referida por la funcionaria.<\/p>\n<h2 class=\"\"><mark class=\"hl_yellow\"><b>\u00bfCu\u00e1nto tiempo despu\u00e9s puedo vacunarme?<\/b><\/mark><\/h2>\n<p itemprop=\"description\" class=\"story-contents__font-paragraph \">Cabe se\u00f1alar que, seg\u00fan lo dispuesto por la <a rel=\"nofollow noopener\" target=\"_blank\" itemprop=\"url\" href=\"https:\/\/cdn.www.gob.pe\/uploads\/document\/file\/1645872\/Directiva%20Sanitaria%20N%C2%BA129-MINSA\/2021\/DGIESP.pdf\">Directiva Sanitaria 129-2021 del Minsa<\/a>,<b> <\/b>antes de aplicar la vacuna, los encargados de la inmunizaci\u00f3n deber\u00e1n realizar una serie de preguntas a las personas con el objetivo de detectar un posible caso de COVID-19.<\/p>\n<p itemprop=\"description\" class=\"story-contents__font-paragraph \">Si la persona a ser vacunada<b> <\/b><i>\u201crecibi\u00f3 un tratamiento para el COVID-19 con anticuerpos monoclonales o plasma de convaleciente, <\/i><i><b>debe esperar 90 d\u00edas para vacunarse contra el COVID-19\u2033<\/b><\/i><i>. La norma agrega lo siguiente: \u201cHable con su m\u00e9dico si no sabe con certeza qu\u00e9 tratamientos recibi\u00f3, o si tiene m\u00e1s preguntas acerca de vacunarse contra el COVID-19\u2033.<\/i><\/p>\n<figure><picture><source data-srcset=\"https:\/\/peru21.pe\/resizer\/lsquTD-f90iqEb6p_HTvycRSKYA=\/280x0\/smart\/filters:format(jpeg):quality(75)\/cloudfront-us-east-1.images.arcpublishing.com\/elcomercio\/H6RONV4OS5BGLAF5P36CARHV2M.png\" media=\"(max-width: 360px)\" class=\"lazy\"\/><source data-srcset=\"https:\/\/peru21.pe\/resizer\/4130VazTzuPoOuH5nOolQb3gAh8=\/482x0\/smart\/filters:format(jpeg):quality(75)\/cloudfront-us-east-1.images.arcpublishing.com\/elcomercio\/H6RONV4OS5BGLAF5P36CARHV2M.png\" media=\"(max-width: 639px)\" class=\"lazy\"\/><img src=\"https:\/\/peru21.pe\/resizer\/LcfNqDk4eLTeSg9HBxtCs_Idv-4=\/620x0\/smart\/filters:format(jpeg):quality(75)\/cloudfront-us-east-1.images.arcpublishing.com\/elcomercio\/H6RONV4OS5BGLAF5P36CARHV2M.png\" alt=\"Casos relacionados al COVID-19 en los que una persona no debe vacunarse.\" decoding=\"async\" class=\"lazy story-contents__image w-full o-cover\"\/><\/picture><figcaption class=\"story-contents__caption\">Casos relacionados al COVID-19 en los que una persona no debe vacunarse.<!-- --> <\/figcaption><\/figure>\n<h2 class=\"\"><mark class=\"hl_yellow\"><b>Viajes interprovinciales exigen dos dosis <\/b><\/mark><\/h2>\n<p itemprop=\"description\" class=\"story-contents__font-paragraph \">Dicha medida se viene cumpliendo desde este lunes 15 de noviembre, seg\u00fan lo dispuesto en el <a rel=\"nofollow noopener\" target=\"_blank\" itemprop=\"url\" href=\"https:\/\/busquedas.elperuano.pe\/normaslegales\/decreto-supremo-que-prorroga-el-estado-de-emergencia-naciona-decreto-supremo-n-167-2021-pcm-2006935-1\/\">Decreto Supremo 167-2021-PCM<\/a>. Seg\u00fan la norma, esto cumple para los cuatro niveles de alerta (moderado, alto, muy alto y extremo).<\/p>\n<p itemprop=\"description\" class=\"story-contents__font-paragraph \">El ministro de Salud, Hernando Cevallos, refiri\u00f3 que esta norma servir\u00e1 para fomentar la vacunaci\u00f3n contra el coronavirus (COVID-19). Remarc\u00f3 que muchas personas deben realizar viajes de largas horas en el interior de un bus y que el objetivo es que, al ser eventualmente contagiados, no desarrollen complicaciones de la enfermedad.<\/p>\n<p itemprop=\"description\" class=\"story-contents__font-paragraph \"><i>\u201cSi bien la vacuna es voluntaria, no tiene ning\u00fan ciudadano derecho a contagiar a otro ciudadano. Al no estar vacunado las posibilidades de contagio son mayores\u201d<\/i>, expres\u00f3 sobre esta medida.<\/p>\n<h2 class=\"\"><mark class=\"hl_yellow\"><b>VIDEO RECOMENDADO<\/b><\/mark><\/h2>\n<div class=\"jwplayer-lazy \" id=\"3GFPYiwb\" data-hasads=\"1\" data-playerid=\"zbS8OgHn\"><img src=\"https:\/\/peru21.pe\/resizer\/KputUHlH49CQ9165gRM8DqPoArg=\/580x326\/smart\/filters:format(jpeg):quality(75)\/cdn.jwplayer.com\/v2\/media\/3GFPYiwb\/poster.jpg\" alt=\"COVID-19: Los pasos que debes seguir para obtener el carnet de vacunaci\u00f3n\" decoding=\"async\" id=\"image_3GFPYiwb\" class=\"lazy \" style=\"width:100%\"\/><\/div><figcaption class=\"s-multimedia__caption\">Desde este lunes 15 de noviembre, las personas de 45 a\u00f1os a m\u00e1s solo podr\u00e1n abordar los buses interprovinciales, si cuentan con las dos dosis de vacuna. Bajo contexto, surge la siguiente interrogante: \u00bfc\u00f3mo un ciudadano puede acreditar que cuenta con la inmunizaci\u00f3n completa contra el COVID-19? Aqu\u00ed te lo contamos. <a rel=\"nofollow noopener\" target=\"_blank\" href=\"\"><\/figcaption><h2 class=\"\"><\/h2>\n<\/div>\n\n<p><em> &#8221; Fuentes peru21.pe &#8221; <\/em><\/p>\n","protected":false},"excerpt":{"rendered":"<p>Tras disponerse en el Decreto Supremo 167-2021-PCM que los mayores de 45 a\u00f1os solo podr\u00e1n abordar viajes interprovinciales terrestres si acreditan sus dos dosis de la vacuna contra el COVID-19, la jefa de inmunizaciones del Minsa, Gabriela Jim\u00e9nez, respondi\u00f3 a posibles casos que podr\u00edan darse respecto a la inoculaci\u00f3n de este grupo etario antes de [&hellip;]<\/p>\n","protected":false},"author":4,"featured_media":227157,"comment_status":"open","ping_status":"closed","sticky":false,"template":"","format":"standard","meta":{"om_disable_all_campaigns":false,"jnews-multi-image_gallery":[],"jnews_single_post":[],"jnews_primary_category":[],"jnews_social_meta":[],"footnotes":""},"categories":[39],"tags":[55,510,1597,12368],"class_list":["post-227156","post","type-post","status-publish","format-standard","has-post-thumbnail","hentry","category-viajes","tag-coronavirus","tag-covid-19","tag-vacuna","tag-viajes-interprovinciales"],"_links":{"self":[{"href":"https:\/\/dimensionturistica.com\/es\/wp-json\/wp\/v2\/posts\/227156","targetHints":{"allow":["GET"]}}],"collection":[{"href":"https:\/\/dimensionturistica.com\/es\/wp-json\/wp\/v2\/posts"}],"about":[{"href":"https:\/\/dimensionturistica.com\/es\/wp-json\/wp\/v2\/types\/post"}],"author":[{"embeddable":true,"href":"https:\/\/dimensionturistica.com\/es\/wp-json\/wp\/v2\/users\/4"}],"replies":[{"embeddable":true,"href":"https:\/\/dimensionturistica.com\/es\/wp-json\/wp\/v2\/comments?post=227156"}],"version-history":[{"count":0,"href":"https:\/\/dimensionturistica.com\/es\/wp-json\/wp\/v2\/posts\/227156\/revisions"}],"wp:featuredmedia":[{"embeddable":true,"href":"https:\/\/dimensionturistica.com\/es\/wp-json\/wp\/v2\/media\/227157"}],"wp:attachment":[{"href":"https:\/\/dimensionturistica.com\/es\/wp-json\/wp\/v2\/media?parent=227156"}],"wp:term":[{"taxonomy":"category","embeddable":true,"href":"https:\/\/dimensionturistica.com\/es\/wp-json\/wp\/v2\/categories?post=227156"},{"taxonomy":"post_tag","embeddable":true,"href":"https:\/\/dimensionturistica.com\/es\/wp-json\/wp\/v2\/tags?post=227156"}],"curies":[{"name":"wp","href":"https:\/\/api.w.org\/{rel}","templated":true}]}}