{"id":226967,"date":"2021-11-16T10:50:18","date_gmt":"2021-11-16T10:50:18","guid":{"rendered":"https:\/\/dimensionturistica.com\/es\/?p=226967"},"modified":"2021-11-16T10:50:19","modified_gmt":"2021-11-16T10:50:19","slug":"viajes-interprovinciales-mayores-de-45-anos-requeriran-vacunacion-completa-desde-este-lunes-nndc-peru","status":"publish","type":"post","link":"https:\/\/dimensionturistica.com\/es\/viajes-interprovinciales-mayores-de-45-anos-requeriran-vacunacion-completa-desde-este-lunes-nndc-peru\/","title":{"rendered":"Viajes interprovinciales: mayores de 45 a\u00f1os requerir\u00e1n vacunaci\u00f3n completa desde este lunes nndc | PERU"},"content":{"rendered":"<p> <br \/>\n<\/p>\n<div>\n<p><time datetime=\"2021-11-15T06:56:00-05:00\">Actualizado el 15\/11\/2021 06:56 a.m.<\/time><\/p>\n<\/div>\n<div id=\"contenedor\">\n<section>\n<p itemprop=\"description\" class=\"story-content__font--secondary mb-25 title-xs line-h-md mt-20 secondary-font pr-20\"><b>A partir de este lunes 15 de noviembre, seg\u00fan lo dispuesto en el <\/b><a rel=\"nofollow noopener\" target=\"_blank\" itemprop=\"url\" href=\"https:\/\/busquedas.elperuano.pe\/normaslegales\/decreto-supremo-que-prorroga-el-estado-de-emergencia-naciona-decreto-supremo-n-167-2021-pcm-2006935-1\/\"><b>Decreto Supremo 167-2021-PCM<\/b><\/a><b>, los pasajeros del servicio de transporte interprovincial terrestre mayores de 45 a\u00f1os solo podr\u00e1n abordar si acreditan sus dos dosis de la vacuna contra el COVID-19.<\/b><\/p>\n<p itemprop=\"description\" class=\"story-content__font--secondary mb-25 title-xs line-h-md mt-20 secondary-font pr-20\">Seg\u00fan la norma, esto cumple para los cuatro niveles de alerta (moderado, alto, muy alto y extremo); adem\u00e1s, sirve para fomentar la vacunaci\u00f3n contra el coronavirus (COVID-19), seg\u00fan lo indicado por el ministro de Salud, Hernando Cevallos.<\/p>\n<p itemprop=\"description\" class=\"story-content__font--secondary mb-25 title-xs line-h-md mt-20 secondary-font pr-20\">Cevallos remarc\u00f3 que muchas personas deben realizar viajes de largas horas en el inside de un bus y que <b>el objetivo es que, al ser eventualmente contagiados, no desarrollen complicaciones de la enfermedad.<\/b><\/p>\n<p itemprop=\"description\" class=\"story-content__font--secondary mb-25 title-xs line-h-md mt-20 secondary-font pr-20\"><i><b>\u201cSi bien la vacuna es voluntaria, no tiene ning\u00fan ciudadano derecho a contagiar a otro ciudadano<\/b><\/i><i>. Al no estar vacunado las posibilidades de contagio son mayores\u201d<\/i>, expres\u00f3 sobre esta medida.<\/p>\n<p itemprop=\"description\" class=\"story-content__font--secondary mb-25 title-xs line-h-md mt-20 secondary-font pr-20\"><i>\u201cSi uno viaja en un \u00f3mnibus interprovincial, que tiene que viajar varias horas, con una persona que se sienta al lado, tienes el derecho a tener menos posibilidades de que te contagie<\/i>\u201d, agreg\u00f3 sobre el tema.<\/p>\n<p itemprop=\"description\" class=\"story-content__font--secondary mb-25 title-xs line-h-md mt-20 secondary-font pr-20\">De lado, otra medida que entrar\u00e1 en vigencia desde este<b> lunes 15 de noviembre, indica que los trabajadores del sector salud deber\u00e1n tener la vacunaci\u00f3n completa <\/b>para cumplir sus labores de manera presencial en sus centros de trabajo.<\/p>\n<h2 class=\"\"><b>-Toque de queda-<\/b><\/h2>\n<p itemprop=\"description\" class=\"story-content__font--secondary mb-25 title-xs line-h-md mt-20 secondary-font pr-20\">De acuerdo con el dispositivo authorized, el toque de queda (inmovilizaci\u00f3n social obligatoria) en Lima y Callao ahora comenzar\u00e1 a la 2 de la madrugada y va hasta las 4 de la ma\u00f1ana del d\u00eda siguiente.<\/p>\n<p itemprop=\"description\" class=\"story-content__font--secondary mb-25 title-xs line-h-md mt-20 secondary-font pr-20\">Vale recordar que hasta el domingo 16 de octubre la medida restrictiva iniciaba a la 1 de la ma\u00f1ana, y hasta el 3 de septiembre, empezaba a la medianoche.<\/p>\n<p itemprop=\"description\" class=\"story-content__font--secondary mb-25 title-xs line-h-md mt-20 secondary-font pr-20\">Por otro lado, este fin de semana se brindar\u00e1 facilidades para movilizaci\u00f3n durante la madrugada para el grupo que personas que tienen programadas la aplicaci\u00f3n de dosis de vacunas contra el COVID-19.<\/p>\n<h2 class=\"\"><b>-Autos particulares podr\u00e1n circular-<\/b><\/h2>\n<p itemprop=\"description\" class=\"story-content__font--secondary mb-25 title-xs line-h-md mt-20 secondary-font pr-20\">Lima y Callao no tienen la restricci\u00f3n de uso de autos particulares los domingos, mientras que el transporte interprovincial en ambos lugares funcionar\u00e1 sin restricciones. Esto quiere decir que el domingos 14 de noviembre estar\u00e1 permitido la salida de autos.<\/p>\n<h2 class=\"\"><mark class=\"hl_yellow\"><b>VIDEO RECOMENDADO<\/b><\/mark><\/h2>\n<div class=\"jwplayer-lazy\" id=\"bS3sDYNg\" data-hasads=\"1\" data-playerid=\"239Bw0FV\"><img src=\"https:\/\/gestion.pe\/resizer\/UySLiLHDph1NwfQgd9-lD7GqjSs=\/580x326\/smart\/filters:format(jpeg):quality(75)\/cdn.jwplayer.com\/v2\/media\/bS3sDYNg\/poster.jpg\" alt=\"Venta del avi\u00f3n presidencial: Per\u00fa y otros pa\u00edses que intentaron realizar esta acci\u00f3n\" decoding=\"async\" id=\"image_bS3sDYNg\" class=\"lazy \" style=\"width:100%\"\/><\/div><figcaption class=\"story-content__caption\">El presidente de la Rep\u00fablica, Pedro Castillo, anunci\u00f3, desde Ayacucho, que pondr\u00e1 a la venta el avi\u00f3n presidencial como parte de una serie de medidas de austeridad. Los recursos obtenidos ser\u00e1n destinados a la salud y educaci\u00f3n de los ni\u00f1os y ni\u00f1as del Per\u00fa. <a rel=\"nofollow noopener\" target=\"_blank\" href=\"\"><\/figcaption><\/section>\n<\/div>\n\n<p><em> &#8221; Fuentes gestion.pe &#8221; <\/em><\/p>\n","protected":false},"excerpt":{"rendered":"<p>Actualizado el 15\/11\/2021 06:56 a.m. A partir de este lunes 15 de noviembre, seg\u00fan lo dispuesto en el Decreto Supremo 167-2021-PCM, los pasajeros del servicio de transporte interprovincial terrestre mayores de 45 a\u00f1os solo podr\u00e1n abordar si acreditan sus dos dosis de la vacuna contra el COVID-19. Seg\u00fan la norma, esto cumple para los cuatro [&hellip;]<\/p>\n","protected":false},"author":4,"featured_media":226968,"comment_status":"open","ping_status":"closed","sticky":false,"template":"","format":"standard","meta":{"om_disable_all_campaigns":false,"jnews-multi-image_gallery":[],"jnews_single_post":[],"jnews_primary_category":[],"jnews_social_meta":[],"footnotes":""},"categories":[39],"tags":[55,510,12368],"class_list":["post-226967","post","type-post","status-publish","format-standard","has-post-thumbnail","hentry","category-viajes","tag-coronavirus","tag-covid-19","tag-viajes-interprovinciales"],"_links":{"self":[{"href":"https:\/\/dimensionturistica.com\/es\/wp-json\/wp\/v2\/posts\/226967","targetHints":{"allow":["GET"]}}],"collection":[{"href":"https:\/\/dimensionturistica.com\/es\/wp-json\/wp\/v2\/posts"}],"about":[{"href":"https:\/\/dimensionturistica.com\/es\/wp-json\/wp\/v2\/types\/post"}],"author":[{"embeddable":true,"href":"https:\/\/dimensionturistica.com\/es\/wp-json\/wp\/v2\/users\/4"}],"replies":[{"embeddable":true,"href":"https:\/\/dimensionturistica.com\/es\/wp-json\/wp\/v2\/comments?post=226967"}],"version-history":[{"count":0,"href":"https:\/\/dimensionturistica.com\/es\/wp-json\/wp\/v2\/posts\/226967\/revisions"}],"wp:featuredmedia":[{"embeddable":true,"href":"https:\/\/dimensionturistica.com\/es\/wp-json\/wp\/v2\/media\/226968"}],"wp:attachment":[{"href":"https:\/\/dimensionturistica.com\/es\/wp-json\/wp\/v2\/media?parent=226967"}],"wp:term":[{"taxonomy":"category","embeddable":true,"href":"https:\/\/dimensionturistica.com\/es\/wp-json\/wp\/v2\/categories?post=226967"},{"taxonomy":"post_tag","embeddable":true,"href":"https:\/\/dimensionturistica.com\/es\/wp-json\/wp\/v2\/tags?post=226967"}],"curies":[{"name":"wp","href":"https:\/\/api.w.org\/{rel}","templated":true}]}}