{"id":226764,"date":"2021-11-15T22:05:43","date_gmt":"2021-11-15T22:05:43","guid":{"rendered":"https:\/\/dimensionturistica.com\/es\/?p=226764"},"modified":"2021-11-15T22:05:43","modified_gmt":"2021-11-15T22:05:43","slug":"marrero-cruz-cuba-seguira-siendo-un-destino-de-turismo-de-paz","status":"publish","type":"post","link":"https:\/\/dimensionturistica.com\/es\/marrero-cruz-cuba-seguira-siendo-un-destino-de-turismo-de-paz\/","title":{"rendered":"Marrero Cruz: Cuba seguir\u00e1 siendo un destino de turismo de paz"},"content":{"rendered":"<p> <br \/>\n<\/p>\n<div>\n<div id=\"attachment_1647143\" style=\"width: 580px\" class=\"wp-caption aligncenter size-large wp-image-1647143\"><img decoding=\"async\" class=\"size-large wp-image-1647143\" src=\"http:\/\/media.cubadebate.cu\/wp-content\/uploads\/2021\/11\/DSC_4520-580x435.jpg\" alt=\"\" width=\"580\" height=\"435\" srcset=\"http:\/\/media.cubadebate.cu\/wp-content\/uploads\/2021\/11\/DSC_4520-580x435.jpg 580w,http:\/\/media.cubadebate.cu\/wp-content\/uploads\/2021\/11\/DSC_4520-768x576.jpg 768w\" sizes=\"(max-width: 580px) 100vw, 580px\"\/><\/p>\n<p class=\"wp-caption-text\">Reinicio oficial de las operaciones tur\u00edsticas y la reapertura de fronteras a los viajeros internacionales. Foto: Estudios Revoluci\u00f3n.<\/p>\n<\/div>\n<p><strong>\u201cCuba continuar\u00e1 siendo un destino de turismo de paz\u201d,<\/strong> ratific\u00f3 el miembro del Bur\u00f3 Pol\u00edtico y jefe del Gobierno de la Rep\u00fablica, Manuel Marrero Cruz, en el acto por el reinicio oficial de las operaciones tur\u00edsticas para los mercados nacional y extranjero y la <a rel=\"nofollow noopener\" target=\"_blank\" href=\"http:\/\/www.cubadebate.cu\/noticias\/2021\/11\/15\/cuba-abre-fronteras-al-turismo-internacional-indispensable-para-la-recuperacion-de-su-economia\/\">reapertura de las fronteras<\/a> a los visitantes internacionales.<\/p>\n<p>Junto al miembro del Secretariado del Comit\u00e9 Central del Partido Comunista y jefe del departamento Productivo de Bienes y Servicios, F\u00e9lix Duarte Ortega, el Primer Ministro acudi\u00f3 al Lodge Nacional de Cuba, donde se reunieron para dar la arrancada a la industria del ocio en la \u201cera de la nueva normalidad\u201d, trabajadores y directivos del sector, y ejecutivos de las cadenas hoteleras internacionales que operan en la Isla.<\/p>\n<blockquote>\n<p>Juan Carlos Garc\u00eda Granda, ministro de Turismo (Mintur), inform\u00f3 que el 100% de las instalaciones del sector est\u00e1 certificado con el sello de Turismo m\u00e1s higi\u00e9nico y seguro.<\/p>\n<\/blockquote>\n<p>Se refiri\u00f3 tambi\u00e9n al estricto cumplimiento de las medidas higi\u00e9nico-sanitarias que se mantendr\u00e1 en todos los puntos de entrada al pa\u00eds, y la permanencia en cada momento de la vigilancia epidemiol\u00f3gica por private especializado.<\/p>\n<p>Se\u00f1al\u00f3 que este 15 de noviembre, reinicio de las operaciones tur\u00edsticas, <strong>estaba previsto el arribo de m\u00e1s de 20 aeronaves al aeropuerto internacional Jos\u00e9 Mart\u00ed. Al terminar el d\u00eda sumar\u00e1n m\u00e1s de 60 arribos de vuelos a las diferentes terminales \u00e1reas del pa\u00eds,<\/strong> afirm\u00f3 al recordar que este ser\u00e1 un proceso paulatino, de continuo crecimiento, que a fines de a\u00f1os debe representar m\u00e1s de 400 vuelos semanales.<\/p>\n<p>Garc\u00eda Granda ratific\u00f3 la celebraci\u00f3n de la IV Cumbre Iberoamericana de Turismo Accesible entre el 15 y el 17 de diciembre pr\u00f3ximo en el ic\u00f3nico Lodge Nacional de Cuba, a la que asistir\u00e1n prestadores de servicios, organismos p\u00fablicos, universidades, usuarios y otros involucrados en este sector.<\/p>\n<p>En nombre del empresariado nacional del sector, Carlos Miguel Latuff Carmenate, presidente del grupo de turismo Gaviota, se refiri\u00f3 a las transformaciones y mejoras acometidas en instalaciones hoteleras, extra-hoteleras y en la infraestructura tur\u00edstica, con el protagonismo de los trabajadores del ramo, as\u00ed como de otras entidades estatales y no estatales.<\/p>\n<p>Abord\u00f3 la capacitaci\u00f3n desarrollada durante el per\u00edodo y para el reinicio de las operaciones tur\u00edsticas, la vigilancia epidemiol\u00f3gica que se desarrollar\u00e1, y a la vacunaci\u00f3n anti COVID-19, con vacunas cubanas, de los trabajadores que laboran en todos los destinos y empresas del sector.<\/p>\n<p>Como muestra de la revitalizaci\u00f3n de la actividad, anunci\u00f3 la celebraci\u00f3n, entre el 7 y el 12 de diciembre venidero, en Cayo Santamar\u00eda, Jardines del Rey, de la 3ra edici\u00f3n de la Bolsa tur\u00edstica Destinos Gaviota 2021. Dise\u00f1ada para acoger a turoperadores, agentes de viajes, agencias minoristas y hoteleros, ya tiene confirmada la asistencia de m\u00e1s de 600 actores tur\u00edsticos.<\/p>\n<p>V\u00edctor Lemay, secretario common del Sindicato Nacional de Hoteler\u00eda y Turismo, denunci\u00f3 el arreciamiento del bloqueo econ\u00f3mico, comercial y financiero del gobierno de Estados Unidos contra el pueblo cubano y reiter\u00f3 la condena de los trabajadores del sector a los ataques contra la Revoluci\u00f3n cubana en los momentos actuales.<\/p>\n<blockquote>\n<p>Llam\u00f3 a realizar un mayor esfuerzo y a enfrentar estas agresiones incrementando los ingresos por la exportaci\u00f3n de servicios tur\u00edsticos, y elevando su calidad, la que debe estar \u2014subray\u00f3\u2014 a la altura de la hospitalidad del pueblo cubano.<\/p>\n<\/blockquote>\n<p>En un saludo a los asistentes al acto de reapertura oficial al turismo nacional e internacional, el Primer Ministro, Manuel Marrero Cruz, reconoci\u00f3 la labor de las trabajadoras y trabajadores del sector para reabrir sus instalaciones en mejores condiciones, a fin de ofrecer un servicio de mayor calidad, m\u00e1s amplio y m\u00e1s diverso.<\/p>\n<p>Marrero Cruz agradeci\u00f3, sobre todas las cosas \u2014dijo\u2014 \u201cal pueblo de Cuba, que es \u2014seg\u00fan siempre indican las encuestas\u2014 el principal anfitri\u00f3n y principal motor de satisfacci\u00f3n para el turismo internacional por su cultura y hospitalidad\u201d.<\/p>\n<div id=\"attachment_1647145\" style=\"width: 580px\" class=\"wp-caption aligncenter size-large wp-image-1647145\"><img decoding=\"async\" class=\"size-large wp-image-1647145\" src=\"http:\/\/media.cubadebate.cu\/wp-content\/uploads\/2021\/11\/P1070166-580x435.jpg\" alt=\"\" width=\"580\" height=\"435\" srcset=\"http:\/\/media.cubadebate.cu\/wp-content\/uploads\/2021\/11\/P1070166-580x435.jpg 580w,http:\/\/media.cubadebate.cu\/wp-content\/uploads\/2021\/11\/P1070166-768x576.jpg 768w\" sizes=\"(max-width: 580px) 100vw, 580px\"\/><\/p>\n<p class=\"wp-caption-text\">Reinicio oficial de las operaciones tur\u00edsticas y la reapertura de fronteras a los viajeros internacionales. Foto: Estudios Revoluci\u00f3n.<\/p>\n<\/div>\n<div id=\"attachment_1647144\" style=\"width: 580px\" class=\"wp-caption aligncenter size-large wp-image-1647144\"><img decoding=\"async\" class=\"size-large wp-image-1647144\" src=\"http:\/\/media.cubadebate.cu\/wp-content\/uploads\/2021\/11\/P1070130-580x435.jpg\" alt=\"\" width=\"580\" height=\"435\" srcset=\"http:\/\/media.cubadebate.cu\/wp-content\/uploads\/2021\/11\/P1070130-580x435.jpg 580w,http:\/\/media.cubadebate.cu\/wp-content\/uploads\/2021\/11\/P1070130-768x576.jpg 768w\" sizes=\"(max-width: 580px) 100vw, 580px\"\/><\/p>\n<p class=\"wp-caption-text\">Reinicio oficial de las operaciones tur\u00edsticas y la reapertura de fronteras a los viajeros internacionales. Foto: Estudios Revoluci\u00f3n.<\/p>\n<\/div>\n<div id=\"attachment_1647146\" style=\"width: 580px\" class=\"wp-caption aligncenter size-large wp-image-1647146\"><img decoding=\"async\" class=\"size-large wp-image-1647146\" src=\"http:\/\/media.cubadebate.cu\/wp-content\/uploads\/2021\/11\/DSC_4417-580x435.jpg\" alt=\"\" width=\"580\" height=\"435\" srcset=\"http:\/\/media.cubadebate.cu\/wp-content\/uploads\/2021\/11\/DSC_4417-580x435.jpg 580w,http:\/\/media.cubadebate.cu\/wp-content\/uploads\/2021\/11\/DSC_4417-768x576.jpg 768w\" sizes=\"(max-width: 580px) 100vw, 580px\"\/><\/p>\n<p class=\"wp-caption-text\">Reinicio oficial de las operaciones tur\u00edsticas y la reapertura de fronteras a los viajeros internacionales. Foto: Estudios Revoluci\u00f3n.<\/p>\n<\/div>\n<div id=\"attachment_1647140\" style=\"width: 580px\" class=\"wp-caption aligncenter size-large wp-image-1647140\"><img decoding=\"async\" class=\"size-large wp-image-1647140\" src=\"http:\/\/media.cubadebate.cu\/wp-content\/uploads\/2021\/11\/DSC_4402-580x435.jpg\" alt=\"\" width=\"580\" height=\"435\"\/><\/p>\n<p class=\"wp-caption-text\">Primer Ministro. Foto: Estudios Revoluci\u00f3n.<\/p>\n<\/div>\n<div id=\"attachment_1647141\" style=\"width: 580px\" class=\"wp-caption aligncenter size-large wp-image-1647141\"><img decoding=\"async\" class=\"size-large wp-image-1647141\" src=\"http:\/\/media.cubadebate.cu\/wp-content\/uploads\/2021\/11\/DSC_4488-580x435.jpg\" alt=\"\" width=\"580\" height=\"435\" srcset=\"http:\/\/media.cubadebate.cu\/wp-content\/uploads\/2021\/11\/DSC_4488-580x435.jpg 580w,http:\/\/media.cubadebate.cu\/wp-content\/uploads\/2021\/11\/DSC_4488-768x576.jpg 768w\" sizes=\"(max-width: 580px) 100vw, 580px\"\/><\/p>\n<p class=\"wp-caption-text\">Reinicio oficial de las operaciones tur\u00edsticas y la reapertura de fronteras a los viajeros internacionales. Foto: Estudios Revoluci\u00f3n.<\/p>\n<\/div>\n<div id=\"attachment_1647142\" style=\"width: 580px\" class=\"wp-caption aligncenter size-large wp-image-1647142\"><img decoding=\"async\" class=\"size-large wp-image-1647142\" src=\"http:\/\/media.cubadebate.cu\/wp-content\/uploads\/2021\/11\/DSC_4497-580x435.jpg\" alt=\"\" width=\"580\" height=\"435\" srcset=\"http:\/\/media.cubadebate.cu\/wp-content\/uploads\/2021\/11\/DSC_4497-580x435.jpg 580w,http:\/\/media.cubadebate.cu\/wp-content\/uploads\/2021\/11\/DSC_4497-768x576.jpg 768w\" sizes=\"(max-width: 580px) 100vw, 580px\"\/><\/p>\n<p class=\"wp-caption-text\">Reinicio oficial de las operaciones tur\u00edsticas y la reapertura de fronteras a los viajeros internacionales. Foto: Estudios Revoluci\u00f3n.<\/p>\n<\/div>\n<div id=\"attachment_1647149\" style=\"width: 580px\" class=\"wp-caption aligncenter size-large wp-image-1647149\"><img decoding=\"async\" class=\"size-large wp-image-1647149\" src=\"http:\/\/media.cubadebate.cu\/wp-content\/uploads\/2021\/11\/DSC_4382-580x387.jpg\" alt=\"\" width=\"580\" height=\"387\" srcset=\"http:\/\/media.cubadebate.cu\/wp-content\/uploads\/2021\/11\/DSC_4382-580x387.jpg 580w,http:\/\/media.cubadebate.cu\/wp-content\/uploads\/2021\/11\/DSC_4382-768x512.jpg 768w\" sizes=\"(max-width: 580px) 100vw, 580px\"\/><\/p>\n<p class=\"wp-caption-text\">Reinicio oficial de las operaciones tur\u00edsticas y la reapertura de fronteras a los viajeros internacionales. Foto: Estudios Revoluci\u00f3n.<\/p>\n<\/div>\n<div id=\"attachment_1647150\" style=\"width: 580px\" class=\"wp-caption aligncenter size-large wp-image-1647150\"><img decoding=\"async\" class=\"size-large wp-image-1647150\" src=\"http:\/\/media.cubadebate.cu\/wp-content\/uploads\/2021\/11\/DSC_4347-580x387.jpg\" alt=\"\" width=\"580\" height=\"387\" srcset=\"http:\/\/media.cubadebate.cu\/wp-content\/uploads\/2021\/11\/DSC_4347-580x387.jpg 580w,http:\/\/media.cubadebate.cu\/wp-content\/uploads\/2021\/11\/DSC_4347-768x512.jpg 768w\" sizes=\"(max-width: 580px) 100vw, 580px\"\/><\/p>\n<p class=\"wp-caption-text\">Reinicio oficial de las operaciones tur\u00edsticas y la reapertura de fronteras a los viajeros internacionales. Foto: Estudios Revoluci\u00f3n.<\/p>\n<\/div>\n<div id=\"attachment_1647151\" style=\"width: 580px\" class=\"wp-caption aligncenter size-large wp-image-1647151\"><img decoding=\"async\" class=\"size-large wp-image-1647151\" src=\"http:\/\/media.cubadebate.cu\/wp-content\/uploads\/2021\/11\/DSC_4346-580x387.jpg\" alt=\"\" width=\"580\" height=\"387\" srcset=\"http:\/\/media.cubadebate.cu\/wp-content\/uploads\/2021\/11\/DSC_4346-580x387.jpg 580w,http:\/\/media.cubadebate.cu\/wp-content\/uploads\/2021\/11\/DSC_4346-768x512.jpg 768w\" sizes=\"(max-width: 580px) 100vw, 580px\"\/><\/p>\n<p class=\"wp-caption-text\">Reinicio oficial de las operaciones tur\u00edsticas y la reapertura de fronteras a los viajeros internacionales. Foto: Estudios Revoluci\u00f3n.<\/p>\n<\/div>\n<div id=\"attachment_1647152\" style=\"width: 580px\" class=\"wp-caption aligncenter size-large wp-image-1647152\"><img decoding=\"async\" class=\"size-large wp-image-1647152\" src=\"http:\/\/media.cubadebate.cu\/wp-content\/uploads\/2021\/11\/DSC_4321-580x387.jpg\" alt=\"\" width=\"580\" height=\"387\" srcset=\"http:\/\/media.cubadebate.cu\/wp-content\/uploads\/2021\/11\/DSC_4321-580x387.jpg 580w,http:\/\/media.cubadebate.cu\/wp-content\/uploads\/2021\/11\/DSC_4321-768x512.jpg 768w\" sizes=\"(max-width: 580px) 100vw, 580px\"\/><\/p>\n<p class=\"wp-caption-text\">Reinicio oficial de las operaciones tur\u00edsticas y la reapertura de fronteras a los viajeros internacionales. Foto: Estudios Revoluci\u00f3n.<\/p>\n<\/div><\/div>\n\n<p><em> &#8221; Fuentes www.cubadebate.cu &#8221; <\/em><\/p>\n","protected":false},"excerpt":{"rendered":"<p>Reinicio oficial de las operaciones tur\u00edsticas y la reapertura de fronteras a los viajeros internacionales. Foto: Estudios Revoluci\u00f3n. \u201cCuba continuar\u00e1 siendo un destino de turismo de paz\u201d, ratific\u00f3 el miembro del Bur\u00f3 Pol\u00edtico y jefe del Gobierno de la Rep\u00fablica, Manuel Marrero Cruz, en el acto por el reinicio oficial de las operaciones tur\u00edsticas para [&hellip;]<\/p>\n","protected":false},"author":4,"featured_media":226765,"comment_status":"open","ping_status":"closed","sticky":false,"template":"","format":"standard","meta":{"om_disable_all_campaigns":false,"jnews-multi-image_gallery":[],"jnews_single_post":[],"jnews_primary_category":[],"jnews_social_meta":[],"footnotes":""},"categories":[40],"tags":[715,705],"class_list":["post-226764","post","type-post","status-publish","format-standard","has-post-thumbnail","hentry","category-industria","tag-economia","tag-noticias"],"_links":{"self":[{"href":"https:\/\/dimensionturistica.com\/es\/wp-json\/wp\/v2\/posts\/226764","targetHints":{"allow":["GET"]}}],"collection":[{"href":"https:\/\/dimensionturistica.com\/es\/wp-json\/wp\/v2\/posts"}],"about":[{"href":"https:\/\/dimensionturistica.com\/es\/wp-json\/wp\/v2\/types\/post"}],"author":[{"embeddable":true,"href":"https:\/\/dimensionturistica.com\/es\/wp-json\/wp\/v2\/users\/4"}],"replies":[{"embeddable":true,"href":"https:\/\/dimensionturistica.com\/es\/wp-json\/wp\/v2\/comments?post=226764"}],"version-history":[{"count":0,"href":"https:\/\/dimensionturistica.com\/es\/wp-json\/wp\/v2\/posts\/226764\/revisions"}],"wp:featuredmedia":[{"embeddable":true,"href":"https:\/\/dimensionturistica.com\/es\/wp-json\/wp\/v2\/media\/226765"}],"wp:attachment":[{"href":"https:\/\/dimensionturistica.com\/es\/wp-json\/wp\/v2\/media?parent=226764"}],"wp:term":[{"taxonomy":"category","embeddable":true,"href":"https:\/\/dimensionturistica.com\/es\/wp-json\/wp\/v2\/categories?post=226764"},{"taxonomy":"post_tag","embeddable":true,"href":"https:\/\/dimensionturistica.com\/es\/wp-json\/wp\/v2\/tags?post=226764"}],"curies":[{"name":"wp","href":"https:\/\/api.w.org\/{rel}","templated":true}]}}